{"id":3489,"date":"2025-04-07T18:17:46","date_gmt":"2025-04-07T18:17:46","guid":{"rendered":"https:\/\/hre-official.com\/?p=3489"},"modified":"2025-04-07T18:17:49","modified_gmt":"2025-04-07T18:17:49","slug":"%d8%a7%d8%b3%d8%aa%d8%b4%d9%87%d8%a7%d8%af-%d8%a7%d8%ad%d8%af-%d8%b1%d9%81%d8%a7%d9%82%d9%86%d8%a7-%d8%a7%d9%84%d8%b4%d9%87%d9%8a%d8%af-%d8%ae%d9%8a%d8%b1%d9%8a-%d9%83%d8%a7%d8%b1%d9%83%d8%b1","status":"publish","type":"post","link":"https:\/\/hre-official.com\/?p=3489","title":{"rendered":"\u0627\u0633\u062a\u0634\u0647\u0627\u062f \u0627\u062d\u062f \u0631\u0641\u0627\u0642\u0646\u0627 \u0627\u0644\u0634\u0647\u064a\u062f \u062e\u064a\u0631\u064a \u0643\u0627\u0631\u0643\u0631"},"content":{"rendered":"\n<p>Ji \u00c7apemen\u00ee \u00fb Raya Gi\u015ft\u00ee re<\/p>\n\n\n\n<p>Em heval\u00ea xwe Xeyr\u00ee Karker bi nav\u00ea xwe y\u00ea rast Serhat Nergiz ku di 26\u2019\u00ea P\u00fb\u015fpera 2024\u2019an de dema li ser erka xwe di encama qezayek\u00ea de digih\u00eaje \u015fahadet\u00ea bi b\u00eer t\u00eenin. Em heval\u00ea xwe Xeyr\u00ee Karker ku di oxira welatek\u00ee azad \u00fb serbixwe de giha\u015ft \u015fehadet\u00ea bi hurmet \u00fb r\u00eazdar\u00ee b\u00eert\u00eenin, di ser\u00ee de ji bo malbata h\u00eaja ya Nergiz em sersaxiy\u00ea ji tevah\u00ee gel\u00ea xwe re dixwazin \u00fb\u00a0di \u015fexs\u00ea heval\u00ea Xeyr\u00ee Karker de, soza xwe ya \u015fopandina r\u00eaya \u015feh\u00eedan d\u00fbbare dikin.\u00a0<\/p>\n\n\n\n<p>Heval\u00ea Xeyr\u00ee Karker ku li war\u00ea lehengan, li dil\u00ea&nbsp; Botan\u2019a reng\u00een&nbsp; di nava malbateke welatpar\u00eaz de di sala 1998\u2019an de ji dayik dibe. Bi hestt\u00ean welatpar\u00eaziy\u00ea mezin dibe. Lewra malbata xwe ji sal\u00ean destp\u00eak\u00ea de r\u00eaxistin\u00ea dinase \u00fb bi welatperweriya xwe ve t\u00ea nas\u00een.&nbsp; Heval\u00ea Xeyr\u00ee ji zarokaniya xwe ve bi \u00e7\u00eerok\u00ean qehremaniy\u00ea y\u00ea t\u00eako\u015fer\u00ean welat\u00ea xwe ve mezin dibe. Di nav sal\u00ean xwe y\u00ean ciwantiy\u00ea de ji destan\u00ean \u015fore\u015fa Rojava \u00eelham digre \u00fb di temenek ciwan de dest bi l\u00eager\u00eena xwe ya azadiy\u00ea dike. Herwiha Di p\u00eavajoya \u015fer\u00ea bajaran a ku YPS li Bakur\u00ea Kurdistan\u00ea girt\u00ee li ser mil\u00ea xwe ji n\u00eaz ve \u015fopand. Li bajar\u00ea \u015eirnex\u00ea pakrewan\u00ee, hevalt\u00ee \u00fb t\u00eako\u015feriya Eg\u00eed \u00fb Z\u00eelan\u2019\u00ean hemdem ji n\u00eaz ve d\u00eet \u00fb bandor b\u00fb. Ji mil\u00ea din j\u00ee d\u00eemen\u00ean qetliyama di j\u00earzem\u00een\u00ean Ciz\u00eera Botan di dil \u00fb mejiy\u00ea heval\u00ea Karker de tov\u00ean tolhildan\u00ea \u00e7and. Heval\u00ea Xeyr\u00ee Karker ku ji n\u00eaz ve dibe \u015fahid\u00ea kiryar\u00ean dewleta Tirk a dagirker, biryara tolhildan\u00ea digre \u00fb di sala&nbsp; 2019\u2019an de li Bajar\u00ea Wan\u00ea ber\u00ea xwe dide nava ref\u00ean azadiy\u00ea.&nbsp;<\/p>\n\n\n\n<p>Pi\u015ft\u00ee tevl\u00eeb\u00fbna xwe \u015f\u00fbnde bi p\u00ea\u015fniyara xwe ber\u00ea xwe dide qada cenga azadiy\u00ea ango Rojavay\u00ea Kurdistan\u00ea. Li vir tevl\u00ee reng\u00ean azad\u00ee, hevalt\u00ee \u00fb perwerdey\u00ean r\u00eaxistin\u00ee dibe. Di heman sala tevl\u00eeb\u00fby\u00ee de tevl\u00ee perwerdeya \u015e.El\u00ee \u00c7\u00ee\u00e7ek dibe \u00fb li vir digih\u00ea h\u00eaza xwe ya ciwantiy\u00ea. Heval\u00ea Xeyr\u00ee, sal bi sal bi tevl\u00eeb\u00fbna xwe ya t\u00eako\u015f\u00een \u00fb jiyan\u00ea dibe sedem ku kesayeta xwe \u015fareza \u00fb bi v\u00een bike. Di hem\u00fb k\u00ealiy\u00ean jiyana xwe de bi berpirsyar\u00ee tevdigere \u00fb dibe m\u00eenaka \u015fore\u015fgertiya dem\u00ea. R\u00eageza; \u201cMe bi ciwant\u00ee destp\u00ea kir \u00fb em\u00ea bi ciwant\u00ee serbixin\u201d ji bo xwe esas digre \u00fb di nava demeke kin de berpirsyariy\u00ean giran digire li ser mil\u00ean xwe.<\/p>\n\n\n\n<p>Ji D\u00earika Hemko heta Girk\u00ea Leg\u00ea, Qami\u015flo \u00fb Koban\u00ea li seranser\u00ea Rojavay\u00ea Kurdistan\u00ea di nav xebat\u00ean komal\u00ean ciwan de kar \u00fb xebat\u00ean xwe b\u00earawestan didom\u00eene. Bi exlaq, \u00e7and \u00fb xitabeta ji r\u00eaxistin\u00ea girt\u00ee dil\u00ea bi sedan ciwanan li r\u00eaxistin\u00ea germ dike \u00fb bi hevre ber\u00ea xwe didin kar \u00fb xebatan. L\u00ea heval\u00ea Xeyr\u00ee, her dem ji bo eniy\u00ean \u015fer xwe p\u00ea\u015fniyar dike ku h\u00eav\u00ee \u00fb hesret\u00ean salan ku di dil\u00ea xwe de mezin kir\u00ee p\u00eak b\u00eene. Ji boy\u00ee v\u00ea di sala 2020\u2019an de tevl\u00ee perwerdeya \u015eeh\u00eet Mawa Tolhildan. Heval\u00ea Xeyr\u00ee \u00ead\u00ee \u015fore\u015fger\u00ee piral\u00ee \u00fb xwed\u00ee cerib\u00een e. Her wiha dil\u00ea W\u00ee ji bo her qadeke welat ku tola sedsalan rake l\u00eadide. Di jiyan\u00ea de ji bo tevah\u00ee hevr\u00eay\u00ean xwe dibe \u00e7avkaniya co\u015f \u00fb kelecan\u00ea. Di jiyana xwe de bi dis\u00eepl\u00een, di r\u00eabaz\u00ean xwe de prat\u00eekb\u00fbn\u00ea esas digire \u00fb di \u00e7\u00fby\u00eena her erkek\u00ea de xwe \u00fb r\u00eaxistina xwe bi serkeftin\u00ea tac\u00eedar dike. Di demeke kurt de, di jiyan \u00fb xebatan de dibe p\u00ea\u015feng \u00fb weke bay\u00ea li l\u00fbtkeya \u00e7iyay\u00ean azad bi lez tevdigere.<\/p>\n\n\n\n<p>Heval\u00ea me Xeyr\u00ee Karker, di sala 2023\u2019yan de bi p\u00ea\u015fniyara xwe tevl\u00ee perwerdeya bran\u015fa sabotaj\u00ea dibe. Di v\u00ea perwerdey\u00ea de bi hem\u00fb heb\u00fbna xwe tevl\u00ee perwerd\u00ea dibe \u00fb dibe \u015fagirdek\u00ee serkeft\u00ee. Bi sebr, meraq \u00fb kelecana xwe ya f\u00earb\u00fbn\u00ea ji akademiya sabotaj\u00ea bi awayek\u00ee serkeft\u00ee derbas dibe \u00fb ber\u00ea xwe dide qad\u00ean \u015fer.<\/p>\n\n\n\n<p>Heval\u00ea me Xeyr\u00ee bi zaneb\u00fbn \u00fb bran\u015fa xwe ya le\u015fker\u00ee di nav h\u00eaz\u00ean HRE\u2019y\u00ea de cih\u00ea xwe digire. Ti car\u00ee dagirkirina Efr\u00een\u00ea qeb\u00fbl nekir. Bi sed hezaran \u015f\u00eaniy\u00ean Efr\u00een\u00ea li ber \u00e7av\u00ean wan ko\u00e7ber b\u00fbn. Heval Xeyr\u00ee ji bo azadiya Efr\u00een\u00ea tevl\u00ee nava ref\u00ean HRE b\u00fb.&nbsp;<\/p>\n\n\n\n<p>Ji bo gel\u00ea Efr\u00een\u00ea vegerin bajar\u00ea xwe w\u00ea roleke akt\u00eef l\u00eest. Bi heval\u00ean xwe re gelek \u00e7alakiyan li dar dixe. Gir\u00eaday\u00ee her\u00eam\u00ean ku HRE l\u00ea dim\u00eene, tev\u00ee heval\u00ean xwe gelek \u00e7alakiyan lidar dixin \u00fb derb\u00ean giran li dijmin didin. Di van \u00e7alakiyan de bi takt\u00eeka xwe ya sabotaj\u00ea bi dehan le\u015fker \u00fb \u00e7etey\u00ean art\u00ea\u015fa Tirk a dagirker t\u00ean ceza kirin.<\/p>\n\n\n\n<p>Heval\u00ea me Xeyr\u00ee Karker, dema ser erk\u00ea xwe b\u00fb, ji ber sedeme qezayek\u00ea de bir\u00eendar dibi. Hevr\u00eay\u00ean w\u00ee bi lez \u00fb bez ew radikin \u00fb dikevin r\u00eaya nexwe\u015fxan\u00ea. Digih\u00ea nexwe\u015fxan\u00ea l\u00ea ruxm\u00ee hem\u00fb hewildan\u00ean bij\u00ee\u015fkan heval\u00ea me Xeyr\u00ee Karker di d\u00eeroka 26.06.2024\u2019an de tevl\u00ee karwan\u00ean \u015feh\u00eedan dibe.&nbsp;<\/p>\n\n\n\n<p>Li ser nav\u00ea H\u00eaz\u00ean Rizgariya Efr\u00een\u00ea, di \u015fexs\u00ea heval\u00ea me \u015eeh\u00eet Xeyr\u00ee Karker de; em ji hem\u00fb \u015feh\u00eed\u00ean di oxira Kurdistaneke azad de giha\u015ftine mertebeya \u015fahadet\u00ea bi r\u00eaz \u00fb minetdar\u00ee bi b\u00eer t\u00eenin \u00fb soza p\u00eakan\u00eena armanc \u00fb xeyal\u00ean wan didin<\/p>\n\n\n\n<p>Nasnameya r\u00eahevala me&nbsp; y\u00ea \u015feh\u00eed wiha ye<\/p>\n\n\n\n<p>Nasnav: Xeyr\u00ee Karker C\u00fbd\u00ee<\/p>\n\n\n\n<p>Nav \u00fb Pa\u015fnav: Serhat Nergiz&nbsp;<\/p>\n\n\n\n<p>Nav\u00ea Dayik\u00ea: Ay\u015fe&nbsp;<\/p>\n\n\n\n<p>Nav\u00ea Bav: Sekvan<\/p>\n\n\n\n<p>Cih \u00fb D\u00eeroka \u015eehadet\u00ea: 26.06.2024<\/p>\n\n\n\n<p>H\u00eaz\u00ean Rizgariya Efr\u00een\u00ea<\/p>\n\n\n\n<p>07 gulan\u00ea 2025<\/p>\n\n\n\n<figure class=\"wp-block-image size-large\"><img loading=\"lazy\" decoding=\"async\" width=\"918\" height=\"612\" src=\"https:\/\/hre-official.com\/wp-content\/uploads\/2025\/04\/img_20250407_195605_1514526397806169255084.jpg\" alt=\"\" class=\"wp-image-3488\" srcset=\"https:\/\/hre-official.com\/wp-content\/uploads\/2025\/04\/img_20250407_195605_1514526397806169255084.jpg 918w, https:\/\/hre-official.com\/wp-content\/uploads\/2025\/04\/img_20250407_195605_1514526397806169255084-300x200.jpg 300w, https:\/\/hre-official.com\/wp-content\/uploads\/2025\/04\/img_20250407_195605_1514526397806169255084-768x512.jpg 768w\" sizes=\"auto, (max-width: 918px) 100vw, 918px\" \/><\/figure>\n\n\n\n<figure class=\"wp-block-image\"><img loading=\"lazy\" decoding=\"async\" width=\"300\" height=\"200\" src=\"https:\/\/hre-official.com\/wp-content\/uploads\/2025\/04\/img_20250407_195604_9984426895768546132835-300x200.jpg\" alt=\"\" class=\"wp-image-3487\" srcset=\"https:\/\/hre-official.com\/wp-content\/uploads\/2025\/04\/img_20250407_195604_9984426895768546132835-300x200.jpg 300w, https:\/\/hre-official.com\/wp-content\/uploads\/2025\/04\/img_20250407_195604_9984426895768546132835-768x512.jpg 768w, https:\/\/hre-official.com\/wp-content\/uploads\/2025\/04\/img_20250407_195604_9984426895768546132835.jpg 918w\" sizes=\"auto, (max-width: 300px) 100vw, 300px\" \/><\/figure>\n","protected":false},"excerpt":{"rendered":"<p>Ji \u00c7apemen\u00ee \u00fb Raya Gi\u015ft\u00ee re Em heval\u00ea xwe Xeyr\u00ee Karker bi nav\u00ea xwe y\u00ea rast Serhat Nergiz ku di 26\u2019\u00ea P\u00fb\u015fpera 2024\u2019an de dema li ser erka xwe di encama qezayek\u00ea de digih\u00eaje \u015fahadet\u00ea bi b\u00eer t\u00eenin. Em heval\u00ea xwe Xeyr\u00ee Karker ku di oxira welatek\u00ee azad \u00fb serbixwe de giha\u015ft \u015fehadet\u00ea bi hurmet &hellip;<\/p>\n","protected":false},"author":1,"featured_media":3486,"comment_status":"open","ping_status":"open","sticky":false,"template":"","format":"standard","meta":{"_jetpack_memberships_contains_paid_content":false,"footnotes":""},"categories":[26],"tags":[],"class_list":["post-3489","post","type-post","status-publish","format-standard","has-post-thumbnail","hentry","category-26"],"jetpack_featured_media_url":"https:\/\/hre-official.com\/wp-content\/uploads\/2025\/04\/IMG_20250407_195549_323-scaled.jpg","jetpack_sharing_enabled":true,"_links":{"self":[{"href":"https:\/\/hre-official.com\/index.php?rest_route=\/wp\/v2\/posts\/3489","targetHints":{"allow":["GET"]}}],"collection":[{"href":"https:\/\/hre-official.com\/index.php?rest_route=\/wp\/v2\/posts"}],"about":[{"href":"https:\/\/hre-official.com\/index.php?rest_route=\/wp\/v2\/types\/post"}],"author":[{"embeddable":true,"href":"https:\/\/hre-official.com\/index.php?rest_route=\/wp\/v2\/users\/1"}],"replies":[{"embeddable":true,"href":"https:\/\/hre-official.com\/index.php?rest_route=%2Fwp%2Fv2%2Fcomments&post=3489"}],"version-history":[{"count":1,"href":"https:\/\/hre-official.com\/index.php?rest_route=\/wp\/v2\/posts\/3489\/revisions"}],"predecessor-version":[{"id":3490,"href":"https:\/\/hre-official.com\/index.php?rest_route=\/wp\/v2\/posts\/3489\/revisions\/3490"}],"wp:featuredmedia":[{"embeddable":true,"href":"https:\/\/hre-official.com\/index.php?rest_route=\/wp\/v2\/media\/3486"}],"wp:attachment":[{"href":"https:\/\/hre-official.com\/index.php?rest_route=%2Fwp%2Fv2%2Fmedia&parent=3489"}],"wp:term":[{"taxonomy":"category","embeddable":true,"href":"https:\/\/hre-official.com\/index.php?rest_route=%2Fwp%2Fv2%2Fcategories&post=3489"},{"taxonomy":"post_tag","embeddable":true,"href":"https:\/\/hre-official.com\/index.php?rest_route=%2Fwp%2Fv2%2Ftags&post=3489"}],"curies":[{"name":"wp","href":"https:\/\/api.w.org\/{rel}","templated":true}]}}