{"id":3482,"date":"2025-02-15T19:53:19","date_gmt":"2025-02-15T19:53:19","guid":{"rendered":"https:\/\/hre-official.com\/?p=3482"},"modified":"2025-04-05T19:57:43","modified_gmt":"2025-04-05T19:57:43","slug":"ji-bo-biranina-sehid-egid-roj","status":"publish","type":"post","link":"https:\/\/hre-official.com\/?p=3482","title":{"rendered":"Ji bo b\u00eeran\u00eena \u015eeh\u00eed Eg\u00eed Roj"},"content":{"rendered":"<p style=\"text-align: left;\">Ji bo b\u00eeran\u00eena \u015feh\u00eed\u00ea \u00e7apemeniya azad Eg\u00eed Roj\u00a0 Art\u00ea\u015fa Tirk a dagirker \u00fb kom\u00ean \u00e7ete y\u00ean gir\u00eaday\u00ee w\u00ea \u00ear\u00ee\u015f\u00ean xwe y\u00ean b\u00eanavber li ser her\u00eam\u00ean bak\u00fbr \u00fb rojhilat\u00ea S\u00fbriyey\u00ea \u00fb Rojavay\u00ea Kurdistan\u00eadidom\u00eenin. Ev \u00ear\u00ee\u015f ne ten\u00ea gel \u00fb axa me, her wiha kes\u00ean ku ji bo e\u015fkerekirina s\u00fbc\u00ean dewleta dagirker b\u00eanavber dixebitin hedef digire. Rojnameger Eg\u00eed Roj di 15\u2019\u00ea Sibat\u00ea de dema xebat\u00ean siv\u00eel \u00fb berxwedana li her\u00eam\u00ea di\u015fopand, di encama \u00ear\u00ee\u015fa heway\u00ee ya art\u00ea\u015fa Tirk a li n\u00eaz\u00ee bendava Ti\u015fr\u00een\u00ea de \u015feh\u00eed b\u00fb<\/p>\n<p style=\"text-align: left;\">Eg\u00eed Roj ji rojnamevanek\u00ee w\u00eadetir, deng\u00ea heq\u00eeqet\u00ea \u00fb par\u00eazvan\u00ea gel\u00ea xwe b\u00fb. Eg\u00eed\u00ea ku law\u00ea malbatek welatpar\u00eaz a Efr\u00een\u00ee b\u00fb, di berxwedana serdem\u00ea a Efr\u00een\u00ea de di belgekirina berxwedana d\u00eerok\u00ee ya li dij\u00ee dagirkeriya dewleta Tirk de roleke sereke l\u00eest. Eg\u00eed bi n\u00fb\u00e7ey\u00ean xwe ve hewl da ku \u00e7\u00eerok\u00ean par\u00eazvan\u00ean Efr\u00een\u00ea bigih\u00eene c\u00eehan\u00ea \u00fb hov\u00eetiya dagirkeriy\u00ea raxe ber \u00e7avan. Pi\u015ft\u00ee ku Efr\u00een hate dagirkirin j\u00ee, Eg\u00eed \u015fer\u00ea xwe li \u015eehba \u00fb Heleb\u00ea berdewam kir, t\u00eako\u015f\u00eena malbat\u00ean ko\u00e7ber \u00fb k\u00ea\u015fey\u00ean rojane y\u00ean gel\u00ea me y\u00ean di bin dagirker\u00ee \u00fb dorp\u00ea\u00e7\u00ea de dij\u00een, ron\u00ee kir<\/p>\n<p style=\"text-align: left;\">Hedefkirina Eg\u00eed Roj be\u015fek ji stratejiya berfireh a Tirkiyey\u00ea ye ji bo b\u00eadengkirina kes\u00ean ku s\u00fbc\u00ean w\u00ea e\u015fkere dikin. Ji bo tepeserkirina heq\u00eeqet\u00ea \u00fb tirsandina kes\u00ean li berxwe didin gelek carankedkar\u00ean xeta \u00e7apemeniya azad b\u00fbne hedef.Hedefgirtina rojnamegeran li her \u00e7ar per\u00e7ey\u00ean Kurdistan\u00ea ji al\u00ee dewleta dagirker ve, n\u00ee\u015faneya tirsa wan a ji xebata ragiahndina azad e. Eg\u00eed Roj, weke n\u00fbnerek\u00ee w\u00earek \u00ea v\u00ea kevne\u015fopiy\u00ea, m\u00eerateyek mezin li pey xwe hi\u015ft. Ked \u00fb fedekariya Eg\u00eed \u015fahidiya berxwedana gel\u00ea me ye \u00fb soza berxwedana me ya bi her away\u00ee li dij\u00ee dagirkeriy\u00ea ye<\/p>\n<p style=\"text-align: left;\">Em bang li r\u00eaxistin\u00ean maf\u00ean mirovan, saziy\u00ean \u00e7apemeniy\u00ea \u00fb r\u00eaxistin\u00ean navnetewey\u00ee dikin ku li dij\u00ee van \u00ear\u00ee\u015f\u00ean bi zaneb\u00fbn \u00ean li dij\u00ee rojnamegeran rawestin \u00fb hesab\u00ea s\u00fbc\u00ean Tirkiyey\u00ea bipirsin. B\u00eeran\u00eena Eg\u00eed Roj w\u00ea weke sembola cesaret \u00fb fedakariy\u00ea bij\u00ee \u00fb em j\u00ee weke Navenda Ragihandina H\u00eaz\u00ean Rizgariya Efr\u00een\u00ea soz didin ku erka w\u00ee ya belgekirina heq\u00eeqet\u00ea \u00fb berxwedana li dij\u00ee m\u00eatingeriy\u00ea bidom\u00eenin<\/p>\n<p style=\"text-align: left;\">Navenda Ragihandina H\u00eaz\u00ean Rizgariya Efr\u00een\u00ea<\/p>\n","protected":false},"excerpt":{"rendered":"<p>Ji bo b\u00eeran\u00eena \u015feh\u00eed\u00ea \u00e7apemeniya azad Eg\u00eed Roj\u00a0 Art\u00ea\u015fa Tirk a dagirker \u00fb kom\u00ean \u00e7ete y\u00ean gir\u00eaday\u00ee w\u00ea \u00ear\u00ee\u015f\u00ean xwe y\u00ean b\u00eanavber li ser her\u00eam\u00ean bak\u00fbr \u00fb rojhilat\u00ea S\u00fbriyey\u00ea \u00fb Rojavay\u00ea Kurdistan\u00eadidom\u00eenin. Ev \u00ear\u00ee\u015f ne ten\u00ea gel \u00fb axa me, her wiha kes\u00ean ku ji bo e\u015fkerekirina s\u00fbc\u00ean dewleta dagirker b\u00eanavber dixebitin hedef digire. Rojnameger &hellip;<\/p>\n","protected":false},"author":1,"featured_media":3483,"comment_status":"open","ping_status":"open","sticky":false,"template":"","format":"standard","meta":{"_jetpack_memberships_contains_paid_content":false,"footnotes":""},"categories":[26],"tags":[],"class_list":["post-3482","post","type-post","status-publish","format-standard","has-post-thumbnail","hentry","category-26"],"jetpack_featured_media_url":"https:\/\/hre-official.com\/wp-content\/uploads\/2025\/04\/Bild_2025-04-05_215619424.png","jetpack_sharing_enabled":true,"_links":{"self":[{"href":"https:\/\/hre-official.com\/index.php?rest_route=\/wp\/v2\/posts\/3482","targetHints":{"allow":["GET"]}}],"collection":[{"href":"https:\/\/hre-official.com\/index.php?rest_route=\/wp\/v2\/posts"}],"about":[{"href":"https:\/\/hre-official.com\/index.php?rest_route=\/wp\/v2\/types\/post"}],"author":[{"embeddable":true,"href":"https:\/\/hre-official.com\/index.php?rest_route=\/wp\/v2\/users\/1"}],"replies":[{"embeddable":true,"href":"https:\/\/hre-official.com\/index.php?rest_route=%2Fwp%2Fv2%2Fcomments&post=3482"}],"version-history":[{"count":2,"href":"https:\/\/hre-official.com\/index.php?rest_route=\/wp\/v2\/posts\/3482\/revisions"}],"predecessor-version":[{"id":3485,"href":"https:\/\/hre-official.com\/index.php?rest_route=\/wp\/v2\/posts\/3482\/revisions\/3485"}],"wp:featuredmedia":[{"embeddable":true,"href":"https:\/\/hre-official.com\/index.php?rest_route=\/wp\/v2\/media\/3483"}],"wp:attachment":[{"href":"https:\/\/hre-official.com\/index.php?rest_route=%2Fwp%2Fv2%2Fmedia&parent=3482"}],"wp:term":[{"taxonomy":"category","embeddable":true,"href":"https:\/\/hre-official.com\/index.php?rest_route=%2Fwp%2Fv2%2Fcategories&post=3482"},{"taxonomy":"post_tag","embeddable":true,"href":"https:\/\/hre-official.com\/index.php?rest_route=%2Fwp%2Fv2%2Ftags&post=3482"}],"curies":[{"name":"wp","href":"https:\/\/api.w.org\/{rel}","templated":true}]}}