{"id":3476,"date":"2025-02-05T07:47:57","date_gmt":"2025-02-05T07:47:57","guid":{"rendered":"https:\/\/hre-official.com\/?p=3476"},"modified":"2025-02-25T19:41:49","modified_gmt":"2025-02-25T19:41:49","slug":"8-rehevalen-me-ji-bo-parastina-gele-xwe-bi-fedai-ser-kirin-u-gihistin-sehadete","status":"publish","type":"post","link":"https:\/\/hre-official.com\/?p=3476","title":{"rendered":"8 r\u00eaheval\u00ean me ji bo parastina gel\u00ea xwe bi feda\u00ee \u015fer kirin \u00fb gih\u00ee\u015ftin \u015fehadet\u00ea"},"content":{"rendered":"\r\n<p style=\"text-align: left;\"><br \/>Di dawiya Mijdara 2024\u2019an de HT\u015e \u00fb hin kom\u00ean param\u00eel\u00eeter ji bo r\u00fbxandina rej\u00eema BAAS\u2019\u00ea dest bi operasyon\u00ea kirin. Dewleta Tirk a dagirker \u00fb \u00e7etey\u00ean gir\u00eaday\u00ee w\u00ee j\u00ee ji v\u00ea operasyon\u00ea s\u00fbd wergirtin \u00fb plan kirin ku li her\u00eam\u00ean wek \u015e\u00earawa, \u015eehba \u00fb Til Rifat\u00ea li ser gel\u00ea me komkujiyan p\u00eak b\u00eenin. Wek t\u00ea zan\u00een piraniya xelk\u00ea me y\u00ean ku li van her\u00eaman bi cih b\u00fbne, xelk\u00ea Efr\u00een\u00ea ne ku pi\u015ft\u00ee dagirkirina Efr\u00een\u00ea di sala 2018an de ko\u00e7ber b\u00fbne. H\u00eaz\u00ean me li hember\u00ee \u00ear\u00ee\u015f\u00ean \u00eeht\u00eemal \u00ean komkujiyan parastina gel\u00ea xwe kirin. Gel\u00ea me y\u00ean li van her\u00eaman heta bi ewle derbas\u00ee her\u00eama Ciz\u00eer\u00ea b\u00fbn, \u00e7eper\u00ean xwe y\u00ean berxwedan\u00ea parastin. Di navbera 1-2\u2019\u00ea Kan\u00fbna 2024\u2019an de \u00ear\u00ee\u015f\u00ean dewleta Tirk a dagirker \u00fb \u00e7etey\u00ean w\u00ea giran b\u00fbne \u00fb di navbera h\u00eaz\u00ean me \u00fb h\u00eaz\u00ean dagirker de \u015fer \u00fb pev\u00e7\u00fbn r\u00fb dane. Di encama pev\u00e7\u00fbn\u00ean ku di van her du rojan qewim\u00een de 8 r\u00eaheval\u00ean me bi feda\u00ee \u015fer kirine \u00fb gih\u00ee\u015ftine \u015fehadet\u00ea.<br \/>\u00a0<br \/>R\u00eaheval\u00ean me Canf\u00eeda, \u00c7iya, Dil\u015f\u00ear, Piling, Ristem, Talal, Zinar Amed \u00fb Zinar Efr\u00een ji bajar\u00ean Efr\u00een\u00ea \u00fb Heleb\u00ea ne. Pi\u015ft\u00ee dagirkirina Efr\u00een\u00ea tev li t\u00eako\u015f\u00eena li dij\u00ee dagirkeriy\u00ea b\u00fbn. Li ser esas\u00ea parastina gel\u00ea xwe li dij\u00ee dagirkeran eniya berxwedan\u00ea de c\u00eeh girtin. R\u00eaheval\u00ean me bi berxwedaniya xwe hi\u015ftin ku gel\u00ea me careke din weke m\u00eenaka \u015eingal\u00ea ji komkujiy\u00ea derbas nebe. Ger trajediya duyem\u00een a kurdan \u00e7\u00eaneb\u00fb ev bi saya berxwedana van lehengan e. Ev fedakariya wan bibe bingeha t\u00eako\u015f\u00eena me ya li dij\u00ee dagirkeran. \u015eer \u00fb jiyana wan h\u00eaz da me \u00fb em bi berxwedaniya wan serbilind in.<br \/>Di ser\u00ee de malbat\u00ean h\u00eaja y\u00ean hevr\u00eay\u00ean me y\u00ean \u015feh\u00eed, em ji hem\u00fb gel\u00ea xwe y\u00ea welatpar\u00eaz re sersaxiy\u00ea dixwazin \u00fb soza xwe dubare dikin ku em \u00ea ji bo azadiya her bihostek\u00ee axa xwe ya dagirkir\u00ee t\u00eabiko\u015fin ta ku gel\u00ea me bi azad \u00fb aram li ser axa xwe bij\u00ee.<br \/><strong>Nasnamey\u00ean r\u00eaheval\u00ean me y\u00ean \u015feh\u00eed wiha ne:<\/strong><br \/>\u00a0<br \/><strong>Nasnav:<\/strong> Canf\u00eeda Efr\u00een<br \/><strong>Nav \u00fb Pa\u015fnav:<\/strong> Mihemed El\u00ee<br \/><strong>Nav\u00ea Dayik\u00ea:<\/strong> Em\u00eene<br \/><strong>Nav\u00ea Bav:<\/strong> \u00cebrah\u00eem<br \/><strong>Cih\u00ea Ji Dayikb\u00fbn\u00ea:<\/strong> Heleb<br \/><strong>Cih \u00fb D\u00eeroka \u015eehadet\u00ea:<\/strong> Her\u00eama \u015eehba \/ Til Rifat \/ 2\u2019y\u00ea Kanuna 2024<br \/>\u00a0<br \/><strong>Nasnav:<\/strong> \u00c7iya Efr\u00een<br \/><strong>Nav \u00fb Pa\u015fnav:<\/strong> Mihemed Isma\u00eel<br \/><strong>Nav\u00ea Dayik\u00ea:<\/strong> Reb\u00eea<br \/><strong>Nav\u00ea Bav:<\/strong> Ziyad<br \/><strong>Cih\u00ea Ji Dayikb\u00fbn\u00ea:<\/strong> Heleb<br \/><strong>Cih \u00fb D\u00eeroka \u015eehadet\u00ea: <\/strong>Her\u00eamaEfr\u00een \/ \u015e\u00earewa \/ 2\u2019y\u00ea Kanuna 2024\u00a0<\/p>\r\n\r\n\r\n\r\n<p style=\"text-align: left;\">\u00a0<\/p>\r\n\r\n\r\n\r\n<p style=\"text-align: left;\"><strong>Nasnav:<\/strong> Dil\u015f\u00ear Efr\u00een<br \/><strong>Nav \u00fb Pa\u015fnav:<\/strong> El\u00ee Hemo<br \/><strong>Nav\u00ea Dayik\u00ea:<\/strong> F\u00eedan<br \/><strong>Nav\u00ea Bav:<\/strong> Re\u015f\u00eed<br \/><strong>Cih\u00ea Ji Dayikb\u00fbn\u00ea:<\/strong> Efr\u00een<br \/><strong>Cih \u00fb D\u00eeroka \u015eehadet\u00ea:<\/strong> Her\u00eamaEfr\u00een \/ \u015e\u00earewa \/ 2\u2019y\u00ea Kanuna 2024<br \/>\u00a0<br \/><strong>Nasnav:<\/strong> Piling Efr\u00een<br \/><strong>Nav \u00fb Pa\u015fnav:<\/strong> \u00cesam \u00cesa<br \/><strong>Nav\u00ea Dayik\u00ea:<\/strong> Em\u00eene<br \/><strong>Nav\u00ea Bav:<\/strong> Menan<br \/><strong>Cih\u00ea Ji Dayikb\u00fbn\u00ea:<\/strong> Efr\u00een<br \/><strong>Cih \u00fb D\u00eeroka \u015eehadet\u00ea:<\/strong> Her\u00eamaEfr\u00een \/ \u015e\u00earewa \/ 1\u2019\u00ea Kanuna 2024<br \/>\u00a0<br \/><strong>Nasnav:<\/strong> Ristem Efr\u00een<br \/><strong>Nav \u00fb Pa\u015fnav:<\/strong> Horo K\u00ealo<br \/><strong>Nav\u00ea Dayik\u00ea:<\/strong> Asya<br \/><strong>Nav\u00ea Bav:<\/strong> Derw\u00ea\u015f<br \/><strong>Cih\u00ea Ji Dayikb\u00fbn\u00ea:<\/strong> Heleb<br \/><strong>Cih \u00fb D\u00eeroka \u015eehadet\u00ea: <\/strong>Her\u00eamaEfr\u00een \/ \u015e\u00earewa \/ 2\u2019y\u00ea Kanuna 2024\u00a0<\/p>\r\n\r\n\r\n\r\n<p style=\"text-align: left;\"><strong>Nasnav:<\/strong> Talal Bilbil<br \/><strong>Nav \u00fb Pa\u015fnav:<\/strong> Weh\u00eed Sefer<br \/><strong>Nav\u00ea Dayik\u00ea:<\/strong> F\u00eedan<br \/><strong>Nav\u00ea Bav:<\/strong> Mihemed<br \/><strong>Cih\u00ea Ji Dayikb\u00fbn\u00ea:<\/strong> Efr\u00een<br \/><strong>Cih \u00fb D\u00eeroka \u015eehadet\u00ea: <\/strong>Her\u00eama \u015eehba \/ 2\u2019y\u00ea Kanuna 2024\u00a0<\/p>\r\n\r\n\r\n\r\n<p style=\"text-align: left;\"><strong>Nasnav:<\/strong> Zinar Amed<br \/><strong>Nav \u00fb Pa\u015fnav:<\/strong> Musa Korc\u00ee<br \/><strong>Nav\u00ea Dayik\u00ea:<\/strong> \u015eeh\u00eenaz<br \/><strong>Nav\u00ea Bav:<\/strong> Mihemed<br \/><strong>Cih\u00ea Ji Dayikb\u00fbn\u00ea:<\/strong> Efr\u00een<br \/><strong>Cih \u00fb D\u00eeroka \u015eehadet\u00ea:<\/strong> Her\u00eamaEfr\u00een \/ \u015e\u00earewa \/ 2\u2019y\u00ea Kanuna 2024<br \/>\u00a0<br \/><strong>Nasnav:<\/strong> Zinar Efr\u00een<br \/><strong>Nav \u00fb Pa\u015fnav:<\/strong> Mihemed Bekir<br \/><strong>Nav\u00ea Dayik\u00ea:<\/strong> Esum<br \/><strong>Nav\u00ea Bav:<\/strong> Selah<br \/><strong>Cih\u00ea Ji Dayikb\u00fbn\u00ea:<\/strong> Heleb<br \/><strong>Cih \u00fb D\u00eeroka \u015eehadet\u00ea: <\/strong>Her\u00eama \u015eehba \/ 2\u2019y\u00ea Kanuna 2024<br \/><strong>\u00a0<\/strong><br \/><strong>H\u00eaz\u00ean Rizgariya Efr\u00een\u00ea<\/strong><br \/><strong>5\u2019\u00ea Sibata 2025<\/strong><\/p>\r\n","protected":false},"excerpt":{"rendered":"<p>Di dawiya Mijdara 2024\u2019an de HT\u015e \u00fb hin kom\u00ean param\u00eel\u00eeter ji bo r\u00fbxandina rej\u00eema BAAS\u2019\u00ea dest bi operasyon\u00ea kirin. Dewleta Tirk a dagirker \u00fb \u00e7etey\u00ean gir\u00eaday\u00ee w\u00ee j\u00ee ji v\u00ea operasyon\u00ea s\u00fbd wergirtin \u00fb plan kirin ku li her\u00eam\u00ean wek \u015e\u00earawa, \u015eehba \u00fb Til Rifat\u00ea li ser gel\u00ea me komkujiyan p\u00eak b\u00eenin. Wek t\u00ea zan\u00een &hellip;<\/p>\n","protected":false},"author":1,"featured_media":3475,"comment_status":"open","ping_status":"open","sticky":false,"template":"","format":"standard","meta":{"_jetpack_memberships_contains_paid_content":false,"footnotes":""},"categories":[26],"tags":[],"class_list":["post-3476","post","type-post","status-publish","format-standard","has-post-thumbnail","hentry","category-26"],"jetpack_featured_media_url":"https:\/\/hre-official.com\/wp-content\/uploads\/2025\/02\/IMG_20250205_081924_060.jpg","jetpack_sharing_enabled":true,"_links":{"self":[{"href":"https:\/\/hre-official.com\/index.php?rest_route=\/wp\/v2\/posts\/3476","targetHints":{"allow":["GET"]}}],"collection":[{"href":"https:\/\/hre-official.com\/index.php?rest_route=\/wp\/v2\/posts"}],"about":[{"href":"https:\/\/hre-official.com\/index.php?rest_route=\/wp\/v2\/types\/post"}],"author":[{"embeddable":true,"href":"https:\/\/hre-official.com\/index.php?rest_route=\/wp\/v2\/users\/1"}],"replies":[{"embeddable":true,"href":"https:\/\/hre-official.com\/index.php?rest_route=%2Fwp%2Fv2%2Fcomments&post=3476"}],"version-history":[{"count":3,"href":"https:\/\/hre-official.com\/index.php?rest_route=\/wp\/v2\/posts\/3476\/revisions"}],"predecessor-version":[{"id":3480,"href":"https:\/\/hre-official.com\/index.php?rest_route=\/wp\/v2\/posts\/3476\/revisions\/3480"}],"wp:featuredmedia":[{"embeddable":true,"href":"https:\/\/hre-official.com\/index.php?rest_route=\/wp\/v2\/media\/3475"}],"wp:attachment":[{"href":"https:\/\/hre-official.com\/index.php?rest_route=%2Fwp%2Fv2%2Fmedia&parent=3476"}],"wp:term":[{"taxonomy":"category","embeddable":true,"href":"https:\/\/hre-official.com\/index.php?rest_route=%2Fwp%2Fv2%2Fcategories&post=3476"},{"taxonomy":"post_tag","embeddable":true,"href":"https:\/\/hre-official.com\/index.php?rest_route=%2Fwp%2Fv2%2Ftags&post=3476"}],"curies":[{"name":"wp","href":"https:\/\/api.w.org\/{rel}","templated":true}]}}