{"id":3459,"date":"2024-11-26T06:50:16","date_gmt":"2024-11-26T06:50:16","guid":{"rendered":"https:\/\/hre-official.com\/?p=3459"},"modified":"2024-11-26T06:50:16","modified_gmt":"2024-11-26T06:50:16","slug":"di-roja-22e-mijdare-de-li-xeta-ezaze-hezen-me-calakiyeki-sekvani-lidardixin","status":"publish","type":"post","link":"https:\/\/hre-official.com\/?p=3459","title":{"rendered":"Di roja 22\u2019\u00ea Mijdar\u00ea de li Xeta Ezaz\u00ea h\u00eaz\u00ean me \u00e7alakiyek\u00ee sekvan\u00ee lidardixin"},"content":{"rendered":"<p>Ji \u00c7apemen\u00ee \u00fb Raya Gi\u015ft\u00ee re<\/p>\n<p>Li hember\u00ea \u00eari\u015f \u00fb pol\u00eet\u00eekay\u00ean Dewleta Tirk a dagirker \u00fb kom\u00ean \u00e7etey\u00ean gir\u00eaday\u00ea w\u00ea \u00ean ku xwe didin p\u00ea\u015f \u00e7alakiy\u00ean me y\u00ean bersivday\u00een\u00ea didomin.<\/p>\n<p>Di v\u00ea \u00e7ar\u00e7ovey\u00ea de;<\/p>\n<ul>\n<li>Di roja 22\u2019\u00ea Mijdar\u00ea de li Xeta Ezaz\u00ea h\u00eaz\u00ean me \u00e7alakiyek\u00ee sekvan\u00ee lidardixin li v\u00ea der\u00ea \u00e7eteyek dagirker t\u00ea ku\u015ftin \u00fb her wiha li heman cih dema dijmin dixwza\u00ea cenazey\u00ea ku\u015ftiy\u00ea xwe bigre dibin armance segvan\u00ean me \u00fb \u00e7eteyek din t\u00ea ku\u015ftin.<\/li>\n<li>Di roja 23\u2019\u00ea Mijdar\u00ea de li xeta \u015eera di \u00e7alakiya sekvan\u00ee de \u00e7eteyek dagirker hat ku\u015ftin.<\/li>\n<li>Di roja 23\u2019\u00ea Mijdar\u00ea de H\u00eaz\u00ean me li Xeta Ezaz\u00ea \u00e7alakiya serdegirtin\u00ea li hember\u00ea dagirkeran ji \u00e7end baskan ve lidarxistin. Di v\u00ea \u00e7alakiya hey\u00ee de 7 dagirker hat ku\u015ftin \u00fb 8 dagirker j\u00ee bir\u00eendar b\u00fb. Dema dijmin t\u00ea \u00fb dixwaze ku\u015ft\u00ee \u00fb bir\u00eendar\u00ea xwe rabike l\u00ea v\u00ea der\u00ea li takviyeya hey\u00ee j\u00ee t\u00ea xistin ku\u015ft\u00ee \u00fb bir\u00eendar nehat zelakirin di heman deme de seyareya Do\u00e7ka barkir\u00ee \u00ea takviyeya hey\u00ee j\u00ee hate \u00eemhakirin.<\/li>\n<\/ul>\n<p>Di encama van \u00e7alakiy\u00ean h\u00eaz\u00ean me de bi gi\u015ft\u00ee 10 \u00a0\u00e7etey\u00ean dagirker hatin ku\u015ftin \u00fb 8 dagirker j\u00ee bir\u00eendar b\u00fb.<\/p>\n<p>&nbsp;<\/p>\n<p><strong>H\u00eaz\u00ean Rizgariya Efr\u00een\u00ea<\/strong><\/p>\n<p><strong>26\u2019\u00ea Mijdara 2024<\/strong><\/p>\n<div style=\"width: 1920px;\" class=\"wp-video\"><video class=\"wp-video-shortcode\" id=\"video-3459-1\" width=\"1920\" height=\"1080\" preload=\"metadata\" controls=\"controls\"><source type=\"video\/mp4\" src=\"https:\/\/hre-official.com\/wp-content\/uploads\/2024\/11\/Calekiya-Segvani-Kurdi-22-11-2024.mp4?_=1\" \/><a href=\"https:\/\/hre-official.com\/wp-content\/uploads\/2024\/11\/Calekiya-Segvani-Kurdi-22-11-2024.mp4\">https:\/\/hre-official.com\/wp-content\/uploads\/2024\/11\/Calekiya-Segvani-Kurdi-22-11-2024.mp4<\/a><\/video><\/div>\n","protected":false},"excerpt":{"rendered":"<p>Ji \u00c7apemen\u00ee \u00fb Raya Gi\u015ft\u00ee re Li hember\u00ea \u00eari\u015f \u00fb pol\u00eet\u00eekay\u00ean Dewleta Tirk a dagirker \u00fb kom\u00ean \u00e7etey\u00ean gir\u00eaday\u00ea w\u00ea \u00ean ku xwe didin p\u00ea\u015f \u00e7alakiy\u00ean me y\u00ean bersivday\u00een\u00ea didomin. Di v\u00ea \u00e7ar\u00e7ovey\u00ea de; Di roja 22\u2019\u00ea Mijdar\u00ea de li Xeta Ezaz\u00ea h\u00eaz\u00ean me \u00e7alakiyek\u00ee sekvan\u00ee lidardixin li v\u00ea der\u00ea \u00e7eteyek dagirker t\u00ea ku\u015ftin \u00fb &hellip;<\/p>\n","protected":false},"author":1,"featured_media":3461,"comment_status":"open","ping_status":"open","sticky":false,"template":"","format":"standard","meta":{"_jetpack_memberships_contains_paid_content":false,"footnotes":""},"categories":[24,25],"tags":[],"class_list":["post-3459","post","type-post","status-publish","format-standard","has-post-thumbnail","hentry","category-24","category-25"],"jetpack_featured_media_url":"https:\/\/hre-official.com\/wp-content\/uploads\/2024\/11\/qqqqqq.png","jetpack_sharing_enabled":true,"_links":{"self":[{"href":"https:\/\/hre-official.com\/index.php?rest_route=\/wp\/v2\/posts\/3459","targetHints":{"allow":["GET"]}}],"collection":[{"href":"https:\/\/hre-official.com\/index.php?rest_route=\/wp\/v2\/posts"}],"about":[{"href":"https:\/\/hre-official.com\/index.php?rest_route=\/wp\/v2\/types\/post"}],"author":[{"embeddable":true,"href":"https:\/\/hre-official.com\/index.php?rest_route=\/wp\/v2\/users\/1"}],"replies":[{"embeddable":true,"href":"https:\/\/hre-official.com\/index.php?rest_route=%2Fwp%2Fv2%2Fcomments&post=3459"}],"version-history":[{"count":1,"href":"https:\/\/hre-official.com\/index.php?rest_route=\/wp\/v2\/posts\/3459\/revisions"}],"predecessor-version":[{"id":3462,"href":"https:\/\/hre-official.com\/index.php?rest_route=\/wp\/v2\/posts\/3459\/revisions\/3462"}],"wp:featuredmedia":[{"embeddable":true,"href":"https:\/\/hre-official.com\/index.php?rest_route=\/wp\/v2\/media\/3461"}],"wp:attachment":[{"href":"https:\/\/hre-official.com\/index.php?rest_route=%2Fwp%2Fv2%2Fmedia&parent=3459"}],"wp:term":[{"taxonomy":"category","embeddable":true,"href":"https:\/\/hre-official.com\/index.php?rest_route=%2Fwp%2Fv2%2Fcategories&post=3459"},{"taxonomy":"post_tag","embeddable":true,"href":"https:\/\/hre-official.com\/index.php?rest_route=%2Fwp%2Fv2%2Ftags&post=3459"}],"curies":[{"name":"wp","href":"https:\/\/api.w.org\/{rel}","templated":true}]}}