{"id":3437,"date":"2024-11-14T07:02:24","date_gmt":"2024-11-14T07:02:24","guid":{"rendered":"https:\/\/hre-official.com\/?p=3437"},"modified":"2024-11-14T07:07:37","modified_gmt":"2024-11-14T07:07:37","slug":"li-hembere-eris-u-politikayen-dewleta-tirk-a-dagirker-u-komen-ceteyen-giredaye-we-en-ku-xwe-didin-pes-calakiyen-me-yen-bersivdayine-didomin","status":"publish","type":"post","link":"https:\/\/hre-official.com\/?p=3437","title":{"rendered":"Li hember\u00ea \u00eari\u015f \u00fb pol\u00eet\u00eekay\u00ean Dewleta Tirk a dagirker \u00fb kom\u00ean \u00e7etey\u00ean gir\u00eaday\u00ea w\u00ea \u00ean ku xwe didin p\u00ea\u015f \u00e7alakiy\u00ean me y\u00ean bersivday\u00een\u00ea didomin"},"content":{"rendered":"<p>Ji \u00c7apemen\u00ee \u00fb Raya Gi\u015ft\u00ee re<\/p>\n<p>&nbsp;<\/p>\n<p>Li hember\u00ea \u00eari\u015f \u00fb pol\u00eet\u00eekay\u00ean Dewleta Tirk a dagirker \u00fb kom\u00ean \u00e7etey\u00ean gir\u00eaday\u00ea w\u00ea \u00ean ku xwe didin p\u00ea\u015f \u00e7alakiy\u00ean me y\u00ean bersivday\u00een\u00ea didomin.<\/p>\n<p>Di v\u00ea \u00e7ar\u00e7ovey\u00ea de;<\/p>\n<ul>\n<li>Di roja 9\u2019\u00ea Mijdar\u00ea de li xeta Mare di \u00e7alakiya sekvan\u00ee de 1 \u00e7etey\u00ea dagirker hate ku\u015ftin, d\u00eesa di heman roj\u00ea de li xeta \u015eera di \u00e7alakiya sekvan\u00ee de 1 \u00e7etey\u00ea din hate ku\u015ftin.<\/li>\n<li>Di roja 10\u2019\u00ea Mijdar\u00ea de li Xeta \u015e\u00earewa di \u00e7alakiya sekvan\u00ee de 1 \u00e7etey\u00ea dagirker hate ku\u015ftin.<\/li>\n<\/ul>\n<p>Di encama van \u00e7alakiy\u00ean h\u00eaz\u00ean me de bi gi\u015ft\u00ee 3 \u00e7etey\u00ean dagirker hatin ku\u015ftin.<\/p>\n<p>&nbsp;<\/p>\n<p><strong>H\u00eaz\u00ean Rizgariya Efr\u00een\u00ea<\/strong><\/p>\n<p><strong>14\u2019\u00ea Mijdara 2024<\/strong><\/p>\n<p>D\u00eemen\u00ea \u00e7alakiy\u00ea bi riya link tema\u015fe bikin<\/p>\n<p>https:\/\/t.me\/HRE_official_kurdish\/1258<\/p>\n","protected":false},"excerpt":{"rendered":"<p>Ji \u00c7apemen\u00ee \u00fb Raya Gi\u015ft\u00ee re &nbsp; Li hember\u00ea \u00eari\u015f \u00fb pol\u00eet\u00eekay\u00ean Dewleta Tirk a dagirker \u00fb kom\u00ean \u00e7etey\u00ean gir\u00eaday\u00ea w\u00ea \u00ean ku xwe didin p\u00ea\u015f \u00e7alakiy\u00ean me y\u00ean bersivday\u00een\u00ea didomin. Di v\u00ea \u00e7ar\u00e7ovey\u00ea de; Di roja 9\u2019\u00ea Mijdar\u00ea de li xeta Mare di \u00e7alakiya sekvan\u00ee de 1 \u00e7etey\u00ea dagirker hate ku\u015ftin, d\u00eesa di heman &hellip;<\/p>\n","protected":false},"author":1,"featured_media":3438,"comment_status":"open","ping_status":"open","sticky":false,"template":"","format":"standard","meta":{"_jetpack_memberships_contains_paid_content":false,"footnotes":""},"categories":[24,25],"tags":[],"class_list":["post-3437","post","type-post","status-publish","format-standard","has-post-thumbnail","hentry","category-24","category-25"],"jetpack_featured_media_url":"https:\/\/hre-official.com\/wp-content\/uploads\/2024\/11\/Calekiya-Segvani-Kurdi-10-11-2024.mp4_snapshot_00.03.624.jpg","jetpack_sharing_enabled":true,"_links":{"self":[{"href":"https:\/\/hre-official.com\/index.php?rest_route=\/wp\/v2\/posts\/3437","targetHints":{"allow":["GET"]}}],"collection":[{"href":"https:\/\/hre-official.com\/index.php?rest_route=\/wp\/v2\/posts"}],"about":[{"href":"https:\/\/hre-official.com\/index.php?rest_route=\/wp\/v2\/types\/post"}],"author":[{"embeddable":true,"href":"https:\/\/hre-official.com\/index.php?rest_route=\/wp\/v2\/users\/1"}],"replies":[{"embeddable":true,"href":"https:\/\/hre-official.com\/index.php?rest_route=%2Fwp%2Fv2%2Fcomments&post=3437"}],"version-history":[{"count":1,"href":"https:\/\/hre-official.com\/index.php?rest_route=\/wp\/v2\/posts\/3437\/revisions"}],"predecessor-version":[{"id":3439,"href":"https:\/\/hre-official.com\/index.php?rest_route=\/wp\/v2\/posts\/3437\/revisions\/3439"}],"wp:featuredmedia":[{"embeddable":true,"href":"https:\/\/hre-official.com\/index.php?rest_route=\/wp\/v2\/media\/3438"}],"wp:attachment":[{"href":"https:\/\/hre-official.com\/index.php?rest_route=%2Fwp%2Fv2%2Fmedia&parent=3437"}],"wp:term":[{"taxonomy":"category","embeddable":true,"href":"https:\/\/hre-official.com\/index.php?rest_route=%2Fwp%2Fv2%2Fcategories&post=3437"},{"taxonomy":"post_tag","embeddable":true,"href":"https:\/\/hre-official.com\/index.php?rest_route=%2Fwp%2Fv2%2Ftags&post=3437"}],"curies":[{"name":"wp","href":"https:\/\/api.w.org\/{rel}","templated":true}]}}