{"id":3422,"date":"2024-11-02T12:10:48","date_gmt":"2024-11-02T12:10:48","guid":{"rendered":"https:\/\/hre-official.com\/?p=3422"},"modified":"2024-11-02T12:11:05","modified_gmt":"2024-11-02T12:11:05","slug":"rehevaleki-me-sehid-jiyan-cudi-sehid-ket","status":"publish","type":"post","link":"https:\/\/hre-official.com\/?p=3422","title":{"rendered":"R\u00eahevalek\u00ee me \u015feh\u00eed Jiyan C\u00fbd\u00ee \u015feh\u00eed ket"},"content":{"rendered":"\n<p class=\"has-text-align-left\">Ji \u00c7apemen\u00ee \u00fb Raya Gi\u015ft\u00ee re<\/p>\n\n\n\n<p class=\"has-text-align-left\">Em hevr\u00eaya xwe Jiyan C\u00fbd\u00ee bi nav\u00ea xwe y\u00ea rast B\u00ear\u00eevan Dem\u00eerc\u00ee ku di 30 \u00c7ileya 2024\u2019an li her\u00eama Efr\u00een\u00ea tev\u00ee \u00e7ar hevr\u00eay\u00ean xwe gihab\u00fb asta \u015fehadet\u00ea bi hurmet \u00fb r\u00eazdar\u00ee bib\u00eert\u00eenin, di ser\u00ee de ji bo malbata h\u00eaja ya Dem\u00eerc\u00ee em sersaxiy\u00ea ji tevah\u00ee gel\u00ea xwe re dixwazin \u00fb di \u015fexs\u00ea hevr\u00ea Jiyan de em soza xwe ya \u015fopandina r\u00eaya \u015feh\u00eedan d\u00fbbare dikin.<br>Hevr\u00ea Jiyan ku li war\u00ea lehengan, li Ciz\u00eera Botan di nava malbateke welatpar\u00eaz de mezin dibe, ji destan\u00ean \u015fore\u015fa Rojava \u00eelham digre \u00fb di temenek ciwan de dest bi l\u00eager\u00eena xwe ya azadiy\u00ea dike. Heval Jiyan ku ji n\u00eaz ve dibe \u015fahid\u00ea kiryar\u00ean dewleta Tirk a dagirker, biryara tolhildan\u00ea digre \u00fb ber\u00ea xwe dide nava ref\u00ean azadiy\u00ea. Sal\u00ean dir\u00eaj \u00ean t\u00eako\u015f\u00een\u00ea, tecr\u00fbbey\u00ean \u015fer \u00fb jiyan\u00ea kesayeteke \u015fareza \u00fb bi v\u00een di heval Jiyan de ava dike. Di hem\u00fb k\u00ealiy\u00ean jiyana xwe de bi berpirsyar\u00ee tevdigere \u00fb dibe m\u00eenaka \u015fore\u015fgertiya dem\u00ea. R\u00eageza; \u201cMe bi ciwant\u00ee destp\u00ea kir \u00fb em\u00ea bi ciwant\u00ee serbixin\u201d ji bo xwe esas digre \u00fb di nava demeke kin de berpirsyariy\u00ean giran digre ser mil\u00ea xwe.<br>Dema bajar\u00ea Efr\u00een\u00ea dikeve dorp\u00ea\u00e7a dagirkeriya Tirk hevr\u00ea Jiyan m\u00eena bi sedan ciwan\u00ean Kurd b\u00ea teredut ber\u00ea xwe dide eniy\u00ean cenga giran \u00ean bajar\u00ea Efr\u00een\u00ea \u00fb di qonaxa duyem\u00een a berxwedana serdem\u00ea de cih\u00ea xwe di nava T\u00eem\u00ean \u015eeh\u00eed Avesta de digre. Tev\u00ee \u015fert \u00fb merc\u00ean giran \u00ean dagirkeriy\u00ea ew bi zaneb\u00fbnek mezin tevdigere \u00fb ji bo tevah\u00ee hevr\u00eay\u00ean xwe dibe \u00e7avkaniya co\u015f \u00fb kelecan\u00ea. Hevr\u00ea Jiyan bi dil\u00ea xwe y\u00ea pak \u00fb bi r\u00fby\u00ea xwe y\u00ea m\u00eena fir\u00ee\u015fteyan bedew, ji bo hevr\u00eay\u00ean xwe dibe p\u00ea\u015fenga jiyan\u00ea \u00fb li hember\u00ee dijmin\u00ea xwe dibe \u015fervana dem\u00ea ya dilw\u00earek. Bi v\u00ea sekna xwe ya ji pola tevl\u00ee gelek \u00e7alakiyan dibe \u00fb derb\u00ean giran li dijmin dide.<br>Her\u00ee daw\u00ee dema t\u00eem\u00ean me y\u00ean HRE plana \u00e7alakiyeke berfireh dikin, hevr\u00ea Jiyan di t\u00eema \u00ear\u00ee\u015f\u00ea de cih\u00ea xwe digre \u00fb ber\u00ea xwe dide \u00e7eper\u00ean dagirkeriya Tirk. Li gund\u00ea Basil\u00ea \u00fb Ezaz\u00ea gelek \u00e7alakiyan lidar dixin \u00fb derb\u00ean giran li dijmin didin. Di van \u00e7alakiyan de bi dehan le\u015fker \u00fb \u00e7etey\u00ean art\u00ea\u015fa Tirk a dagirker t\u00ean ceza kirin. Pi\u015ft\u00ee pev\u00e7\u00fbn \u00fb \u015ferek\u00ee dijwar, hevr\u00ea Jiyan tev\u00ee \u00e7ar heval\u00ean xwe \u00c7\u00ee\u00e7ek Koban\u00ea, C\u00fbd\u00ee Re\u015fo, Dil\u015f\u00ear Ser\u00eakaniy\u00ea \u00fb C\u00fbd\u00ee Gabar ku me ber\u00ea nasnameya wan bi raya gi\u015ft\u00ee re parve kirib\u00fb, digh\u00ean asta \u015fehadet\u00ea.<br>Hevr\u00eaya me Jiyan ku demeke dir\u00eaj cenazey\u00ea w\u00ea di dest\u00ea dijmin de dim\u00eene, di meha Cotmeh\u00ea de ji aliy\u00ea h\u00eaz\u00ean me y\u00ean Rizgariya Efr\u00een\u00ea ve bi awayek saxlem cenazey\u00ea w\u00ea t\u00ea wergirtin. Gel\u00ea me y\u00ea Efr\u00een\u00ea j\u00ee bi meras\u00eemeke bi heybet fermandara xwe ya ciwan sparte ax\u00ea \u00fb sonda xwe ya bi \u015feh\u00eed\u00ean xwe re n\u00fb kir. Em j\u00ee weke T\u00eem\u00ean \u015eeh\u00eed Avesta y\u00ean H\u00eaz\u00ean Rizgariya Efr\u00een\u00ea careke din sersaxiy\u00ea ji malbata hevr\u00eaya xwe Jiyan \u00fb ji tevah\u00ee gel\u00ea xwe re dixwazin \u00fb em soz didin ku R\u00eaya Avesta, Karker, Jiyan \u00fb \u00c7\u00ee\u00e7ek\u2019an w\u00ea her dem r\u00eaya me be \u00fb teqez em\u00ea li ser \u015fopa wan mizg\u00eeniya rizgariya Efr\u00een\u00ea bidin gel\u00ea xwe \u00fb tevah\u00ee jinan<br>Nasnameya r\u00eahevala me y\u00ea \u015feh\u00eed wiha ye:<br>Nasnav: Jiyan C\u00fbd\u00ee<br>Nav \u00fb Pa\u015fnav: Ber\u00eevan Dem\u00eerc\u00ee<br>Nav\u00ea Dayik\u00ea: Fatma<br>Nav\u00ea Bav: Veys\u00ee<br>Cih \u00fb D\u00eeroka \u015eehadet\u00ea: Her\u00eama Efr\u00een\u00ea \/ 30\u2019\u00ea \u00c7ileya 2024<\/p>\n\n\n\n<p class=\"has-text-align-left\">H\u00eaz\u00ean Rizgariya Efr\u00een<br>2 Mijdar 2024<\/p>\n\n\n\n<p><\/p>\n","protected":false},"excerpt":{"rendered":"<p>Ji \u00c7apemen\u00ee \u00fb Raya Gi\u015ft\u00ee re Em hevr\u00eaya xwe Jiyan C\u00fbd\u00ee bi nav\u00ea xwe y\u00ea rast B\u00ear\u00eevan Dem\u00eerc\u00ee ku di 30 \u00c7ileya 2024\u2019an li her\u00eama Efr\u00een\u00ea tev\u00ee \u00e7ar hevr\u00eay\u00ean xwe gihab\u00fb asta \u015fehadet\u00ea bi hurmet \u00fb r\u00eazdar\u00ee bib\u00eert\u00eenin, di ser\u00ee de ji bo malbata h\u00eaja ya Dem\u00eerc\u00ee em sersaxiy\u00ea ji tevah\u00ee gel\u00ea xwe re dixwazin &hellip;<\/p>\n","protected":false},"author":1,"featured_media":3421,"comment_status":"open","ping_status":"open","sticky":false,"template":"","format":"standard","meta":{"_jetpack_memberships_contains_paid_content":false,"footnotes":""},"categories":[26],"tags":[],"class_list":["post-3422","post","type-post","status-publish","format-standard","has-post-thumbnail","hentry","category-26"],"jetpack_featured_media_url":"https:\/\/hre-official.com\/wp-content\/uploads\/2024\/11\/Untitled-1-Recovered-copy.jpg","jetpack_sharing_enabled":true,"_links":{"self":[{"href":"https:\/\/hre-official.com\/index.php?rest_route=\/wp\/v2\/posts\/3422","targetHints":{"allow":["GET"]}}],"collection":[{"href":"https:\/\/hre-official.com\/index.php?rest_route=\/wp\/v2\/posts"}],"about":[{"href":"https:\/\/hre-official.com\/index.php?rest_route=\/wp\/v2\/types\/post"}],"author":[{"embeddable":true,"href":"https:\/\/hre-official.com\/index.php?rest_route=\/wp\/v2\/users\/1"}],"replies":[{"embeddable":true,"href":"https:\/\/hre-official.com\/index.php?rest_route=%2Fwp%2Fv2%2Fcomments&post=3422"}],"version-history":[{"count":1,"href":"https:\/\/hre-official.com\/index.php?rest_route=\/wp\/v2\/posts\/3422\/revisions"}],"predecessor-version":[{"id":3423,"href":"https:\/\/hre-official.com\/index.php?rest_route=\/wp\/v2\/posts\/3422\/revisions\/3423"}],"wp:featuredmedia":[{"embeddable":true,"href":"https:\/\/hre-official.com\/index.php?rest_route=\/wp\/v2\/media\/3421"}],"wp:attachment":[{"href":"https:\/\/hre-official.com\/index.php?rest_route=%2Fwp%2Fv2%2Fmedia&parent=3422"}],"wp:term":[{"taxonomy":"category","embeddable":true,"href":"https:\/\/hre-official.com\/index.php?rest_route=%2Fwp%2Fv2%2Fcategories&post=3422"},{"taxonomy":"post_tag","embeddable":true,"href":"https:\/\/hre-official.com\/index.php?rest_route=%2Fwp%2Fv2%2Ftags&post=3422"}],"curies":[{"name":"wp","href":"https:\/\/api.w.org\/{rel}","templated":true}]}}