{"id":3270,"date":"2024-08-22T18:58:47","date_gmt":"2024-08-22T18:58:47","guid":{"rendered":"https:\/\/hre-official.com\/?p=3270"},"modified":"2024-08-22T18:58:47","modified_gmt":"2024-08-22T18:58:47","slug":"li-hembere-eris-u-politikayen-dewleta-tirk-a-dagirker-u-komen-ceteyen-giredaye-we-hezen-me-li-xeta-serewamare-u-babe","status":"publish","type":"post","link":"https:\/\/hre-official.com\/?p=3270","title":{"rendered":"Li hember\u00ea \u00eari\u015f \u00fb pol\u00eet\u00eekay\u00ean Dewleta Tirk a dagirker \u00fb kom\u00ean \u00e7etey\u00ean gir\u00eaday\u00ea w\u00ea, h\u00eaz\u00ean me li xeta \u015e\u00earewa,Mare \u00fb Bab\u00ea"},"content":{"rendered":"<p style=\"text-align: left;\">Ji \u00c7apemen\u00ee \u00fb Raya Gi\u015ft\u00ee re<br \/>\nLi hember\u00ea \u00eari\u015f \u00fb pol\u00eet\u00eekay\u00ean Dewleta Tirk a dagirker \u00fb kom\u00ean \u00e7etey\u00ean gir\u00eaday\u00ea w\u00ea, h\u00eaz\u00ean me li xeta \u015e\u00earewa,Mare \u00fb Bab\u00ea \u00e7alakiy\u00ean bersivday\u00een\u00ea lidarxistin.<br \/>\nDi v\u00ea \u00e7ar\u00e7ovey\u00ea de:<br \/>\n1- Di roja 13\u2019\u00ea Tebax\u00ea de di \u00e7alakiya sekvan\u00ee \u00ea li xeta Mare de \u00e7eteyek dagirker hate ku\u015ftin.<br \/>\n2- Di roja 14\u2019\u00ea Tebax\u00ea de Baregeh\u00ean Dewleta Tirk a dagirker \u00ean Mare \u00fb Bab\u00ea bi \u00e7alakiy\u00ean taybet hatin hedefgirtin di encam\u00ea de 1 le\u015fker hate ku\u015ftin \u00fb 3 j\u00ee bir\u00eendar b\u00fb.<br \/>\n3- Di roja 16\u2019\u00ea Tebax\u00ea de di \u00e7alakiya sekvan\u00ee \u00ea li xeta Mare de \u00e7eteyek dagirker hate ku\u015ftin.<br \/>\n4- Di roja 17\u2019\u00ea Tebax\u00ea de li xeta \u015e\u00earewa \u00e7alakiyek\u00ee serdegirtin\u00ea hate lidarxistin. Livir di destp\u00eak\u00ea de h\u00eaz\u00ean me di\u00e7in dikevin mevziy\u00ean dijmin, dagirker\u00ean hey\u00ee t\u00ea ku\u015ftin \u00fb her wiha mevziy\u00ean hey\u00ee bi temam\u00ee t\u00ean \u00eemhakirin \u00fb t\u00ea \u015fewitandin. Dagirker\u00ean ku dixwazin birevin, xwe di t\u00fbnelan de ve\u015fartine li wan j\u00ee t\u00ea xistin . Di encama v\u00ea \u00e7alakiya hey\u00ee de 6 \u00e7etey\u00ean dagirker t\u00ea ku\u015ftin \u00fb 9 \u00e7etey\u00ean dagirker j\u00ee bir\u00eendar dibin. Di heman dem\u00ea \u00e7eka do\u00e7ka 14\u2019\u00ea n\u00eev j\u00ee t\u00ea \u00eemhakirin. Ji ser cenazey\u00ean dijmin 2 \u00e7ente, 1 Telefon, 1 saet \u00fb her wiha belgey\u00ean dagirkeran t\u00ean desteserkirin.<br \/>\nDi encam\u00ea van \u00e7alakiyan de bi gi\u015ft\u00ee 1 Le\u015fker\u00ea Tirk \u00fb 8 \u00e7etey\u00ean dagirker t\u00ea ku\u015ftin \u00fb her wiha 3 le\u015fker\u00ea Tirk \u00fb 9 \u00e7etey\u00ean dagirker bir\u00eendar dibin.<\/p>\n<p style=\"text-align: left;\">H\u00eaz\u00ean Rizgariya Efr\u00een\u00ea<br \/>\n22\u2019\u00ea Tebaxa 2024<\/p>\n<p style=\"text-align: left;\">:V\u00eedyoy\u00ea bi l\u00eenka j\u00ear\u00een tema\u015fe bikin<\/p>\n<p style=\"text-align: left;\"><a href=\"http:\/\/t.me\/HRE_official_kurdish\/1110\">t.me\/HRE_official_kurdish\/1110<\/a><\/p>\n<p style=\"text-align: left;\"><a href=\"http:\/\/t.me\/HRE_official_kurdish\/1111\">t.me\/HRE_official_kurdish\/1111<\/a><\/p>\n<p style=\"text-align: left;\"><a href=\"http:\/\/t.me\/HRE_official_kurdish\/1112\">t.me\/HRE_official_kurdish\/1112<\/a><\/p>\n","protected":false},"excerpt":{"rendered":"<p>Ji \u00c7apemen\u00ee \u00fb Raya Gi\u015ft\u00ee re Li hember\u00ea \u00eari\u015f \u00fb pol\u00eet\u00eekay\u00ean Dewleta Tirk a dagirker \u00fb kom\u00ean \u00e7etey\u00ean gir\u00eaday\u00ea w\u00ea, h\u00eaz\u00ean me li xeta \u015e\u00earewa,Mare \u00fb Bab\u00ea \u00e7alakiy\u00ean bersivday\u00een\u00ea lidarxistin. Di v\u00ea \u00e7ar\u00e7ovey\u00ea de: 1- Di roja 13\u2019\u00ea Tebax\u00ea de di \u00e7alakiya sekvan\u00ee \u00ea li xeta Mare de \u00e7eteyek dagirker hate ku\u015ftin. 2- Di roja &hellip;<\/p>\n","protected":false},"author":1,"featured_media":3272,"comment_status":"open","ping_status":"open","sticky":false,"template":"","format":"standard","meta":{"_jetpack_memberships_contains_paid_content":false,"footnotes":""},"categories":[24,25],"tags":[],"class_list":["post-3270","post","type-post","status-publish","format-standard","has-post-thumbnail","hentry","category-24","category-25"],"jetpack_featured_media_url":"https:\/\/hre-official.com\/wp-content\/uploads\/2024\/08\/Bild_2024-08-22_205454125.png","jetpack_sharing_enabled":true,"_links":{"self":[{"href":"https:\/\/hre-official.com\/index.php?rest_route=\/wp\/v2\/posts\/3270","targetHints":{"allow":["GET"]}}],"collection":[{"href":"https:\/\/hre-official.com\/index.php?rest_route=\/wp\/v2\/posts"}],"about":[{"href":"https:\/\/hre-official.com\/index.php?rest_route=\/wp\/v2\/types\/post"}],"author":[{"embeddable":true,"href":"https:\/\/hre-official.com\/index.php?rest_route=\/wp\/v2\/users\/1"}],"replies":[{"embeddable":true,"href":"https:\/\/hre-official.com\/index.php?rest_route=%2Fwp%2Fv2%2Fcomments&post=3270"}],"version-history":[{"count":0,"href":"https:\/\/hre-official.com\/index.php?rest_route=\/wp\/v2\/posts\/3270\/revisions"}],"wp:featuredmedia":[{"embeddable":true,"href":"https:\/\/hre-official.com\/index.php?rest_route=\/wp\/v2\/media\/3272"}],"wp:attachment":[{"href":"https:\/\/hre-official.com\/index.php?rest_route=%2Fwp%2Fv2%2Fmedia&parent=3270"}],"wp:term":[{"taxonomy":"category","embeddable":true,"href":"https:\/\/hre-official.com\/index.php?rest_route=%2Fwp%2Fv2%2Fcategories&post=3270"},{"taxonomy":"post_tag","embeddable":true,"href":"https:\/\/hre-official.com\/index.php?rest_route=%2Fwp%2Fv2%2Ftags&post=3270"}],"curies":[{"name":"wp","href":"https:\/\/api.w.org\/{rel}","templated":true}]}}