{"id":3251,"date":"2024-08-13T06:32:22","date_gmt":"2024-08-13T06:32:22","guid":{"rendered":"https:\/\/hre-official.com\/?p=3251"},"modified":"2024-08-13T06:34:50","modified_gmt":"2024-08-13T06:34:50","slug":"%d8%a7%d8%b3%d8%aa%d8%b4%d9%87%d8%a7%d8%af-%d8%a7%d8%ad%d8%af-%d8%b1%d9%81%d8%a7%d9%82%d9%86%d8%a7-%d8%a7%d9%84%d8%b4%d9%87%d9%8a%d8%af-%d8%a8%d8%b9%d8%af%d9%8a%d9%86%d8%a7-%d8%b9%d9%81%d8%b1%d9%8a","status":"publish","type":"post","link":"https:\/\/hre-official.com\/?p=3251","title":{"rendered":"\u0627\u0633\u062a\u0634\u0647\u0627\u062f \u0627\u062d\u062f \u0631\u0641\u0627\u0642\u0646\u0627 \u0627\u0644\u0634\u0647\u064a\u062f \u0628\u0639\u062f\u064a\u0646\u0627 \u0639\u0641\u0631\u064a\u0646"},"content":{"rendered":"<p style=\"text-align: left;\">Em r\u00eaheval\u00ean xwe Botan \u00fb Behd\u00eena bi r\u00eazdar\u00ee bib\u00eer t\u00eenin<br \/>\nJi \u00c7apemen\u00ee \u00fb Raya Gi\u015ft\u00ee Re!<br \/>\nGel\u00ea me y\u00ea Efr\u00een\u00ea ku di destp\u00eaka me\u015fa azadiy\u00ea de bi day\u00eena berdel\u00ean giranbiha ve, bi t\u00eako\u015f\u00een \u00fb berxwedaniya ku ji bo parastina destkeftiy\u00ean \u015fore\u015f\u00ea t\u00ea raberkirin, b\u00fb israra jiyana bi r\u00fbmet \u00fb welatpar\u00eaziy\u00ea de. Hevr\u00eay\u00ean me Botan Efr\u00een \u00fb Behd\u00eena Efr\u00een j\u00ee du hevr\u00eay\u00ean dilw\u00earek \u00fb fedaiy\u00ea xaka xwe b\u00fbn ji bo parastina destekeftiy\u00ean nirx\u00ean \u015fore\u015f\u00ea li her\u00eama Efr\u00een\u00ea kar \u00fb xebat\u00ean xwe didan me\u015fandin. Di d\u00eeroka 12\u2019\u00ea Tebaxa 2024\u2019an de li her\u00eama Efr\u00een\u00ea, di navbera t\u00eemeke me \u00fb dijmin\u00ea dagirker de \u015fer \u00fb pev\u00e7\u00fbn derket. Di encama pev\u00e7\u00fbn\u00ea de r\u00eaheval\u00ean me Botan \u00fb Behd\u00eena Efr\u00een \u015feh\u00eed b\u00fbn.<br \/>\nHevr\u00eay\u00ea me Botan, li bajar\u00ea Efr\u00een\u00ea, di nava malbatek\u00ee bi \u00e7anda welatpar\u00eaz\u00ee \u00fb Kurdayetiy\u00ea ve gir\u00eaday\u00ee t\u00ea mezinkirin. Di temen\u00ea xwe y\u00ea ciwantiy\u00ea de rast\u00ee \u00fb heq\u00eeqeta \u00ear\u00ee\u015f \u00fb pol\u00eet\u00eekay\u00ean qirkirin \u00fb \u00eemhay\u00ea \u00ea dijmin ku li ser gel\u00ea me t\u00ea me\u015fandin ferq dike \u00fb ji ber van sedeman ber\u00ea xwe dide nava ref\u00ean \u015fore\u015f\u00ea. Ji destp\u00eaka \u015fore\u015f\u00ea de li hember \u00e7etey\u00ean dagirker \u00fb hov \u00ean ku para xwe ji mirovahiy\u00ea negirtine di cih \u00fb dem\u00ean c\u00fbda de bi erk \u00fb wez\u00eefey\u00ean \u015fore\u015f\u00ea radibe. Bi taybet\u00ee di sala 2016\u2019an de cih\u00ea xwe di p\u00eangava rizgariy\u00ea \u00ea \u015eehbay\u00ea \u00fb di sala 2018\u2019an de dema \u00ear\u00ee\u015fa li ser Efr\u00een\u00ea de li hember\u00ee her away\u00ee kiryar\u00ean dijmirov\u00ee y\u00ean h\u00eaz\u00ean \u00e7ete, li hember\u00ee dagirkeriya Tirk \u015fer\u00ea parastin\u00ea dide me\u015fandin. Hevr\u00ea Botan d\u00eet ku yekane v\u00ea daxwaza xwe p\u00eak b\u00eene \u00fb ji kiryar\u00ean dijmin re bibe bersiv bi tevl\u00eeb\u00fbna nava ref\u00ean h\u00eaz\u00ean me ve daxwaz\u00ea xwe p\u00eak b\u00eene. R\u00eaheval Botan ji roja ku tevl\u00ee b\u00fbye bi ked \u00fb fedakariya xwe ve t\u00eako\u015f\u00eenek\u00ee b\u00ea hempa, bi co\u015f \u00fb kelecan\u00eeyeke mezin tevl\u00eeb\u00fbnek\u00ee xurt da raberkirin.<br \/>\nHevr\u00ea Behd\u00eena Efr\u00een ew j\u00ee m\u00eena hevr\u00ea Botan Efr\u00een li bajar\u00ea Efr\u00een\u00ea di malbatek\u00ee gir\u00eaday\u00ee \u00e7and \u00fb kevne\u015fopiya xwe ve mezin dibe, h\u00een di bi\u00e7\u00fbkatiya xwe de, ji ber tevl\u00eeb\u00fbna malbat\u00ea \u00ea nava ref\u00ean t\u00eako\u015f\u00eena azadiy\u00ea nas dike. Dema ku \u015fore\u015fa azadiy\u00ea ya Rojava destp\u00ea kir, ew j\u00ee ber\u00ea xwe dide nava ref\u00ean \u015fore\u015f\u00ea. Ji p\u00eangava rizgarkirina \u015eehba heta \u015fer\u00ea Berxwedana Serdem\u00ea cih\u00ea xwe di \u00e7eper\u00ean berxwedan \u00fb r\u00fbmet\u00ea de digire. Bi taybet\u00ee pi\u015ft\u00ea gel\u00ea me ne\u00e7ariy\u00ea ko\u00e7beriy\u00ea \u00ea dever\u00ean c\u00fbda hate kirin carek\u00ee din j\u00ee hevr\u00ea Behd\u00eena Soza xwe n\u00fb dike \u00fb ber\u00ea xwe dide nava ref\u00ean H\u00eaz\u00ean Rizgariya Efr\u00een\u00ea \u00fb di \u00e7eper\u00ean \u015fer de cih\u00ea xwe digire. Hevr\u00ea Behd\u00eena ji roja ku tevl\u00ee b\u00fbye heya k\u00ealiya xwe ya daw\u00ee erk \u00fb peywir\u00ean ket li ser mil\u00ea xwe p\u00eak an\u00ee.<br \/>\nHevr\u00eay\u00ean me Botan \u00fb Behd\u00eena carek\u00ee din j\u00ee bi temen\u00ean xwe y\u00ea ciwantiy\u00ea y\u00ean her\u00ee bedew ve diyarkirin ku \u00ear\u00ee\u015fa dijmin \u00ean li ser nirx\u00ean me ji ku der\u00ea t\u00ea bila b\u00ea w\u00ea ciwan\u00ean xwed\u00ee bi r\u00fbmet li w\u00ea der\u00ea bin. Em wek H\u00eaz\u00ean Rizgariya Efr\u00een\u00ea soz didin ku heta v\u00ea armanca heval\u00ean xwe y\u00ean \u015feh\u00eed p\u00eak b\u00eenin, em \u00ea t\u00eako\u015f\u00eena xwe b\u00eanavber dewam bikin. Li ser van esasan, em di ser\u00ee de ji malbat\u00ean h\u00eaja y\u00ean hevr\u00eay\u00ean xwe \u00ean \u015feh\u00eed \u00fb hem\u00fb gel\u00ea xwe y\u00ea welatpar\u00eaz re sersaxiy\u00ea dixwazin.<\/p>\n<p style=\"text-align: left;\">Nasnamey\u00ean r\u00eaheval\u00ean me y\u00ean \u015feh\u00eed wiha ne:<br \/>\nNasnav: Botan Efr\u00een<br \/>\nNav \u00fb Pa\u015fnav: Ebdirehman Ehmed<br \/>\nNav\u00ea Dayik\u00ea: Fatme<br \/>\nNav\u00ea Bav: Mihemed<br \/>\nCih \u00fb D\u00eeroka \u015eehadet\u00ea: Her\u00eama Efr\u00een\u00ea \/ 12\u2019\u00ea Tebaxa 2024<\/p>\n<p style=\"text-align: left;\">Nasnav: Behd\u00eena Efr\u00een<br \/>\nNav \u00fb Pa\u015fnav: Mihemed Tenbel<br \/>\nNav\u00ea Dayik\u00ea: Em\u00eene<br \/>\nNav\u00ea Bav: Mihemed<br \/>\nCih \u00fb D\u00eeroka \u015eehadet\u00ea: Her\u00eama Efr\u00een\u00ea \/ 12\u2019\u00ea Tebaxa 2024<br \/>\nH\u00eaz\u00ean Rizgariya Efr\u00een\u00ea 13\u2019\u00ea Tebaxa 2024<\/p>\n<p><img loading=\"lazy\" decoding=\"async\" class=\"alignnone size-medium wp-image-3253\" src=\"https:\/\/hre-official.com\/wp-content\/uploads\/2024\/08\/Bild_2024-08-13_083106123-300x200.png\" alt=\"\" width=\"300\" height=\"200\" srcset=\"https:\/\/hre-official.com\/wp-content\/uploads\/2024\/08\/Bild_2024-08-13_083106123-300x200.png 300w, https:\/\/hre-official.com\/wp-content\/uploads\/2024\/08\/Bild_2024-08-13_083106123-1024x682.png 1024w, https:\/\/hre-official.com\/wp-content\/uploads\/2024\/08\/Bild_2024-08-13_083106123-768x512.png 768w, https:\/\/hre-official.com\/wp-content\/uploads\/2024\/08\/Bild_2024-08-13_083106123.png 1280w\" sizes=\"auto, (max-width: 300px) 100vw, 300px\" \/><\/p>\n<p>&nbsp;<\/p>\n<p><img loading=\"lazy\" decoding=\"async\" class=\"alignnone size-medium wp-image-3252\" src=\"https:\/\/hre-official.com\/wp-content\/uploads\/2024\/08\/Bild_2024-08-13_083039521-300x200.png\" alt=\"\" width=\"300\" height=\"200\" srcset=\"https:\/\/hre-official.com\/wp-content\/uploads\/2024\/08\/Bild_2024-08-13_083039521-300x200.png 300w, https:\/\/hre-official.com\/wp-content\/uploads\/2024\/08\/Bild_2024-08-13_083039521-1024x682.png 1024w, https:\/\/hre-official.com\/wp-content\/uploads\/2024\/08\/Bild_2024-08-13_083039521-768x512.png 768w, https:\/\/hre-official.com\/wp-content\/uploads\/2024\/08\/Bild_2024-08-13_083039521.png 1280w\" sizes=\"auto, (max-width: 300px) 100vw, 300px\" \/><\/p>\n","protected":false},"excerpt":{"rendered":"<p>Em r\u00eaheval\u00ean xwe Botan \u00fb Behd\u00eena bi r\u00eazdar\u00ee bib\u00eer t\u00eenin Ji \u00c7apemen\u00ee \u00fb Raya Gi\u015ft\u00ee Re! Gel\u00ea me y\u00ea Efr\u00een\u00ea ku di destp\u00eaka me\u015fa azadiy\u00ea de bi day\u00eena berdel\u00ean giranbiha ve, bi t\u00eako\u015f\u00een \u00fb berxwedaniya ku ji bo parastina destkeftiy\u00ean \u015fore\u015f\u00ea t\u00ea raberkirin, b\u00fb israra jiyana bi r\u00fbmet \u00fb welatpar\u00eaziy\u00ea de. Hevr\u00eay\u00ean me Botan Efr\u00een &hellip;<\/p>\n","protected":false},"author":1,"featured_media":3254,"comment_status":"open","ping_status":"open","sticky":false,"template":"","format":"standard","meta":{"_jetpack_memberships_contains_paid_content":false,"footnotes":""},"categories":[26],"tags":[],"class_list":["post-3251","post","type-post","status-publish","format-standard","has-post-thumbnail","hentry","category-26"],"jetpack_featured_media_url":"https:\/\/hre-official.com\/wp-content\/uploads\/2024\/08\/Bild_2024-08-13_083149547.png","jetpack_sharing_enabled":true,"_links":{"self":[{"href":"https:\/\/hre-official.com\/index.php?rest_route=\/wp\/v2\/posts\/3251","targetHints":{"allow":["GET"]}}],"collection":[{"href":"https:\/\/hre-official.com\/index.php?rest_route=\/wp\/v2\/posts"}],"about":[{"href":"https:\/\/hre-official.com\/index.php?rest_route=\/wp\/v2\/types\/post"}],"author":[{"embeddable":true,"href":"https:\/\/hre-official.com\/index.php?rest_route=\/wp\/v2\/users\/1"}],"replies":[{"embeddable":true,"href":"https:\/\/hre-official.com\/index.php?rest_route=%2Fwp%2Fv2%2Fcomments&post=3251"}],"version-history":[{"count":0,"href":"https:\/\/hre-official.com\/index.php?rest_route=\/wp\/v2\/posts\/3251\/revisions"}],"wp:featuredmedia":[{"embeddable":true,"href":"https:\/\/hre-official.com\/index.php?rest_route=\/wp\/v2\/media\/3254"}],"wp:attachment":[{"href":"https:\/\/hre-official.com\/index.php?rest_route=%2Fwp%2Fv2%2Fmedia&parent=3251"}],"wp:term":[{"taxonomy":"category","embeddable":true,"href":"https:\/\/hre-official.com\/index.php?rest_route=%2Fwp%2Fv2%2Fcategories&post=3251"},{"taxonomy":"post_tag","embeddable":true,"href":"https:\/\/hre-official.com\/index.php?rest_route=%2Fwp%2Fv2%2Ftags&post=3251"}],"curies":[{"name":"wp","href":"https:\/\/api.w.org\/{rel}","templated":true}]}}