{"id":3208,"date":"2024-07-31T08:21:57","date_gmt":"2024-07-31T08:21:57","guid":{"rendered":"https:\/\/hre-official.com\/?p=3208"},"modified":"2024-07-31T08:21:57","modified_gmt":"2024-07-31T08:21:57","slug":"%d8%a7%d8%b3%d8%aa%d8%b4%d9%87%d8%a7%d8%af-%d8%a7%d8%ad%d8%af-%d8%b1%d9%81%d8%a7%d9%82%d9%86%d8%a7-%d8%ac%d9%83%d8%af%d8%a7%d8%b1-%d9%83%d9%88%d8%a8%d8%a7%d9%86%d9%8a","status":"publish","type":"post","link":"https:\/\/hre-official.com\/?p=3208","title":{"rendered":"\u0627\u0633\u062a\u0634\u0647\u0627\u062f \u0627\u062d\u062f \u0631\u0641\u0627\u0642\u0646\u0627 \u062c\u0643\u062f\u0627\u0631 \u0643\u0648\u0628\u0627\u0646\u064a"},"content":{"rendered":"<p style=\"text-align: left;\">Em hevr\u00eay\u00ean xwe Dilsoz Reco \u00fb \u00c7ekdar Koban\u00ea bi r\u00eazdar\u00ee bi b\u00eer t\u00een\u00een<br \/>\nJi \u00c7apemen\u00ee \u00fb Raya G\u00ee\u015ft\u00ee Re<br \/>\nHevr\u00eay\u00ean me Dilsoz Reco \u00fb \u00c7ekdar Koban\u00ea du leheng\u00ean azadiy\u00ea b\u00fbn ku ji hemb\u00eaza v\u00ea gel\u00ea berxwed\u00ear \u00fb serhild\u00ear derketib\u00fbn ser r\u00ea\u00e7a azadiy\u00ea. Ji \u015fer\u00ea Heleb\u00ea heta rizgarkirina \u015eehbay\u00ea \u00fb \u015fer\u00ea li dij\u00ee DAI\u015e\u2019\u00ea ya sala 2016\u2019an de \u00fb di p\u00eavajoya Berxwedana Serdem\u00ea ya Efr\u00een\u00ea de bi erk\u00ean xwe y\u00ean mirov\u00ee rab\u00fbn. Bi taybet\u00ee pi\u015ft\u00ee ku \u015fer\u00ea me y\u00ea rizgariy\u00ea li hemberi dewleta Tirk a dagirker \u00fb kom\u00ean \u00e7etey\u00ean w\u00ea di \u00e7ar\u00e7oveya Qonaxa Duyem\u00een a Berxwedana Serdem\u00ea ya Efr\u00een\u00ea de destp\u00ea kir, hevr\u00eay\u00ean me be\u015fdar\u00ee nava ref\u00ean H\u00eaz\u00ean Rizgariya Efr\u00een\u00ea b\u00fbn. Ji bo ku ji \u00ear\u00ee\u015f\u00ean li ser gel\u00ea me t\u00ea kirin ra bibin bersiv li k\u00ealeka r\u00eaheval\u00ean xwe di eniy\u00ean her\u00ee p\u00ea\u015f de cih\u00ean xwe girtin.<br \/>\nHevr\u00eay\u00ea me Dilsoz di roja 29\u2019\u00ea T\u00eermeh\u00ea de li her\u00eama Efr\u00een\u00ea de di navbera t\u00eemeke me \u00fb dijmin de \u015fer \u00fb pev\u00e7\u00fbn derket. Di encama pev\u00e7\u00fbn\u00ea de hevr\u00eay\u00ea me Dilsoz bi feday\u00ee \u015fer kir \u00fb tevl\u00ee karwan\u00ean nemiran b\u00fb. R\u00eaheval\u00ea me \u00c7ekdar Koban\u00ea j\u00ee di encama nexwe\u015fiy\u00ea de di roja 29\u2019\u00ea T\u00eermeh\u00ea de li her\u00eama Efr\u00een\u00ea \u015feh\u00eed b\u00fb.<br \/>\nHevr\u00eay\u00ea me Dilsoz Reco bi nav\u00ea xwe y\u00ea rast Mihemed \u015e\u00eax Dada ku ji bajar\u00ea Efr\u00een\u00ea ye, dema \u015fore\u015fa Rojavay\u00ea Kurdistan\u00ea destp\u00ea dike, weke ciwanek\u00ee kurd \u00ea xwedan \u015feref \u00fb r\u00fbmet ber\u00ea xwe dide \u00e7eper\u00ean \u015fer. Bi taybet\u00ee li eniy\u00ean her\u00ee p\u00ea\u015f \u00ean Heleb, her wiha p\u00eangava rizgarkirina \u015eehbay\u00ea \u00fb di heman dem\u00ea de di \u015fer\u00ea berxwedana serdem\u00ea de li k\u00ealeka heval\u00ean xwe mil bi mil parastina xaka welat kir. R\u00eaheval Dilsoz ji roja ku tevl\u00ee nava ref\u00ean \u015fore\u015f\u00ea b\u00fbye, derbas\u00ea ku der\u00ea b\u00fbye \u00e7i erk \u00fb wez\u00eefey\u00ean dem\u00ea p\u00eaw\u00eest kir p\u00eara rab\u00fb \u00fb xwe ti deman neda aliyek\u00ee. Li her dem\u00ea li ref\u00ean p\u00ea\u015f t\u00eako\u015f\u00een \u00fb berxwedaniyek\u00ee b\u00ea hemba ji bo azadiya gel \u00fb mirovahiy\u00ea raber kir. Bi taybet\u00ee pi\u015ft\u00ee dagirkirina bajar\u00ea Efr\u00een\u00ea dema gel\u00ea me ne\u00e7ar\u00ea ko\u00e7beriy\u00ea hate kirin di dil \u00fb mejiy\u00ea xwe de \u00ea\u015f \u00fb azara ku li ser gel\u00ea me t\u00ea kirin carek\u00ee din j\u00ee d\u00eet \u00fb h\u00ees kir, ji ber v\u00ea yek\u00ea j\u00ee her dem\u00ea k\u00een \u00fb h\u00earsa tolhildan\u00ea di hevr\u00ea Dilsoz de zind\u00ee b\u00fb. Li ser wan esasan j\u00ee ber\u00ea xwe da ser dijmin \u00fb wisa gihi\u015ft \u015fehadet\u00ea.<br \/>\nHevr\u00ea y\u00ea me \u00c7ekdar Koban\u00ea j\u00ee ku ew j\u00ee zarok\u00ea Efr\u00eena berxwed\u00ear \u00fb serhild\u00ear e, di malbatek\u00ee ku dilsoz\u00ean tevgera azadiy\u00ea ne ji dayik dibe \u00fb li ser wan esasan j\u00ee dema mezin dibe ev yek li ser kesayeta hevr\u00eay\u00ea me bandor dike. Bi taybet\u00ee \u00e7awa dema \u015fore\u015fa Rojavay\u00ea Kurdistan\u00ea bi p\u00eakhatey\u00ean her\u00eam\u00ea ve destp\u00ea kir, ji bo parastina destkeftiy\u00ean \u015fore\u015f\u00ea ke\u00e7 \u00fb xort\u00ean dilw\u00earek xwe feda kirin \u00fb ber\u00ea xwe dan \u00e7eper\u00ean \u015fer. Hevr\u00ea \u00c7ekdar j\u00ee yek ji wan hevalan b\u00fb li eniy\u00ean \u015fer cih\u00ea xwe girt, bi taybet\u00ee di berxwedana serdem\u00ea ya Efr\u00een\u00ea de li rex heval\u00ean xwe li hember\u00ee dagirkeran \u015fer kir. Di gelek qonax\u00ean \u015fore\u015f\u00ea \u00ean zor \u00fb zehmet re derbas b\u00fb \u00fb b\u00fb \u015fore\u015fgerek\u00ee m\u00eenak. Bi sekn \u00fb jiyana xwe di nav heval\u00ean xwe de hat hezkirin.<br \/>\nEm weke hevr\u00eay\u00ean wan soz didin ku em \u00ea bibin layiq\u00ea jiyan \u00fb m\u00eerateya ku hevr\u00ea Dilsoz \u00fb \u00c7ekdar dewr\u00ee me kirin, em \u00ea teqez xeyal \u00fb armanc\u00ean wan bi serkeftin\u00ea ve tac\u00eedar bikin. Li ser van esasan, em di ser\u00ee de ji malbat\u00ean hevr\u00eay\u00ean xwe y\u00ea h\u00eaja Dilsoz \u00fb \u00c7ekdar \u00fb hem\u00fb gel\u00ea xwe y\u00ea welatpar\u00eaz re sersaxiy\u00ea dixwazin.<\/p>\n<p style=\"text-align: left;\">Nasnamey\u00ean r\u00eaheval\u00ean me y\u00ea \u015feh\u00eed wiha ne:<br \/>\nNasnav: Dilsoz Reco<br \/>\nNav \u00fb Pa\u015fnav: Mihemed \u015e\u00eax Dada<br \/>\nNav\u00ea Dayik\u00ea: Heyat<br \/>\nNav\u00ea Bav: Mistefa<br \/>\nCih \u00fb D\u00eeroka \u015eehadet\u00ea: Her\u00eama Efr\u00een\u00ea \/ 29\u2019\u00ea T\u00eermeha 2024<\/p>\n<p style=\"text-align: left;\">Nasnav: \u00c7ekdar Koban\u00ea<br \/>\nNav \u00fb Pa\u015fnav: Xebat \u00cebrah\u00eem<br \/>\nNav\u00ea Dayik\u00ea: Sem\u00eera<br \/>\nNav\u00ea Bav: Mihemed<br \/>\nCih \u00fb D\u00eeroka \u015eehadet\u00ea: Her\u00eama Efr\u00een\u00ea \/ 29\u2019\u00ea T\u00eermeha 2024<\/p>\n<p style=\"text-align: left;\">H\u00eaz\u00ean Rizgariya Efr\u00een\u00ea<br \/>\n31\u2019\u00ea T\u00eermeha 2024<\/p>\n<p>&nbsp;<\/p>\n<p><img loading=\"lazy\" decoding=\"async\" class=\"alignnone size-medium wp-image-3216\" src=\"https:\/\/hre-official.com\/wp-content\/uploads\/2024\/07\/5859398031533785313-300x225.jpg\" alt=\"\" width=\"300\" height=\"225\" srcset=\"https:\/\/hre-official.com\/wp-content\/uploads\/2024\/07\/5859398031533785313-300x225.jpg 300w, https:\/\/hre-official.com\/wp-content\/uploads\/2024\/07\/5859398031533785313-1024x768.jpg 1024w, https:\/\/hre-official.com\/wp-content\/uploads\/2024\/07\/5859398031533785313-768x576.jpg 768w, https:\/\/hre-official.com\/wp-content\/uploads\/2024\/07\/5859398031533785313.jpg 1280w\" sizes=\"auto, (max-width: 300px) 100vw, 300px\" \/> <img loading=\"lazy\" decoding=\"async\" class=\"alignnone size-medium wp-image-3217\" src=\"https:\/\/hre-official.com\/wp-content\/uploads\/2024\/07\/5859398031533785315-300x200.jpg\" alt=\"\" width=\"300\" height=\"200\" srcset=\"https:\/\/hre-official.com\/wp-content\/uploads\/2024\/07\/5859398031533785315-300x200.jpg 300w, https:\/\/hre-official.com\/wp-content\/uploads\/2024\/07\/5859398031533785315-1024x682.jpg 1024w, https:\/\/hre-official.com\/wp-content\/uploads\/2024\/07\/5859398031533785315-768x512.jpg 768w, https:\/\/hre-official.com\/wp-content\/uploads\/2024\/07\/5859398031533785315.jpg 1280w\" sizes=\"auto, (max-width: 300px) 100vw, 300px\" \/> <img loading=\"lazy\" decoding=\"async\" class=\"alignnone size-medium wp-image-3218\" src=\"https:\/\/hre-official.com\/wp-content\/uploads\/2024\/07\/5859398031533785314-300x225.jpg\" alt=\"\" width=\"300\" height=\"225\" srcset=\"https:\/\/hre-official.com\/wp-content\/uploads\/2024\/07\/5859398031533785314-300x225.jpg 300w, https:\/\/hre-official.com\/wp-content\/uploads\/2024\/07\/5859398031533785314-1024x768.jpg 1024w, https:\/\/hre-official.com\/wp-content\/uploads\/2024\/07\/5859398031533785314-768x576.jpg 768w, https:\/\/hre-official.com\/wp-content\/uploads\/2024\/07\/5859398031533785314.jpg 1280w\" sizes=\"auto, (max-width: 300px) 100vw, 300px\" \/><\/p>\n","protected":false},"excerpt":{"rendered":"<p>Em hevr\u00eay\u00ean xwe Dilsoz Reco \u00fb \u00c7ekdar Koban\u00ea bi r\u00eazdar\u00ee bi b\u00eer t\u00een\u00een Ji \u00c7apemen\u00ee \u00fb Raya G\u00ee\u015ft\u00ee Re Hevr\u00eay\u00ean me Dilsoz Reco \u00fb \u00c7ekdar Koban\u00ea du leheng\u00ean azadiy\u00ea b\u00fbn ku ji hemb\u00eaza v\u00ea gel\u00ea berxwed\u00ear \u00fb serhild\u00ear derketib\u00fbn ser r\u00ea\u00e7a azadiy\u00ea. Ji \u015fer\u00ea Heleb\u00ea heta rizgarkirina \u015eehbay\u00ea \u00fb \u015fer\u00ea li dij\u00ee DAI\u015e\u2019\u00ea ya sala &hellip;<\/p>\n","protected":false},"author":1,"featured_media":3219,"comment_status":"open","ping_status":"open","sticky":false,"template":"","format":"standard","meta":{"_jetpack_memberships_contains_paid_content":false,"footnotes":""},"categories":[26],"tags":[],"class_list":["post-3208","post","type-post","status-publish","format-standard","has-post-thumbnail","hentry","category-26"],"jetpack_featured_media_url":"https:\/\/hre-official.com\/wp-content\/uploads\/2024\/07\/5859398031533785305.jpg","jetpack_sharing_enabled":true,"_links":{"self":[{"href":"https:\/\/hre-official.com\/index.php?rest_route=\/wp\/v2\/posts\/3208","targetHints":{"allow":["GET"]}}],"collection":[{"href":"https:\/\/hre-official.com\/index.php?rest_route=\/wp\/v2\/posts"}],"about":[{"href":"https:\/\/hre-official.com\/index.php?rest_route=\/wp\/v2\/types\/post"}],"author":[{"embeddable":true,"href":"https:\/\/hre-official.com\/index.php?rest_route=\/wp\/v2\/users\/1"}],"replies":[{"embeddable":true,"href":"https:\/\/hre-official.com\/index.php?rest_route=%2Fwp%2Fv2%2Fcomments&post=3208"}],"version-history":[{"count":0,"href":"https:\/\/hre-official.com\/index.php?rest_route=\/wp\/v2\/posts\/3208\/revisions"}],"wp:featuredmedia":[{"embeddable":true,"href":"https:\/\/hre-official.com\/index.php?rest_route=\/wp\/v2\/media\/3219"}],"wp:attachment":[{"href":"https:\/\/hre-official.com\/index.php?rest_route=%2Fwp%2Fv2%2Fmedia&parent=3208"}],"wp:term":[{"taxonomy":"category","embeddable":true,"href":"https:\/\/hre-official.com\/index.php?rest_route=%2Fwp%2Fv2%2Fcategories&post=3208"},{"taxonomy":"post_tag","embeddable":true,"href":"https:\/\/hre-official.com\/index.php?rest_route=%2Fwp%2Fv2%2Ftags&post=3208"}],"curies":[{"name":"wp","href":"https:\/\/api.w.org\/{rel}","templated":true}]}}