{"id":3114,"date":"2024-04-30T07:23:56","date_gmt":"2024-04-30T07:23:56","guid":{"rendered":"https:\/\/hre-official.com\/?p=3114"},"modified":"2024-04-30T07:27:24","modified_gmt":"2024-04-30T07:27:24","slug":"%d8%a7%d8%b3%d8%aa%d8%b4%d9%87%d8%a7%d8%af-%d8%a7%d8%ad%d8%af-%d8%b1%d9%81%d8%a7%d9%82%d9%86%d8%a7-%d8%a7%d9%84%d8%b4%d9%87%d9%8a%d8%af-%d8%b9%d8%a7%d8%b1%d9%81-%d8%b1%d8%a7%d8%b4%d9%83%d9%8a%d9%84","status":"publish","type":"post","link":"https:\/\/hre-official.com\/?p=3114","title":{"rendered":"\u0627\u0633\u062a\u0634\u0647\u0627\u062f \u0627\u062d\u062f \u0631\u0641\u0627\u0642\u0646\u0627 \u0627\u0644\u0634\u0647\u064a\u062f \u0639\u0627\u0631\u0641 \u0631\u0627\u0634\u0643\u064a\u0644\u0648"},"content":{"rendered":"\n<p class=\"has-text-align-left\">Em hevr\u00eay\u00ea xwe De\u015ft\u00ee bi r\u00eazdar\u00ee bi b\u00eer t\u00een\u00een<br>Ji \u00c7apemen\u00ee \u00fb Raya Gi\u015ft\u00ee re<br>Hevr\u00eay\u00ea me De\u015ft\u00ee Efr\u00een ku di \u00e7ar\u00e7oveya Qonaxa Duyem\u00een a Berxwedana Serdem\u00ea ya Efr\u00een\u00ea de t\u00eako\u015f\u00een \u00fb berxwedaniya me ya li hember dewleta Tirk a dagirker \u00fb kom\u00ean \u00e7etey\u00ean w\u00ea didome de kar \u00fb xebat\u00ean xwe dida me\u015fandin, roja 28\u2019\u00ea N\u00eesan\u00ea dema li ser erka xwe b\u00fb, \u015feh\u00eed b\u00fb.<br>Hevr\u00eay\u00ea me De\u015ft\u00ee Efr\u00een bi nav\u00ea xwe y\u00ea rast Arif Re\u015fkilo di malbatek\u00ee xwedan welatpar\u00eaz \u00fb bi tevl\u00eeb\u00fbna nava ref\u00ean azadiy\u00ea ve t\u00ean naskirin li bajar\u00ea Efr\u00een\u00ea ji dayik dibe. Di destp\u00eakirina \u015eore\u015fa Rojava re \u00e7alak tevl\u00ee xebatan b\u00fb. Ji \u015fer\u00ea Heleb\u00ea heta Berxwedana Serdem\u00ea ya Efr\u00een\u00ea bi hest\u00ean welatperwer\u00ee \u00fb xwedan wijdan bi erk \u00fb wez\u00eefeya xwe y\u00ea mirov\u00ee rab\u00fb. Bi taybet\u00ee pi\u015ft\u00ee ku di sala 2018\u2019an de Efr\u00een li p\u00ea\u015f \u00e7av\u00ea c\u00eehan\u00ea bi konseptek\u00ee taybet a gi\u015ft\u00ee ve hate dagirkirin, b\u00eay\u00ee ku raweste xwe di her waran de tanz\u00eem kir, cih\u00ea ku t\u00ea da k\u00eam \u00fb lawaz dima xwe perwerde kir, bi co\u015f \u00fb kelecaneke mezin ber\u00ea xwe da \u00e7eper\u00ean \u015fer. Ji roja ku tevl\u00ee nava ref\u00ean me b\u00fbye heya van k\u00ealiyan j\u00ee hevr\u00ea y\u00ea me rixm\u00ea hem\u00fb k\u00ealiy\u00ean zor \u00fb zehmetiyan j\u00ee li k\u00ealeka hevr\u00ea \u00fb hogir\u00ean xwe \u015fer\u00ea azad\u00ee \u00fb serxweb\u00fbna welat da me\u015fandin. Li her devera ku \u00e7\u00fb \u00fb kar da me\u015fandin bi hezkirin \u00fb hevaltiya xwe y\u00ea rast \u00fb ji dil ve hate hezkirin. Hem\u00fb erk \u00fb wez\u00eefey\u00ean ku j\u00ea re hate diyarkirin bi \u015f\u00eawaz \u00fb tempoyek\u00ee bilind bi ser da \u00e7\u00fb, xwe ti deman ji erk\u00ean j\u00ea ra hate diyarkirin neda milek\u00ee \u00fb p\u00ea\u015fengt\u00ee ji heval\u00ean k\u00ealeka xwe re kir.<br>Em di ser\u00ee de sersaxiy\u00ea ji malbata h\u00eaja ya De\u015ft\u00ee Efr\u00een \u00fb ji gel\u00ea xwe y\u00ea welatpar\u00eaz re dixwazin \u00fb careke din soz didin ku em \u00ea xeta t\u00eako\u015f\u00eena \u015feh\u00eed\u00ean xwe esas bigirin \u00fb armanc\u00ean wan bi ser bixin.<br>Nasnameya r\u00eaheval\u00ea me y\u00ea \u015feh\u00eed wiha ye:<br>Nasnav: De\u015ft\u00ee<br>Nav \u00fb Pa\u015fnav: Arif Re\u015fkilo<br>Nav\u00ea Dayik\u00ea: Meqbule<br>Nav\u00ea Bav: Arif<br>Cih \u00fb D\u00eeroka \u015eehadet\u00ea: Her\u00eama Efr\u00een\u00ea \/ 28\u2019\u00ea N\u00eesana 2024<\/p>\n\n\n\n<p class=\"has-text-align-left\">H\u00eaz\u00ean Rizgariya Efr\u00een\u00ea<br \/>30\u2019\u00ea N\u00eesana 2024<\/p>\n\n\n\n<figure class=\"wp-block-image size-large\"><img loading=\"lazy\" decoding=\"async\" width=\"1024\" height=\"682\" src=\"https:\/\/hre-official.com\/wp-content\/uploads\/2024\/04\/img_20240430_092300_5035930591223393787431-1024x682.jpg\" alt=\"\" class=\"wp-image-3110\" srcset=\"https:\/\/hre-official.com\/wp-content\/uploads\/2024\/04\/img_20240430_092300_5035930591223393787431-1024x682.jpg 1024w, https:\/\/hre-official.com\/wp-content\/uploads\/2024\/04\/img_20240430_092300_5035930591223393787431-300x200.jpg 300w, https:\/\/hre-official.com\/wp-content\/uploads\/2024\/04\/img_20240430_092300_5035930591223393787431-768x512.jpg 768w, https:\/\/hre-official.com\/wp-content\/uploads\/2024\/04\/img_20240430_092300_5035930591223393787431.jpg 1280w\" sizes=\"auto, (max-width: 1024px) 100vw, 1024px\" \/><\/figure>\n\n\n\n<figure class=\"wp-block-image\"><img loading=\"lazy\" decoding=\"async\" width=\"1024\" height=\"682\" src=\"https:\/\/hre-official.com\/wp-content\/uploads\/2024\/04\/img_20240430_092300_2244898523108963340953-1024x682.jpg\" alt=\"\" class=\"wp-image-3111\" srcset=\"https:\/\/hre-official.com\/wp-content\/uploads\/2024\/04\/img_20240430_092300_2244898523108963340953-1024x682.jpg 1024w, https:\/\/hre-official.com\/wp-content\/uploads\/2024\/04\/img_20240430_092300_2244898523108963340953-300x200.jpg 300w, https:\/\/hre-official.com\/wp-content\/uploads\/2024\/04\/img_20240430_092300_2244898523108963340953-768x512.jpg 768w, https:\/\/hre-official.com\/wp-content\/uploads\/2024\/04\/img_20240430_092300_2244898523108963340953.jpg 1280w\" sizes=\"auto, (max-width: 1024px) 100vw, 1024px\" \/><\/figure>\n\n\n\n<figure class=\"wp-block-image\"><img loading=\"lazy\" decoding=\"async\" width=\"1024\" height=\"682\" src=\"https:\/\/hre-official.com\/wp-content\/uploads\/2024\/04\/img_20240430_092300_6558595266880214093349-1024x682.jpg\" alt=\"\" class=\"wp-image-3112\" srcset=\"https:\/\/hre-official.com\/wp-content\/uploads\/2024\/04\/img_20240430_092300_6558595266880214093349-1024x682.jpg 1024w, https:\/\/hre-official.com\/wp-content\/uploads\/2024\/04\/img_20240430_092300_6558595266880214093349-300x200.jpg 300w, https:\/\/hre-official.com\/wp-content\/uploads\/2024\/04\/img_20240430_092300_6558595266880214093349-768x512.jpg 768w, https:\/\/hre-official.com\/wp-content\/uploads\/2024\/04\/img_20240430_092300_6558595266880214093349.jpg 1280w\" sizes=\"auto, (max-width: 1024px) 100vw, 1024px\" \/><\/figure>\n","protected":false},"excerpt":{"rendered":"<p>Em hevr\u00eay\u00ea xwe De\u015ft\u00ee bi r\u00eazdar\u00ee bi b\u00eer t\u00een\u00eenJi \u00c7apemen\u00ee \u00fb Raya Gi\u015ft\u00ee reHevr\u00eay\u00ea me De\u015ft\u00ee Efr\u00een ku di \u00e7ar\u00e7oveya Qonaxa Duyem\u00een a Berxwedana Serdem\u00ea ya Efr\u00een\u00ea de t\u00eako\u015f\u00een \u00fb berxwedaniya me ya li hember dewleta Tirk a dagirker \u00fb kom\u00ean \u00e7etey\u00ean w\u00ea didome de kar \u00fb xebat\u00ean xwe dida me\u015fandin, roja 28\u2019\u00ea N\u00eesan\u00ea dema &hellip;<\/p>\n","protected":false},"author":1,"featured_media":3113,"comment_status":"open","ping_status":"open","sticky":false,"template":"","format":"standard","meta":{"_jetpack_memberships_contains_paid_content":false,"footnotes":""},"categories":[26],"tags":[],"class_list":["post-3114","post","type-post","status-publish","format-standard","has-post-thumbnail","hentry","category-26"],"jetpack_featured_media_url":"https:\/\/hre-official.com\/wp-content\/uploads\/2024\/04\/IMG_20240430_092256_742.jpg","jetpack_sharing_enabled":true,"_links":{"self":[{"href":"https:\/\/hre-official.com\/index.php?rest_route=\/wp\/v2\/posts\/3114","targetHints":{"allow":["GET"]}}],"collection":[{"href":"https:\/\/hre-official.com\/index.php?rest_route=\/wp\/v2\/posts"}],"about":[{"href":"https:\/\/hre-official.com\/index.php?rest_route=\/wp\/v2\/types\/post"}],"author":[{"embeddable":true,"href":"https:\/\/hre-official.com\/index.php?rest_route=\/wp\/v2\/users\/1"}],"replies":[{"embeddable":true,"href":"https:\/\/hre-official.com\/index.php?rest_route=%2Fwp%2Fv2%2Fcomments&post=3114"}],"version-history":[{"count":0,"href":"https:\/\/hre-official.com\/index.php?rest_route=\/wp\/v2\/posts\/3114\/revisions"}],"wp:featuredmedia":[{"embeddable":true,"href":"https:\/\/hre-official.com\/index.php?rest_route=\/wp\/v2\/media\/3113"}],"wp:attachment":[{"href":"https:\/\/hre-official.com\/index.php?rest_route=%2Fwp%2Fv2%2Fmedia&parent=3114"}],"wp:term":[{"taxonomy":"category","embeddable":true,"href":"https:\/\/hre-official.com\/index.php?rest_route=%2Fwp%2Fv2%2Fcategories&post=3114"},{"taxonomy":"post_tag","embeddable":true,"href":"https:\/\/hre-official.com\/index.php?rest_route=%2Fwp%2Fv2%2Ftags&post=3114"}],"curies":[{"name":"wp","href":"https:\/\/api.w.org\/{rel}","templated":true}]}}