{"id":3095,"date":"2024-02-20T07:44:48","date_gmt":"2024-02-20T07:44:48","guid":{"rendered":"https:\/\/hre-official.com\/?p=3095"},"modified":"2024-02-20T07:53:33","modified_gmt":"2024-02-20T07:53:33","slug":"%d8%a7%d8%b3%d8%aa%d8%b4%d9%87%d8%a7%d8%af-%d8%a7%d8%ad%d8%af-%d8%b1%d9%81%d8%a7%d9%82%d9%86%d8%a7-%d8%a7%d9%84%d8%b4%d9%87%d9%8a%d8%af-%d8%b4%d9%88%d8%b1%d8%b4-%d8%b9%d9%81%d8%b1%d9%8a%d9%86-2","status":"publish","type":"post","link":"https:\/\/hre-official.com\/?p=3095","title":{"rendered":"\u0627\u0633\u062a\u0634\u0647\u0627\u062f \u0627\u062d\u062f \u0631\u0641\u0627\u0642\u0646\u0627 \u0627\u0644\u0634\u0647\u064a\u062f \u0634\u0648\u0631\u0634 \u0639\u0641\u0631\u064a\u0646"},"content":{"rendered":"\n<p class=\"has-text-align-left\">Em hevr\u00eay\u00ea xwe \u015eore\u015f Efr\u00een bi r\u00eazdar\u00ee bi b\u00eer t\u00een\u00een<br \/>Ji gel\u00ea me \u00fb raya gi\u015ft\u00ee re<br \/>Hevr\u00eay\u00ea me \u015eore\u015f Efr\u00een 18\u2019\u00ea Sibata 2024\u2019an dema li ser erka xwe b\u00fb, kr\u00eeza dil derbas kir \u00fb tevl\u00ee karwan\u00ean nemiran b\u00fb.<br \/>Hevr\u00eay\u00ea me \u015eore\u015f li Efr\u00een\u00ea, di nav malbateke welatpar\u00eaz de hatiye din\u00ea. Gel\u00ea me y\u00ea Efr\u00een\u00ea xwed\u00ee \u00e7anda kevnar e \u00fb jiyana xwe li ser v\u00ea \u00e7and\u00ea didom\u00eenin. Di k\u00ealeka \u00e7anda gel\u00ear\u00ee, bi derketina Tevgera Kurd a Azadiy\u00ea re ji bo parastina ax \u00fb welat\u00ea me li dij\u00ee dagirkeriy\u00ea \u00e7anda berxwedan\u00ea p\u00ea\u015f xistine. Ev \u00e7anda berxwedan\u00ea ji nif\u015f\u00ean pi\u015ft\u00ee xwe re wek m\u00eerateyek\u00ea hatiye hi\u015ftin. Hevr\u00eay\u00ea me \u015eore\u015f j\u00ee li ser v\u00ea \u00e7anda berxwedan\u00ea mezin b\u00fbye. Hevr\u00eay\u00ea me ji ge\u015fedan\u00ean li cih\u00ea ku mezin b\u00fbye \u00fb tevah\u00ee welat\u00ea me diqewime xwe li derve negirt. \u00car\u00ee\u015f\u00ean dijmin \u00ean ji her al\u00ee ve li ser gel\u00ea me ji n\u00eaz ve d\u00eet. Di v\u00ea p\u00eavajoya demdir\u00eaj a \u015fore\u015f\u00ea de tehl\u00fbkeya mezin ne ten\u00ea DAI\u015e b\u00fb, di esas de dewleta Tirk a dagirker bi xwe b\u00fb. Armanc qirkirina gel\u00ea me \u00fb berevaj\u00eekirina destketiy\u00ean \u015fore\u015f\u00ea b\u00fbn. Hevr\u00ea \u015eore\u015f rastiya dijmin \u00fb armanc\u00ean esas\u00ee y\u00ean neyar\u00ean gel\u00ea xwe f\u00eam kir. Li ser van bingehan biryara tevl\u00eeb\u00fbna nav ref\u00ean \u015fore\u015f\u00ea da. Hevr\u00ea \u015eore\u015f ji bo bibe \u015fervanek\u00ee j\u00eer \u00fb zana perwerdeya bingeh\u00een a b\u00eerdoz\u00ee \u00fb le\u015fker\u00ee d\u00eet. Sala 2018\u2019an li dij\u00ee \u00ear\u00ee\u015f\u00ean dewleta Tirk a dagirker a li ser axa Efr\u00een\u00ea ku 58 rojan ajot \u00fb her k\u00ealiya w\u00ea berxwedan b\u00fb \u00fb destan\u00ean lehengiy\u00ea l\u00ea qewim\u00een, li gor erk \u00fb berpirsyariya xwe roleke gir\u00eeng l\u00eest. Hevr\u00ea \u015eore\u015f di me\u015fa xwe ya azadiy\u00ea de ti car\u00ee gav pa\u015fve neav\u00eat. Ji roja yekem\u00een a tevl\u00eeb\u00fbna nav ref\u00ean \u015fore\u015f\u00ea ve bi soza dab\u00fb gel\u00ea xwe \u00fb \u015feh\u00eedan heta k\u00ealiya daw\u00ee gir\u00eaday\u00ee ma. Hevr\u00ea \u015eore\u015f li pey xwe m\u00eerateyek mezin a teko\u015f\u00een\u00ea \u00fb hevr\u00eatiyeke m\u00eenak hi\u015ft.<br \/>Em weke heval\u00ean hevr\u00ea \u015eore\u015f soz didin ku di \u015fexs\u00ea w\u00ee de em \u00ea bibin layiq\u00ea hem\u00fb \u015feh\u00eed\u00ean xwe \u00fb m\u00eerateya t\u00eako\u015f\u00een\u00ea ku ji bo me hi\u015ftiye bi serkeftin\u00ea tac\u00eedar bikin. Em sersaxiy\u00ea di ser\u00ee de ji malbata h\u00eaja y\u00ea hevr\u00eay\u00ea me \u015eore\u015f re \u00fb ji hem\u00fb gel\u00ea xwe y\u00ea welatpar\u00eaz re dixwazin.<br \/>Nasnameya hevr\u00eay\u00ea me y\u00ea \u015feh\u00eed wiha ye:<br \/>Nasnav: \u015eore\u015f Efr\u00een<br \/>Nav \u00fb Pa\u015fnav: \u00cesma\u00eel Ekr\u00eeme<br \/>Nav\u00ea Dayik\u00ea: Meryem<br \/>Nav\u00ea Bav: Ebdilrehman<br \/>Cih \u00fb D\u00eeroka \u015eehadet\u00ea: Her\u00eama Efr\u00een\u00ea \/18\u2019\u00ea Sibata 2024<\/p>\n\n\n\n<p class=\"has-text-align-left\">H\u00eaz\u00ean Rizgariya Efr\u00een\u00ea<br>20\u2019\u00ea Sibata 2024<\/p>\n\n\n\n<figure class=\"wp-block-image size-large\"><img loading=\"lazy\" decoding=\"async\" width=\"1024\" height=\"640\" src=\"https:\/\/hre-official.com\/wp-content\/uploads\/2024\/02\/img_20240220_082705_4821354131263375813958-1024x640.jpg\" alt=\"\" class=\"wp-image-3097\" srcset=\"https:\/\/hre-official.com\/wp-content\/uploads\/2024\/02\/img_20240220_082705_4821354131263375813958-1024x640.jpg 1024w, https:\/\/hre-official.com\/wp-content\/uploads\/2024\/02\/img_20240220_082705_4821354131263375813958-300x188.jpg 300w, https:\/\/hre-official.com\/wp-content\/uploads\/2024\/02\/img_20240220_082705_4821354131263375813958-768x480.jpg 768w, https:\/\/hre-official.com\/wp-content\/uploads\/2024\/02\/img_20240220_082705_4821354131263375813958.jpg 1080w\" sizes=\"auto, (max-width: 1024px) 100vw, 1024px\" \/><\/figure>\n\n\n\n<p class=\"has-text-align-left\">Nasnameya hevr\u00eay\u00ea me y\u00ea \u015feh\u00eed wiha ye:<br>Nasnav: \u015eore\u015f Efr\u00een<br>Nav \u00fb Pa\u015fnav: \u00cesma\u00eel Ekr\u00eeme<br>Nav\u00ea Dayik\u00ea: Meryem<br>Nav\u00ea Bav: Ebdilrehman<br>Cih \u00fb D\u00eeroka \u015eehadet\u00ea: Her\u00eama Efr\u00een\u00ea \/18\u2019\u00ea Sibata 2024<\/p>\n","protected":false},"excerpt":{"rendered":"<p>Em hevr\u00eay\u00ea xwe \u015eore\u015f Efr\u00een bi r\u00eazdar\u00ee bi b\u00eer t\u00een\u00eenJi gel\u00ea me \u00fb raya gi\u015ft\u00ee reHevr\u00eay\u00ea me \u015eore\u015f Efr\u00een 18\u2019\u00ea Sibata 2024\u2019an dema li ser erka xwe b\u00fb, kr\u00eeza dil derbas kir \u00fb tevl\u00ee karwan\u00ean nemiran b\u00fb.Hevr\u00eay\u00ea me \u015eore\u015f li Efr\u00een\u00ea, di nav malbateke welatpar\u00eaz de hatiye din\u00ea. Gel\u00ea me y\u00ea Efr\u00een\u00ea xwed\u00ee \u00e7anda kevnar &hellip;<\/p>\n","protected":false},"author":1,"featured_media":3094,"comment_status":"open","ping_status":"open","sticky":false,"template":"","format":"standard","meta":{"_jetpack_memberships_contains_paid_content":false,"footnotes":""},"categories":[26],"tags":[],"class_list":["post-3095","post","type-post","status-publish","format-standard","has-post-thumbnail","hentry","category-26"],"jetpack_featured_media_url":"https:\/\/hre-official.com\/wp-content\/uploads\/2024\/02\/IMG_20240220_082705_482.jpg","jetpack_sharing_enabled":true,"_links":{"self":[{"href":"https:\/\/hre-official.com\/index.php?rest_route=\/wp\/v2\/posts\/3095","targetHints":{"allow":["GET"]}}],"collection":[{"href":"https:\/\/hre-official.com\/index.php?rest_route=\/wp\/v2\/posts"}],"about":[{"href":"https:\/\/hre-official.com\/index.php?rest_route=\/wp\/v2\/types\/post"}],"author":[{"embeddable":true,"href":"https:\/\/hre-official.com\/index.php?rest_route=\/wp\/v2\/users\/1"}],"replies":[{"embeddable":true,"href":"https:\/\/hre-official.com\/index.php?rest_route=%2Fwp%2Fv2%2Fcomments&post=3095"}],"version-history":[{"count":0,"href":"https:\/\/hre-official.com\/index.php?rest_route=\/wp\/v2\/posts\/3095\/revisions"}],"wp:featuredmedia":[{"embeddable":true,"href":"https:\/\/hre-official.com\/index.php?rest_route=\/wp\/v2\/media\/3094"}],"wp:attachment":[{"href":"https:\/\/hre-official.com\/index.php?rest_route=%2Fwp%2Fv2%2Fmedia&parent=3095"}],"wp:term":[{"taxonomy":"category","embeddable":true,"href":"https:\/\/hre-official.com\/index.php?rest_route=%2Fwp%2Fv2%2Fcategories&post=3095"},{"taxonomy":"post_tag","embeddable":true,"href":"https:\/\/hre-official.com\/index.php?rest_route=%2Fwp%2Fv2%2Ftags&post=3095"}],"curies":[{"name":"wp","href":"https:\/\/api.w.org\/{rel}","templated":true}]}}