{"id":3079,"date":"2024-02-02T15:41:59","date_gmt":"2024-02-02T15:41:59","guid":{"rendered":"https:\/\/hre-official.com\/?p=3079"},"modified":"2024-02-02T18:00:50","modified_gmt":"2024-02-02T18:00:50","slug":"%d8%a7%d8%b3%d8%aa%d8%b4%d9%87%d8%a7%d8%af-%d8%a7%d8%ad%d8%af-%d8%b1%d9%81%d8%a7%d9%82%d9%86%d8%a7-%d8%a7%d9%84%d8%b4%d9%87%d9%8a%d8%af%d8%a9-%d8%ac%d9%8a%d8%a7%d9%86-%d8%b9%d9%81%d8%b1%d9%8a%d9%86","status":"publish","type":"post","link":"https:\/\/hre-official.com\/?p=3079","title":{"rendered":"\u0627\u0633\u062a\u0634\u0647\u0627\u062f \u0627\u062d\u062f \u0631\u0641\u0627\u0642\u0646\u0627 \u0627\u0644\u0634\u0647\u064a\u062f\u0629 \u062c\u064a\u0627\u0646 \u0639\u0641\u0631\u064a\u0646"},"content":{"rendered":"\n<p class=\"has-text-align-left\">Nasnav: Jiyan Efr\u00een<br>Nav \u00fb Pa\u015fnav: Ro\u015f\u00een Mihemed<br>Nav\u00ea Dayik\u00ea: Zeyneb<br>Nav\u00ea Bav: Sil\u00eaman<br>Cih \u00fb D\u00eeroka \u015eehadet\u00ea: Her\u00eama Efr\u00een\/30\u2019\u00ea \u00c7ileya 2024<\/p>\n\n\n\n<p class=\"has-text-align-left\">Ji bo vegera li Efr\u00een\u00ea, gelek hevr\u00eay\u00ean me ji bo rizgariy\u00ea xwe kirin xelat. Jin\u00ean ciwan \u00ean ji dever\u00ean cuda hatin, dilsoz\u00ee \u00fb gir\u00eadana xwe ya bi \u015fore\u015fa Rojava re diyar kirin, heb\u00fbna xwe di nava ref\u00ean \u015fore\u015f\u00ea d\u00eetin. Bi reng \u00fb awaz\u00ean xwe y\u00ean hey\u00ee b\u00fbn remza p\u00ea\u015fengtiya \u015fore\u015fa gelan. Hevr\u00eaya me Jiyan Efr\u00een j\u00ee pi\u015ft\u00ee bajar\u00ea Efr\u00een\u00ea hate dagirkirin, ji bo ji gel\u00ea me y\u00ea Efr\u00een\u00ea re bibe bersiv weke gelek jin\u00ean qehreman, da \u015fer \u015fopa Avesta \u00fb Bar\u00eenan. Tevl\u00ee nava ref\u00ean HRE b\u00fb, weke jineke ciwan bi p\u00eevan \u00fb mibdey\u00ean xwe y\u00ean hey\u00ee bi hevaltiya xwe ya jidil, xwe di nav T\u00eema \u015eeh\u00eed Avesta de bi r\u00eaxistin kir \u00fb di gelek \u00e7alakiy\u00ean hey\u00ee de b\u00eay\u00ee astengiyan ji xwe re derxe, bi awayek\u00ee feday\u00ee ket nava \u015fer. Ji bo tola hevr\u00eay\u00ean xwe \u00fb gel\u00ea xwe ji dijmin rake ked \u00fb fedakariyeke mezin m\u00eena hevr\u00eay\u00ean xwe da raberkirin. Di nava jiyan \u00fb prat\u00eeka l\u00ea may\u00ee de hevr\u00eaya me Jiyan weke nav\u00ea xwe bi hezkirina xwe ya ji jiyan\u00ea re, bi hurmet, mutewaz\u00ee, cesaret \u00fb hevaltiya xwe t\u00eako\u015fiya. Tev\u00ee bir\u00eendariya xwe j\u00ee li ser r\u00fby\u00ean w\u00ea her tim co\u015f \u00fb kelecana gir\u00eadana bi armanc\u00ea \u00fb xeyal\u00ea azadiya gelan \u00fb tevah\u00ee jin\u00ean kole t\u00eako\u015fiya \u00fb \u015fer\u00ea xwe y\u00ea azadiy\u00ea me\u015fand. Heya k\u00ealiya \u015feh\u00eed bikeve j\u00ee li hember\u00ee ti astengiy\u00ean jiyan\u00ea ser\u00ee netewand.<\/p>\n","protected":false},"excerpt":{"rendered":"<p>Nasnav: Jiyan Efr\u00eenNav \u00fb Pa\u015fnav: Ro\u015f\u00een MihemedNav\u00ea Dayik\u00ea: ZeynebNav\u00ea Bav: Sil\u00eamanCih \u00fb D\u00eeroka \u015eehadet\u00ea: Her\u00eama Efr\u00een\/30\u2019\u00ea \u00c7ileya 2024 Ji bo vegera li Efr\u00een\u00ea, gelek hevr\u00eay\u00ean me ji bo rizgariy\u00ea xwe kirin xelat. Jin\u00ean ciwan \u00ean ji dever\u00ean cuda hatin, dilsoz\u00ee \u00fb gir\u00eadana xwe ya bi \u015fore\u015fa Rojava re diyar kirin, heb\u00fbna xwe di nava ref\u00ean &hellip;<\/p>\n","protected":false},"author":1,"featured_media":3081,"comment_status":"open","ping_status":"open","sticky":false,"template":"","format":"standard","meta":{"_jetpack_memberships_contains_paid_content":false,"footnotes":""},"categories":[26],"tags":[],"class_list":["post-3079","post","type-post","status-publish","format-standard","has-post-thumbnail","hentry","category-26"],"jetpack_featured_media_url":"https:\/\/hre-official.com\/wp-content\/uploads\/2024\/02\/IMG_20240202_110636_649.jpg","jetpack_sharing_enabled":true,"_links":{"self":[{"href":"https:\/\/hre-official.com\/index.php?rest_route=\/wp\/v2\/posts\/3079","targetHints":{"allow":["GET"]}}],"collection":[{"href":"https:\/\/hre-official.com\/index.php?rest_route=\/wp\/v2\/posts"}],"about":[{"href":"https:\/\/hre-official.com\/index.php?rest_route=\/wp\/v2\/types\/post"}],"author":[{"embeddable":true,"href":"https:\/\/hre-official.com\/index.php?rest_route=\/wp\/v2\/users\/1"}],"replies":[{"embeddable":true,"href":"https:\/\/hre-official.com\/index.php?rest_route=%2Fwp%2Fv2%2Fcomments&post=3079"}],"version-history":[{"count":0,"href":"https:\/\/hre-official.com\/index.php?rest_route=\/wp\/v2\/posts\/3079\/revisions"}],"wp:featuredmedia":[{"embeddable":true,"href":"https:\/\/hre-official.com\/index.php?rest_route=\/wp\/v2\/media\/3081"}],"wp:attachment":[{"href":"https:\/\/hre-official.com\/index.php?rest_route=%2Fwp%2Fv2%2Fmedia&parent=3079"}],"wp:term":[{"taxonomy":"category","embeddable":true,"href":"https:\/\/hre-official.com\/index.php?rest_route=%2Fwp%2Fv2%2Fcategories&post=3079"},{"taxonomy":"post_tag","embeddable":true,"href":"https:\/\/hre-official.com\/index.php?rest_route=%2Fwp%2Fv2%2Ftags&post=3079"}],"curies":[{"name":"wp","href":"https:\/\/api.w.org\/{rel}","templated":true}]}}