{"id":3075,"date":"2024-02-02T15:29:17","date_gmt":"2024-02-02T15:29:17","guid":{"rendered":"https:\/\/hre-official.com\/?p=3075"},"modified":"2024-02-02T15:30:39","modified_gmt":"2024-02-02T15:30:39","slug":"%d8%a7%d8%b3%d8%aa%d8%b4%d9%87%d8%a7%d8%af-%d8%a7%d8%ad%d8%af-%d8%b1%d9%81%d8%a7%d9%82%d9%86%d8%a7-%d8%a7%d9%84%d8%b4%d9%87%d9%8a%d8%af-%d8%ac%d9%88%d8%af%d9%8a-%d9%83%d8%a7%d8%a8%d8%a7%d8%b1","status":"publish","type":"post","link":"https:\/\/hre-official.com\/?p=3075","title":{"rendered":"\u0627\u0633\u062a\u0634\u0647\u0627\u062f \u0627\u062d\u062f \u0631\u0641\u0627\u0642\u0646\u0627 \u0627\u0644\u0634\u0647\u064a\u062f \u062c\u0648\u062f\u064a \u0643\u0627\u0628\u0627\u0631"},"content":{"rendered":"\n<p class=\"has-text-align-left\">Nasnav: C\u00fbd\u00ee Gabar<br>Nav \u00fb Pa\u015fnav: Cem\u00eel Sileman<br>Nav\u00ea Dayik: Zeyneb<br>Nav\u00ea Bav: Ehmed<br>Cih \u00fb D\u00eeroka \u015eehadet\u00ea: Her\u00eama Efr\u00een\/30\u2019\u00ea \u00c7ileya 2024<\/p>\n\n\n\n<p class=\"has-text-align-left\">Hevr\u00ea C\u00fbd\u00ee ji bajar\u00ea Efr\u00een\u00ea ya di t\u00eako\u015f\u00eena azadiya gel\u00ea me de b\u00fbye qada ceng\u00ea \u00fb cengaweran e. Hevr\u00ea C\u00fbd\u00ee j\u00ee yek ji wan cengaweran e y\u00ean ji v\u00ee bajar\u00ea derketine. Sala 2014\u2019an di temen\u00ea xwe y\u00ea ciwan de ber\u00ea xwe dide nava ref\u00ean parastin\u00ea. Di gelek eniy\u00ean berxwedan\u00ea de li hember\u00ee \u00e7etey\u00ean hov \u015fer\u00ea azadiy\u00ea dide me\u015fandin. Hevr\u00ea C\u00fbd\u00ee di p\u00eangava rizgarkirina gundewar\u00ean \u015eehba \u00fb di heman dem\u00ea de di \u015fer\u00ea berxwedana serdem\u00ea ya Efr\u00een\u00ea de bi \u00e7eka xwe ya sekvan\u00ee li eniy\u00ean \u015fer, cih\u00ea xwe di senger\u00ean parastin\u00ea de girt. Li hember\u00ee tekn\u00eeka her\u00ee p\u00ea\u015fket\u00ee, berxwedaniyeke b\u00eahempa bi heval\u00ean xwe re da me\u015fandin. Hevr\u00ea C\u00fbd\u00ee j\u00ee wek hevr\u00eay\u00ean xwe pi\u015ft\u00ee dagirkirina bajar\u00ean me t\u00eako\u015f\u00eena xwe ya li dij\u00ee dagirkeran berdewam kir \u00fb ji bo bibe bersiveke rast ji dem\u00ea re, gelek\u00ee hewl da. Li hember\u00ee kiryar\u00ean dijmin \u00ean li ser gel\u00ea me, di \u00e7alakiy\u00ean tolhildan\u00ea y\u00ean h\u00eaz\u00ean me de hevr\u00ea C\u00fbd\u00ee rol \u00fb m\u00eesyona xwe p\u00eak an\u00ee. Hevr\u00ea C\u00fbd\u00ee di nava hevr\u00eay\u00ean xwe de bi taybetmendiy\u00ean xwe y\u00ean sade \u00fb mutewaz\u00ee germahiya hevaltiy\u00ea xist nava dil\u00ea hevalan. Bi qehreman\u00ee \u00fb berxwedana p\u00ea\u015f xist, di t\u00eako\u015f\u00eena me ya azadiy\u00ea de remza xwe dan\u00ee.<\/p>\n\n\n\n<figure class=\"wp-block-image size-large\"><img loading=\"lazy\" decoding=\"async\" width=\"1024\" height=\"682\" src=\"https:\/\/hre-official.com\/wp-content\/uploads\/2024\/02\/img_20240202_110213_0233675793985510958305-1024x682.jpg\" alt=\"\" class=\"wp-image-3071\" srcset=\"https:\/\/hre-official.com\/wp-content\/uploads\/2024\/02\/img_20240202_110213_0233675793985510958305-1024x682.jpg 1024w, https:\/\/hre-official.com\/wp-content\/uploads\/2024\/02\/img_20240202_110213_0233675793985510958305-300x200.jpg 300w, https:\/\/hre-official.com\/wp-content\/uploads\/2024\/02\/img_20240202_110213_0233675793985510958305-768x511.jpg 768w, https:\/\/hre-official.com\/wp-content\/uploads\/2024\/02\/img_20240202_110213_0233675793985510958305.jpg 1280w\" sizes=\"auto, (max-width: 1024px) 100vw, 1024px\" \/><\/figure>\n\n\n\n<figure class=\"wp-block-image\"><img loading=\"lazy\" decoding=\"async\" width=\"1024\" height=\"682\" src=\"https:\/\/hre-official.com\/wp-content\/uploads\/2024\/02\/img_20240202_110212_9487486404563686596191-1024x682.jpg\" alt=\"\" class=\"wp-image-3073\" srcset=\"https:\/\/hre-official.com\/wp-content\/uploads\/2024\/02\/img_20240202_110212_9487486404563686596191-1024x682.jpg 1024w, https:\/\/hre-official.com\/wp-content\/uploads\/2024\/02\/img_20240202_110212_9487486404563686596191-300x200.jpg 300w, https:\/\/hre-official.com\/wp-content\/uploads\/2024\/02\/img_20240202_110212_9487486404563686596191-768x511.jpg 768w, https:\/\/hre-official.com\/wp-content\/uploads\/2024\/02\/img_20240202_110212_9487486404563686596191.jpg 1280w\" sizes=\"auto, (max-width: 1024px) 100vw, 1024px\" \/><\/figure>\n\n\n\n<figure class=\"wp-block-image\"><img loading=\"lazy\" decoding=\"async\" width=\"1024\" height=\"640\" src=\"https:\/\/hre-official.com\/wp-content\/uploads\/2024\/02\/img_20240202_110213_0017607023277979875480-1024x640.jpg\" alt=\"\" class=\"wp-image-3069\" srcset=\"https:\/\/hre-official.com\/wp-content\/uploads\/2024\/02\/img_20240202_110213_0017607023277979875480-1024x640.jpg 1024w, https:\/\/hre-official.com\/wp-content\/uploads\/2024\/02\/img_20240202_110213_0017607023277979875480-300x187.jpg 300w, https:\/\/hre-official.com\/wp-content\/uploads\/2024\/02\/img_20240202_110213_0017607023277979875480-768x480.jpg 768w, https:\/\/hre-official.com\/wp-content\/uploads\/2024\/02\/img_20240202_110213_0017607023277979875480.jpg 1365w\" sizes=\"auto, (max-width: 1024px) 100vw, 1024px\" \/><\/figure>\n\n\n\n<figure class=\"wp-block-image\"><img loading=\"lazy\" decoding=\"async\" width=\"682\" height=\"1024\" src=\"https:\/\/hre-official.com\/wp-content\/uploads\/2024\/02\/img_20240202_101839_911448826961307795428-682x1024.jpg\" alt=\"\" class=\"wp-image-3072\" srcset=\"https:\/\/hre-official.com\/wp-content\/uploads\/2024\/02\/img_20240202_101839_911448826961307795428-682x1024.jpg 682w, https:\/\/hre-official.com\/wp-content\/uploads\/2024\/02\/img_20240202_101839_911448826961307795428-200x300.jpg 200w, https:\/\/hre-official.com\/wp-content\/uploads\/2024\/02\/img_20240202_101839_911448826961307795428-768x1152.jpg 768w, https:\/\/hre-official.com\/wp-content\/uploads\/2024\/02\/img_20240202_101839_911448826961307795428.jpg 853w\" sizes=\"auto, (max-width: 682px) 100vw, 682px\" \/><\/figure>\n\n\n\n<p><\/p>\n","protected":false},"excerpt":{"rendered":"<p>Nasnav: C\u00fbd\u00ee GabarNav \u00fb Pa\u015fnav: Cem\u00eel SilemanNav\u00ea Dayik: ZeynebNav\u00ea Bav: EhmedCih \u00fb D\u00eeroka \u015eehadet\u00ea: Her\u00eama Efr\u00een\/30\u2019\u00ea \u00c7ileya 2024 Hevr\u00ea C\u00fbd\u00ee ji bajar\u00ea Efr\u00een\u00ea ya di t\u00eako\u015f\u00eena azadiya gel\u00ea me de b\u00fbye qada ceng\u00ea \u00fb cengaweran e. Hevr\u00ea C\u00fbd\u00ee j\u00ee yek ji wan cengaweran e y\u00ean ji v\u00ee bajar\u00ea derketine. Sala 2014\u2019an di temen\u00ea xwe y\u00ea &hellip;<\/p>\n","protected":false},"author":1,"featured_media":3074,"comment_status":"open","ping_status":"open","sticky":false,"template":"","format":"standard","meta":{"_jetpack_memberships_contains_paid_content":false,"footnotes":""},"categories":[26],"tags":[],"class_list":["post-3075","post","type-post","status-publish","format-standard","has-post-thumbnail","hentry","category-26"],"jetpack_featured_media_url":"https:\/\/hre-official.com\/wp-content\/uploads\/2024\/02\/IMG_20240202_110212_886.jpg","jetpack_sharing_enabled":true,"_links":{"self":[{"href":"https:\/\/hre-official.com\/index.php?rest_route=\/wp\/v2\/posts\/3075","targetHints":{"allow":["GET"]}}],"collection":[{"href":"https:\/\/hre-official.com\/index.php?rest_route=\/wp\/v2\/posts"}],"about":[{"href":"https:\/\/hre-official.com\/index.php?rest_route=\/wp\/v2\/types\/post"}],"author":[{"embeddable":true,"href":"https:\/\/hre-official.com\/index.php?rest_route=\/wp\/v2\/users\/1"}],"replies":[{"embeddable":true,"href":"https:\/\/hre-official.com\/index.php?rest_route=%2Fwp%2Fv2%2Fcomments&post=3075"}],"version-history":[{"count":0,"href":"https:\/\/hre-official.com\/index.php?rest_route=\/wp\/v2\/posts\/3075\/revisions"}],"wp:featuredmedia":[{"embeddable":true,"href":"https:\/\/hre-official.com\/index.php?rest_route=\/wp\/v2\/media\/3074"}],"wp:attachment":[{"href":"https:\/\/hre-official.com\/index.php?rest_route=%2Fwp%2Fv2%2Fmedia&parent=3075"}],"wp:term":[{"taxonomy":"category","embeddable":true,"href":"https:\/\/hre-official.com\/index.php?rest_route=%2Fwp%2Fv2%2Fcategories&post=3075"},{"taxonomy":"post_tag","embeddable":true,"href":"https:\/\/hre-official.com\/index.php?rest_route=%2Fwp%2Fv2%2Ftags&post=3075"}],"curies":[{"name":"wp","href":"https:\/\/api.w.org\/{rel}","templated":true}]}}