{"id":3042,"date":"2024-02-02T15:04:52","date_gmt":"2024-02-02T15:04:52","guid":{"rendered":"https:\/\/hre-official.com\/?p=3042"},"modified":"2024-02-02T15:40:12","modified_gmt":"2024-02-02T15:40:12","slug":"hevreyen-me-cudi-gabar-cudi-reso-cicek-jiyan-u-dilser-bi-ruhe-fedayi-ser-kirin-u-gihistin-sehadete","status":"publish","type":"post","link":"https:\/\/hre-official.com\/?p=3042","title":{"rendered":"Hevr\u00eay\u00ean me C\u00fbd\u00ee Gabar, C\u00fbd\u00ee Re\u015fo, \u00c7\u00ee\u00e7ek, Jiyan \u00fb Dil\u015f\u00ear bi ruh\u00ea feday\u00ee \u015fer kirin \u00fb gihi\u015ftin \u015fehadet\u00ea"},"content":{"rendered":"\n<p class=\"has-text-align-left\">Hevr\u00eay\u00ean me C\u00fbd\u00ee Gabar, C\u00fbd\u00ee Re\u015fo, \u00c7\u00ee\u00e7ek, Jiyan \u00fb Dil\u015f\u00ear bi ruh\u00ea feday\u00ee \u015fer kirin \u00fb gihi\u015ftin \u015fehadet\u00ea<br \/>Ji \u00c7apemen\u00ee \u00fb Gel\u00ea me re!<br \/>Di daxuyaniya xwe ya 1&#8217;\u00ea Sibata 2024\u2019an de me e\u015fkere kirib\u00fb ku h\u00eaz\u00ean me 30\u2019\u00ea \u00c7iley\u00ea r\u00eaze\u00e7alakiy\u00ean tolhildan\u00ea li dij\u00ee le\u015fker \u00fb \u00e7etey\u00ean art\u00ea\u015fa Tirk a dagirker \u00ean li her\u00eama Efr\u00een\u00ea \u00fb Ezaz\u00ea li dar xistine \u00fb di van \u00e7alakiyan de derb\u00ean giran li dagirkeran hatib\u00fbn xistin. Hevr\u00eay\u00ean me C\u00fbd\u00ee Gabar, C\u00fbd\u00ee Re\u015fo, \u00c7\u00ee\u00e7ek, Jiyan \u00fb Dil\u015f\u00ear bi ruh\u00ea feday\u00ee tevl\u00ee van \u00e7alakiyan b\u00fbn \u00fb gihi\u015ftin asta \u015fehadet\u00ea. Me diyar kirib\u00fb em \u00ea agahiy\u00ean berfireh \u00ean t\u00eakildar\u00ee nasnameya hevr\u00eay\u00ean xwe y\u00ean \u015feh\u00eed b\u00fbn bi raya gi\u015ft\u00ee re parve bikin.<br \/>Dewleta Tirk a dagirker \u00fb qirker tev\u00ee \u00e7etey\u00ean pi\u015ftgiriya wan dike, bi gel, xweza \u00fb \u00e7anda w\u00ea re her\u00eam\u00ean dagirkir\u00ee bi taybet Efr\u00een\u00ea w\u00earan dike \u00fb em bi v\u00ea rastiy\u00ea re r\u00fbbir\u00fb ne ku ji roja dagirkirin\u00ea ve her roj maf\u00ea jiyan\u00ea t\u00ea binp\u00eakirin. Hevr\u00eay\u00ean me C\u00fbd\u00ee Gabar, C\u00fbd\u00ee Re\u015fo, \u00c7\u00ee\u00e7ek, Jiyan \u00fb Dil\u015f\u00ear \u00ean ev\u00eendar\u00ea gel, xweza \u00fb \u00e7anda xwe ne, bi n\u00ee\u015fandana helwest \u00fb sekna xwe ruh\u00ea \u015fore\u015fgeriya dem\u00ea \u00fb fedayiyane ye. Ji bo siberojeke azad \u00fb vegera gel\u00ean me li ser axa xwe bi tempoyeke bilind \u00fb bi fedakariyeke mezin t\u00eako\u015fiyan. Her p\u00eanc heval\u00ean me j\u00ee azadiya gel\u00ea xwe kirin armanca xwe ya yekem\u00een. Heta nefesa xwe ya daw\u00ee ji v\u00ea sekna xwe taw\u00eez nedan. Erk \u00fb berpirsyariy\u00ean xwe bi layiq\u00ee bi cih an\u00een. W\u00ea b\u00eeran\u00een \u00fb armanc\u00ean wan bibin bingeh\u00ea t\u00eako\u015f\u00eena me ya azadiy\u00ea.<br \/>Weke H\u00eaz\u00ean Rizgariya Efr\u00een\u00ea, em sersaxiy\u00ea di ser\u00ee de ji malbat\u00ean h\u00eaja y\u00ean hevr\u00eay\u00ean xwe y\u00ean leheng \u00ean dilsoz\u00ean xaka xwe b\u00fbn, ji tevah\u00ee gel\u00ea xwe y\u00ea welatpar\u00eaz re dixwazin. Em soza me daye gel\u00ea xwe \u00fb \u015feh\u00eed\u00ean xwe careke din dubare dikin ku bi ruh\u00ea \u015fore\u015fger\u00ee y\u00ean leheng\u00ean m\u00eena her p\u00eanc hevr\u00eay\u00ean xwe, bajar\u00ea Efr\u00een\u00ea ji dagirkeriy\u00ea rizgar bikin.<br \/>Agahiy\u00ean nasnamey\u00ean hevr\u00eay\u00ean me wiha ne:<\/p>\n\n\n\n<p class=\"has-text-align-left\">H\u00eaz\u00ean Rizgariya Efr\u00een\u00ea<br>2\u2019y\u00ea Sibata 2024<\/p>\n\n\n\n<p><\/p>\n\n\n\n<p class=\"has-text-align-left\">Axaftina \u015eeh\u00eed\u00ean gund\u00ea Basil\u00ea<\/p>\n\n\n\n<p class=\"has-text-align-left\"><a href=\"https:\/\/t.me\/HRE_official_kurdish\/982\">t.me\/HRE_official_kurdish\/982<\/a><\/p>\n","protected":false},"excerpt":{"rendered":"<p>Hevr\u00eay\u00ean me C\u00fbd\u00ee Gabar, C\u00fbd\u00ee Re\u015fo, \u00c7\u00ee\u00e7ek, Jiyan \u00fb Dil\u015f\u00ear bi ruh\u00ea feday\u00ee \u015fer kirin \u00fb gihi\u015ftin \u015fehadet\u00eaJi \u00c7apemen\u00ee \u00fb Gel\u00ea me re!Di daxuyaniya xwe ya 1&#8217;\u00ea Sibata 2024\u2019an de me e\u015fkere kirib\u00fb ku h\u00eaz\u00ean me 30\u2019\u00ea \u00c7iley\u00ea r\u00eaze\u00e7alakiy\u00ean tolhildan\u00ea li dij\u00ee le\u015fker \u00fb \u00e7etey\u00ean art\u00ea\u015fa Tirk a dagirker \u00ean li her\u00eama Efr\u00een\u00ea \u00fb Ezaz\u00ea &hellip;<\/p>\n","protected":false},"author":1,"featured_media":3041,"comment_status":"open","ping_status":"open","sticky":false,"template":"","format":"standard","meta":{"_jetpack_memberships_contains_paid_content":false,"footnotes":""},"categories":[26],"tags":[],"class_list":["post-3042","post","type-post","status-publish","format-standard","has-post-thumbnail","hentry","category-26"],"jetpack_featured_media_url":"https:\/\/hre-official.com\/wp-content\/uploads\/2024\/02\/IMG_20240202_105115_658.jpg","jetpack_sharing_enabled":true,"_links":{"self":[{"href":"https:\/\/hre-official.com\/index.php?rest_route=\/wp\/v2\/posts\/3042","targetHints":{"allow":["GET"]}}],"collection":[{"href":"https:\/\/hre-official.com\/index.php?rest_route=\/wp\/v2\/posts"}],"about":[{"href":"https:\/\/hre-official.com\/index.php?rest_route=\/wp\/v2\/types\/post"}],"author":[{"embeddable":true,"href":"https:\/\/hre-official.com\/index.php?rest_route=\/wp\/v2\/users\/1"}],"replies":[{"embeddable":true,"href":"https:\/\/hre-official.com\/index.php?rest_route=%2Fwp%2Fv2%2Fcomments&post=3042"}],"version-history":[{"count":0,"href":"https:\/\/hre-official.com\/index.php?rest_route=\/wp\/v2\/posts\/3042\/revisions"}],"wp:featuredmedia":[{"embeddable":true,"href":"https:\/\/hre-official.com\/index.php?rest_route=\/wp\/v2\/media\/3041"}],"wp:attachment":[{"href":"https:\/\/hre-official.com\/index.php?rest_route=%2Fwp%2Fv2%2Fmedia&parent=3042"}],"wp:term":[{"taxonomy":"category","embeddable":true,"href":"https:\/\/hre-official.com\/index.php?rest_route=%2Fwp%2Fv2%2Fcategories&post=3042"},{"taxonomy":"post_tag","embeddable":true,"href":"https:\/\/hre-official.com\/index.php?rest_route=%2Fwp%2Fv2%2Ftags&post=3042"}],"curies":[{"name":"wp","href":"https:\/\/api.w.org\/{rel}","templated":true}]}}