{"id":3035,"date":"2024-02-01T12:16:06","date_gmt":"2024-02-01T12:16:06","guid":{"rendered":"https:\/\/hre-official.com\/?p=3035"},"modified":"2024-02-02T09:24:33","modified_gmt":"2024-02-02T09:24:33","slug":"%d9%82%d9%88%d8%a7%d8%aa%d9%86%d8%a7-%d9%86%d9%81%d8%b0%d8%aa-%d8%b9%d9%85%d9%84%d9%8a%d8%a7%d8%aa-%d9%88%d8%a7%d8%b3%d8%b9%d8%a9-%d8%b6%d8%af-%d8%ac%d9%86%d9%88%d8%af-%d8%a7%d9%84%d8%a7%d8%ad%d8%aa-2","status":"publish","type":"post","link":"https:\/\/hre-official.com\/?p=3035","title":{"rendered":"\u0642\u0648\u0627\u062a\u0646\u0627 \u0646\u0641\u0630\u062a \u0639\u0645\u0644\u064a\u0627\u062a \u0648\u0627\u0633\u0639\u0629 \u0636\u062f \u062c\u0646\u0648\u062f \u0627\u0644\u0627\u062d\u062a\u0644\u0627\u0644 \u0627\u0644\u062a\u0631\u0643\u064a \u0648\u0645\u0631\u062a\u0632\u0642\u062a\u0647 \u0641\u064a \u0642\u0631\u064a\u0629 \u0628\u0627\u0635\u0644\u0647 \/\u0628\u0627\u0635\u0644\u062d\u0627\u064a\u0627 \u0627\u0644\u062a\u0627\u0628\u0639\u0629 \u0644\u0646\u0627\u062d\u064a\u0629 \u0634\u064a\u0631\u0627\u0648\u0627 \u0628\u0631\u064a\u0641 \u0645\u062f\u064a\u0646\u0629 \u0639\u0641\u0631\u064a\u0646 \u0627\u0644\u0645\u062d\u062a\u0644\u0629"},"content":{"rendered":"\n<p class=\"has-text-align-left\">Ji \u00e7apemen\u00ee \u00fb raya gi\u015ft\u00ee re<\/p>\n\n\n\n<p class=\"has-text-align-left\">Ji gava dewleta Tirk a dagirker \u00fb \u00e7etey\u00ean DAI\u015e\u2019\u00ea y\u00ean c\u00eehad\u00eest \u00ean dewleta Tirk wan xwed\u00ee dike, Efr\u00een dagir kirin, li ser gel\u00ea me pol\u00eet\u00eekayeke qirkirin \u00fb komkujiy\u00ea dime\u015f\u00eenin. H\u00eaz\u00ean dagirker \u00ean bi sedhezaran mirov\u00ean me ji cih \u00fb war\u00ean wan derxistin, tim\u00ee \u00ear\u00ee\u015f\u00ee gel\u00ea me dikin. Dijmin\u00ea bi hezaran mirov\u00ean me qetil dike, her roj \u00ear\u00ee\u015f\u00ee nirx\u00ean me y\u00ean p\u00eeroz dike \u00fb heqaret\u00ea li wan dike. Dagirker \u00fb \u00e7etey\u00ean wan \u00ean li hember Kurd\u00ean li Efr\u00een\u00ea \u00fb gund\u00ean w\u00ea dij\u00een pol\u00eet\u00eekaya qirkirin\u00ea dime\u015f\u00eenin, s\u00fbc\u00ea li dij\u00ee mirovatiy\u00ea dikin. Mirov\u00ean li wan deveran dij\u00een ku didin revandin, hewl didin bi der\u00fbniyeke tirs\u00ea mirov\u00ean me b\u00eadeng bikin, wan bixin nav tirs \u00fb xof\u00ea. Dagirker\u00ean ligel wan hem\u00fb p\u00eakan\u00eenan, dar\u00ean zeyt\u00fbnan \u00ean sedsal\u00ee \u00fb \u00e7avkaniya debar\u00ea ya xelk\u00ea me ye dibirin, qetl\u00eeama xwezay\u00ea j\u00ee p\u00eak t\u00eenin \u00fb bi v\u00ee reng\u00ee gel\u00ea me b\u00eanefes dih\u00ealin.<br>Dagirker ten\u00ea ne li Efr\u00een\u00ea, li hember gel\u00ea me y\u00ea ji Efr\u00een\u00ea ko\u00e7ber b\u00fbye j\u00ee \u00ear\u00ee\u015fan p\u00eak t\u00eenin. Gel\u00ea me y\u00ea ko\u00e7\u00ee derdora Heleb \u00fb \u015eehbay\u00ea b\u00fbye j\u00ee ligel \u00ear\u00ee\u015f\u00ean \u00e7etey\u00ean c\u00eehad\u00eest, rast\u00ee bomberd\u00fbmana bi topan \u00fb balafiran j\u00ee t\u00ean. Di encama van \u00ear\u00ee\u015fan de bi sedan mirov\u00ean me jiyana xwe ji dest dane.<br>D\u00eesa di wan dem\u00ean daw\u00ee de li hember\u00ee qad\u00ean gel\u00ea me l\u00ea dij\u00ee, \u00ear\u00ee\u015f\u00ean dijmin z\u00eade b\u00fbne. Bi taybet ji ber \u00ear\u00ee\u015f\u00ean heway\u00ee zarok \u00fb jin j\u00ee di nav de bi dehan mirov\u00ean me \u015feh\u00eed ketine.<br>Ev komkuj\u00ee ku li ber \u00e7av\u00ean hem\u00fb c\u00eehan\u00ea p\u00eak t\u00ean, ti h\u00eazek li hember van \u00ear\u00ee\u015f\u00ean dagirkeran deng\u00ea xwe dernaxe. Em j\u00ee weke h\u00eaza parastin\u00ea ya gel\u00ea xwe, li hember \u00ear\u00ee\u015fan b\u00eadeng nam\u00eenin \u00fb \u00e7alakiy\u00ean xwe y\u00ean tolhildan\u00ea p\u00eak t\u00eenin. Di \u00e7ar\u00e7oveya van \u00e7alakiyan de, 30\u2019\u00ea \u00c7iley\u00ea \u015fervan\u00ean me li hember baregehek art\u00ea\u015fa dagirker ya li gund\u00ea Basil\u00ea ya nav\u00e7eya \u015e\u00earawa, \u00e7alakiyeke fedaiyane \u00fb berfireh p\u00eak an\u00een. Heval\u00ean me y\u00ean bi biryardariyeke mezin \u00e7\u00fbne ser dijmin, derb\u00ean giran li h\u00eaz\u00ean dijmin xistin.<\/p>\n\n\n\n<p class=\"has-text-align-left\">Di encama v\u00ea \u00e7alakiy\u00ea de 12 le\u015fker\u00ean art\u00ea\u015fa Tirk \u00fb 8 \u00e7ete hatin ku\u015ftin, 8 le\u015fker \u00fb 17 \u00e7ete j\u00ee bir\u00eendar b\u00fbn. Di v\u00ea \u00e7alakiy\u00ea de her wiha 1 do\u00e7ka, \u00e7eperek \u00e7ek\u00ean giran \u00fb 2 kameray\u00ean mobese hatin \u00eemha kirin, 18 \u00e7eper j\u00ee hatin r\u00fbxandin.<\/p>\n\n\n\n<p class=\"has-text-align-left\">Di v\u00ea \u00e7alakiy\u00ea de 5 r\u00eaheval\u00ean me bi awayek fedaiyane \u00e7\u00fbn ser dijmin, bi leheng\u00ee \u015fer kirin \u00fb gihi\u015ftin \u015fehadete. Nasnamey\u00ean r\u00eaheval\u00ean me y\u00ean \u015feh\u00eed pi\u015ftre bi raya gi\u015ft\u00ee re werin parve kirin.<\/p>\n\n\n\n<p class=\"has-text-align-left\">H\u00eaz\u00ean Rizgariya Efr\u00een\u00ea<br>01 Sibat 2024<\/p>\n\n\n\n<p>\u0634\u0627\u0647\u062f \u0627\u0644\u0641\u064a\u062f\u064a\u0648 \u0639\u0628\u0631 \u0627\u0644\u0631\u0627\u0628\u0637 \u0627\u0644\u062a\u0627\u0644\u064a :<\/p>\n\n\n\n<p><a href=\"https:\/\/t.me\/HRE_official_kurdish\/950\">t.me\/HRE_official_kurdish\/950<\/a><\/p>\n","protected":false},"excerpt":{"rendered":"<p>Ji \u00e7apemen\u00ee \u00fb raya gi\u015ft\u00ee re Ji gava dewleta Tirk a dagirker \u00fb \u00e7etey\u00ean DAI\u015e\u2019\u00ea y\u00ean c\u00eehad\u00eest \u00ean dewleta Tirk wan xwed\u00ee dike, Efr\u00een dagir kirin, li ser gel\u00ea me pol\u00eet\u00eekayeke qirkirin \u00fb komkujiy\u00ea dime\u015f\u00eenin. H\u00eaz\u00ean dagirker \u00ean bi sedhezaran mirov\u00ean me ji cih \u00fb war\u00ean wan derxistin, tim\u00ee \u00ear\u00ee\u015f\u00ee gel\u00ea me dikin. Dijmin\u00ea bi &hellip;<\/p>\n","protected":false},"author":1,"featured_media":3037,"comment_status":"open","ping_status":"open","sticky":false,"template":"","format":"standard","meta":{"_jetpack_memberships_contains_paid_content":false,"footnotes":""},"categories":[24,25],"tags":[],"class_list":["post-3035","post","type-post","status-publish","format-standard","has-post-thumbnail","hentry","category-24","category-25"],"jetpack_featured_media_url":"https:\/\/hre-official.com\/wp-content\/uploads\/2024\/02\/Screenshot_2024-02-01-13-16-59-389-edit_org.telegram.messenger.jpg","jetpack_sharing_enabled":true,"_links":{"self":[{"href":"https:\/\/hre-official.com\/index.php?rest_route=\/wp\/v2\/posts\/3035","targetHints":{"allow":["GET"]}}],"collection":[{"href":"https:\/\/hre-official.com\/index.php?rest_route=\/wp\/v2\/posts"}],"about":[{"href":"https:\/\/hre-official.com\/index.php?rest_route=\/wp\/v2\/types\/post"}],"author":[{"embeddable":true,"href":"https:\/\/hre-official.com\/index.php?rest_route=\/wp\/v2\/users\/1"}],"replies":[{"embeddable":true,"href":"https:\/\/hre-official.com\/index.php?rest_route=%2Fwp%2Fv2%2Fcomments&post=3035"}],"version-history":[{"count":0,"href":"https:\/\/hre-official.com\/index.php?rest_route=\/wp\/v2\/posts\/3035\/revisions"}],"wp:featuredmedia":[{"embeddable":true,"href":"https:\/\/hre-official.com\/index.php?rest_route=\/wp\/v2\/media\/3037"}],"wp:attachment":[{"href":"https:\/\/hre-official.com\/index.php?rest_route=%2Fwp%2Fv2%2Fmedia&parent=3035"}],"wp:term":[{"taxonomy":"category","embeddable":true,"href":"https:\/\/hre-official.com\/index.php?rest_route=%2Fwp%2Fv2%2Fcategories&post=3035"},{"taxonomy":"post_tag","embeddable":true,"href":"https:\/\/hre-official.com\/index.php?rest_route=%2Fwp%2Fv2%2Ftags&post=3035"}],"curies":[{"name":"wp","href":"https:\/\/api.w.org\/{rel}","templated":true}]}}