{"id":3018,"date":"2023-12-18T07:31:05","date_gmt":"2023-12-18T07:31:05","guid":{"rendered":"https:\/\/hre-official.com\/?p=3018"},"modified":"2023-12-18T08:16:42","modified_gmt":"2023-12-18T08:16:42","slug":"%d8%a7%d8%b3%d8%aa%d8%b4%d9%87%d8%a7%d8%af-%d8%a7%d8%ad%d8%af-%d8%b1%d9%81%d8%a7%d9%82%d9%86%d8%a7-%d8%a7%d9%84%d8%b4%d9%87%d9%8a%d8%af-%d9%83%d8%a7%d8%b1%d9%83%d8%b1-%d8%b9%d9%81%d8%b1%d9%8a%d9%86","status":"publish","type":"post","link":"https:\/\/hre-official.com\/?p=3018","title":{"rendered":"\u0627\u0633\u062a\u0634\u0647\u0627\u062f \u0627\u062d\u062f \u0631\u0641\u0627\u0642\u0646\u0627 \u0627\u0644\u0634\u0647\u064a\u062f \u0643\u0627\u0631\u0643\u0631 \u0639\u0641\u0631\u064a\u0646"},"content":{"rendered":"\n<p class=\"has-text-align-left\">Em r\u00eaheval\u00ea xwe Karker Efr\u00een bi r\u00eazdar\u00ee bi b\u00eer t\u00eenin<\/p>\n\n\n\n<p class=\"has-text-align-left\"><br \/>Ji \u00c7apemen\u00ee \u00fb Raya Gi\u015ft\u00ee re<br \/>Hevr\u00eay\u00ea me Karker Efr\u00een \u00ea di \u00e7ar\u00e7oveya Qonaxa Duyem\u00een a Berxwedana Serdem\u00ea ya Efr\u00een\u00ea de t\u00eako\u015f\u00een \u00fb berxwedaniya me ya li hember dewleta Tirk a dagirker \u00fb kom\u00ean \u00e7etey\u00ean w\u00ea didome de kar \u00fb xebat\u00ean xwe li her\u00eama Efr\u00een\u00ea dida me\u015fandin, 16\u2019\u00ea Kan\u00fbn\u00ea dema li ser erka xwe b\u00fb, \u015feh\u00eed b\u00fb.<br \/>Hevr\u00eay\u00ea me Karker Efr\u00een bi nav\u00ea xwe y\u00ea rast Ebdirehman His\u00ean \u00ea ji p\u00eakhateya Ereb e, li nav\u00e7eya Cindir\u00eas a gir\u00eaday\u00ea Efr\u00een\u00ea ji dayik dibe. Di temen\u00ea xwe y\u00ea ciwan de wek ferdek\u00ee ji p\u00eakhateya Ereb bi destp\u00eakirina \u015eore\u015fa Rojavay\u00ea Kurdistan\u00ea re ku \u015fervan \u00fb p\u00eakhatey\u00ean her\u00eam\u00ea li k\u00ealeka hevdu ref bi ref weke lehiy\u00ea herik\u00een qadan li beramber\u00ee rej\u00eema zordest deng\u00ea xwe bilind kirin, r\u00eaheval\u00ea me Karker j\u00ee bi bay\u00ea \u015fore\u015f\u00ea re ber\u00ea xwe da nava ref\u00ean \u015fore\u015f\u00ea, b\u00fb dildar\u00ea azad\u00ee \u00fb xaka xwe. Bi \u00e7eka hilgirt \u00fb rext\u00ea li xwe kir, ber\u00ea xwe da \u00e7etey\u00ean ku dixwazin tar\u00eetiy\u00ea b\u00eenin ser\u00ea gel\u00ea her\u00eam\u00ea. Di cih \u00fb dem\u00ean her\u00ee zor \u00fb zehmet de li k\u00ealeka hevr\u00eay\u00ean xwe qada ceng\u00ea berneda. Bi taybetmendiy\u00ean xwe y\u00ean fedakar \u00fb dilnizm di demek\u00ee her\u00ee n\u00eaz de li derdora l\u00ea dijiya \u00fb derbas\u00ee ku der\u00ea dib\u00fb dihate hezkirin. Bi co\u015f \u00fb k\u00eafxwe\u015fiyeke her\u00ee bilind kar\u00eeb\u00fb gelek erk \u00fb wez\u00eefey\u00ean j\u00eare dihate diyarkirin bi serkeft\u00ee p\u00eak b\u00eene<\/p>\n\n\n\n<p class=\"has-text-align-left\"><br \/>Ji ber \u015eore\u015fa Rojava di demeke kurt de veguher\u00ee \u015fore\u015fa tevah\u00ee mirovahiy\u00ea, p\u00eakhatey\u00ean her\u00eam\u00ea j\u00ee heb\u00fbna xwe di v\u00ea \u015fore\u015f\u00ea de d\u00eet\u00een. Ev yek j\u00ee ji bo dijmin\u00ea \u015fore\u015f\u00ea b\u00fb nerehetiyek; bi taybet\u00ee j\u00ee ji dewleta Tirk a dagirker re b\u00fb derd \u00fb kuleke ku di firsendeke her\u00ee bi\u00e7\u00fbk de \u015fore\u015fa me tesfiye bike. Pi\u015ft\u00ee dewleta Tirk a dagirker bi tekn\u00eeka serdem\u00ea ya her\u00ee p\u00ea\u015fket\u00ee bi al\u00eekariya h\u00eaz\u00ean derve \u00fb ji b\u00eadengiya raya gi\u015ft\u00ee ya c\u00eehan\u00ea s\u00fbd wergirt, sala 2018\u2019an \u00ear\u00ee\u015f\u00ee Efr\u00een\u00ea kir. Gel\u00ea me y\u00ea v\u00ea her\u00eam\u00ea ne\u00e7ar ma ko\u00e7\u00ee her\u00eama \u015eehbay\u00ea bibe. Ji bo rizgarkirina Efr\u00een\u00ea ji dewleta Tirk a dagirker \u00fb \u00e7etey\u00ean gir\u00eaday\u00ee w\u00ea, r\u00eaheval Karker j\u00ee carek\u00ee din ji dil ev \u00ea\u015f \u00fb azara gel\u00ea xwe h\u00ees dike, bi \u00e7av\u00ean xwe hov\u00eet\u00ee \u00fb fa\u015f\u00eezma dewleta Tirk a dagirker dib\u00eene<\/p>\n\n\n\n<p class=\"has-text-align-left\">Ev yek careke din dibe sedema hevr\u00ea Karker ber\u00ea xwe bide nava ref\u00ean me y\u00ean H\u00eaz\u00ean Rizgariya Efr\u00een\u00ea. Hevr\u00ea Karker rastiya dijmin\u00ea qirker \u00fb hov ba\u015f nas dikir. Ji bo Efr\u00een rizgar bibe di ser\u00ee de di war\u00ea perwerdeya birdoz\u00ee \u00fb le\u015fker\u00ee de xwe k\u00fbr kir \u00fb tenz\u00eem kir. Her ku xwe nas kir, k\u00een \u00fb h\u00earsa tolgirtina ji dijmin p\u00eare xurt b\u00fb. Heya k\u00ealiya ku hevr\u00eay\u00ea me Karker \u015feh\u00eed bikeve j\u00ee bi awayek\u00ee her\u00ee serkeft\u00ee hem\u00fb erk \u00fb wez\u00eefey\u00ean derketin p\u00ea\u015fiya w\u00ee bi serkeft\u00ee p\u00eak an\u00een<\/p>\n\n\n\n<p class=\"has-text-align-left\"><br \/>Em bi saya leheng \u00fb fedayiy\u00ean dilw\u00earek \u00ean wek Karkeran heya van rojan hatin, bi saya wan leheng\u00ean giranbiha em roj bi roj n\u00eaz\u00ee serkeftin\u00ea dibin. W\u00ea b\u00eeran\u00een \u00fb armanc\u00ean wan bibin bingeha t\u00eako\u015f\u00eena me. Em weke hevr\u00eay\u00ean wan careke din soz didin xeyal\u00ean wan \u00ean di welatek\u00ee azad de jiyaneke azad a hevbe\u015f w\u00ea teqez p\u00eak b\u00ean. Di ser\u00ee de malbata me ya h\u00eaja ya hevr\u00ea Karker, em sersaxiy\u00ea ji tevah\u00ee gel\u00ea xwe y\u00ea welatpar\u00eaz re dixwazin<\/p>\n\n\n\n<p><\/p>\n\n\n\n<p class=\"has-text-align-left\">Nasnameya pakrewan\u00ea me wiha ye<br \/>Nasnav: Karker Efr\u00een<br \/>Nav \u00fb Pa\u015fnav: Ebdirehman His\u00ean<br \/>Nav\u00ea Dayik\u00ea: Em\u00eene<br \/>Nav\u00ea Bav: Mihemed<br \/>Cih \u00fb D\u00eeroka \u015eehadet\u00ea: Her\u00eama Efr\u00een\u00ea | 16\u2019\u00ea Kan\u00fbna 2023<br \/>H\u00eaz\u00ean Rizgariya Efr\u00een\u00ea<\/p>\n\n\n\n<p class=\"has-text-align-left\"><br>18Kan\u00fbna  2023<\/p>\n\n\n\n<p><a href=\"https:\/\/t.me\/HRE_official_kurdish\">t.me\/HRE_official_kurdish<\/a><\/p>\n\n\n\n<figure class=\"wp-block-image size-large\"><img loading=\"lazy\" decoding=\"async\" width=\"1024\" height=\"682\" src=\"https:\/\/hre-official.com\/wp-content\/uploads\/2023\/12\/img_20231218_082603_2604209478534359086627-1024x682.jpg\" alt=\"\" class=\"wp-image-3015\" srcset=\"https:\/\/hre-official.com\/wp-content\/uploads\/2023\/12\/img_20231218_082603_2604209478534359086627-1024x682.jpg 1024w, https:\/\/hre-official.com\/wp-content\/uploads\/2023\/12\/img_20231218_082603_2604209478534359086627-300x200.jpg 300w, https:\/\/hre-official.com\/wp-content\/uploads\/2023\/12\/img_20231218_082603_2604209478534359086627-768x512.jpg 768w, https:\/\/hre-official.com\/wp-content\/uploads\/2023\/12\/img_20231218_082603_2604209478534359086627.jpg 1280w\" sizes=\"auto, (max-width: 1024px) 100vw, 1024px\" \/><\/figure>\n\n\n\n<figure class=\"wp-block-image\"><img loading=\"lazy\" decoding=\"async\" width=\"1024\" height=\"682\" src=\"https:\/\/hre-official.com\/wp-content\/uploads\/2023\/12\/img_20231218_082603_8506297290332502189927-1024x682.jpg\" alt=\"\" class=\"wp-image-3014\" srcset=\"https:\/\/hre-official.com\/wp-content\/uploads\/2023\/12\/img_20231218_082603_8506297290332502189927-1024x682.jpg 1024w, https:\/\/hre-official.com\/wp-content\/uploads\/2023\/12\/img_20231218_082603_8506297290332502189927-300x200.jpg 300w, https:\/\/hre-official.com\/wp-content\/uploads\/2023\/12\/img_20231218_082603_8506297290332502189927-768x512.jpg 768w, https:\/\/hre-official.com\/wp-content\/uploads\/2023\/12\/img_20231218_082603_8506297290332502189927.jpg 1280w\" sizes=\"auto, (max-width: 1024px) 100vw, 1024px\" \/><\/figure>\n\n\n\n<figure class=\"wp-block-image\"><img loading=\"lazy\" decoding=\"async\" width=\"1024\" height=\"682\" src=\"https:\/\/hre-official.com\/wp-content\/uploads\/2023\/12\/img_20231218_082603_5021980311195644076615-1024x682.jpg\" alt=\"\" class=\"wp-image-3013\" srcset=\"https:\/\/hre-official.com\/wp-content\/uploads\/2023\/12\/img_20231218_082603_5021980311195644076615-1024x682.jpg 1024w, https:\/\/hre-official.com\/wp-content\/uploads\/2023\/12\/img_20231218_082603_5021980311195644076615-300x200.jpg 300w, https:\/\/hre-official.com\/wp-content\/uploads\/2023\/12\/img_20231218_082603_5021980311195644076615-768x512.jpg 768w, https:\/\/hre-official.com\/wp-content\/uploads\/2023\/12\/img_20231218_082603_5021980311195644076615.jpg 1280w\" sizes=\"auto, (max-width: 1024px) 100vw, 1024px\" \/><\/figure>\n\n\n\n<figure class=\"wp-block-image\"><img loading=\"lazy\" decoding=\"async\" width=\"1024\" height=\"682\" src=\"https:\/\/hre-official.com\/wp-content\/uploads\/2023\/12\/img_20231218_082603_4443870846897113249728-1024x682.jpg\" alt=\"\" class=\"wp-image-3017\" srcset=\"https:\/\/hre-official.com\/wp-content\/uploads\/2023\/12\/img_20231218_082603_4443870846897113249728-1024x682.jpg 1024w, https:\/\/hre-official.com\/wp-content\/uploads\/2023\/12\/img_20231218_082603_4443870846897113249728-300x200.jpg 300w, https:\/\/hre-official.com\/wp-content\/uploads\/2023\/12\/img_20231218_082603_4443870846897113249728-768x512.jpg 768w, https:\/\/hre-official.com\/wp-content\/uploads\/2023\/12\/img_20231218_082603_4443870846897113249728.jpg 1280w\" sizes=\"auto, (max-width: 1024px) 100vw, 1024px\" \/><\/figure>\n","protected":false},"excerpt":{"rendered":"<p>Em r\u00eaheval\u00ea xwe Karker Efr\u00een bi r\u00eazdar\u00ee bi b\u00eer t\u00eenin Ji \u00c7apemen\u00ee \u00fb Raya Gi\u015ft\u00ee reHevr\u00eay\u00ea me Karker Efr\u00een \u00ea di \u00e7ar\u00e7oveya Qonaxa Duyem\u00een a Berxwedana Serdem\u00ea ya Efr\u00een\u00ea de t\u00eako\u015f\u00een \u00fb berxwedaniya me ya li hember dewleta Tirk a dagirker \u00fb kom\u00ean \u00e7etey\u00ean w\u00ea didome de kar \u00fb xebat\u00ean xwe li her\u00eama Efr\u00een\u00ea dida &hellip;<\/p>\n","protected":false},"author":1,"featured_media":3016,"comment_status":"open","ping_status":"open","sticky":false,"template":"","format":"standard","meta":{"_jetpack_memberships_contains_paid_content":false,"footnotes":""},"categories":[26],"tags":[],"class_list":["post-3018","post","type-post","status-publish","format-standard","has-post-thumbnail","hentry","category-26"],"jetpack_featured_media_url":"https:\/\/hre-official.com\/wp-content\/uploads\/2023\/12\/IMG_20231218_082603_204.jpg","jetpack_sharing_enabled":true,"_links":{"self":[{"href":"https:\/\/hre-official.com\/index.php?rest_route=\/wp\/v2\/posts\/3018","targetHints":{"allow":["GET"]}}],"collection":[{"href":"https:\/\/hre-official.com\/index.php?rest_route=\/wp\/v2\/posts"}],"about":[{"href":"https:\/\/hre-official.com\/index.php?rest_route=\/wp\/v2\/types\/post"}],"author":[{"embeddable":true,"href":"https:\/\/hre-official.com\/index.php?rest_route=\/wp\/v2\/users\/1"}],"replies":[{"embeddable":true,"href":"https:\/\/hre-official.com\/index.php?rest_route=%2Fwp%2Fv2%2Fcomments&post=3018"}],"version-history":[{"count":0,"href":"https:\/\/hre-official.com\/index.php?rest_route=\/wp\/v2\/posts\/3018\/revisions"}],"wp:featuredmedia":[{"embeddable":true,"href":"https:\/\/hre-official.com\/index.php?rest_route=\/wp\/v2\/media\/3016"}],"wp:attachment":[{"href":"https:\/\/hre-official.com\/index.php?rest_route=%2Fwp%2Fv2%2Fmedia&parent=3018"}],"wp:term":[{"taxonomy":"category","embeddable":true,"href":"https:\/\/hre-official.com\/index.php?rest_route=%2Fwp%2Fv2%2Fcategories&post=3018"},{"taxonomy":"post_tag","embeddable":true,"href":"https:\/\/hre-official.com\/index.php?rest_route=%2Fwp%2Fv2%2Ftags&post=3018"}],"curies":[{"name":"wp","href":"https:\/\/api.w.org\/{rel}","templated":true}]}}