{"id":3004,"date":"2023-11-21T14:36:31","date_gmt":"2023-11-21T14:36:31","guid":{"rendered":"https:\/\/hre-official.com\/?p=3004"},"modified":"2023-11-21T14:41:20","modified_gmt":"2023-11-21T14:41:20","slug":"%d8%a7%d8%b3%d8%aa%d8%b4%d9%87%d8%a7%d8%af-%d8%a7%d8%ad%d8%af-%d8%b1%d9%81%d8%a7%d9%82%d9%86%d8%a7-%d8%a7%d9%84%d8%b4%d9%87%d9%8a%d8%af-%d8%a8%d8%b1%d9%81%d9%8a%d9%86-%d8%b9%d9%81%d8%b1%d9%8a%d9%86","status":"publish","type":"post","link":"https:\/\/hre-official.com\/?p=3004","title":{"rendered":"\u0627\u0633\u062a\u0634\u0647\u0627\u062f \u0627\u062d\u062f \u0631\u0641\u0627\u0642\u0646\u0627 \u0627\u0644\u0634\u0647\u064a\u062f \u0628\u0631\u0641\u064a\u0646 \u0639\u0641\u0631\u064a\u0646"},"content":{"rendered":"\n<p class=\"has-text-align-left\">Ji \u00c7apemen\u00ee \u00fb Raya G\u00ee\u015ft\u00ee re<br \/>Hevr\u00eaya me Berf\u00een Efr\u00een di \u00e7ar\u00e7ovaya Qonaxa D\u00fbyem\u00een a Berxwedana Serdem\u00ea ya Efr\u00een\u00ea de be\u015fdar\u00ee nava T\u00eem\u00ean \u015eeh\u00eed Avesta y\u00ean H\u00eaz\u00ean Rizgariya Efr\u00een\u00ea dibe. Ji bo ku tola gel, hevr\u00ea \u00fb welat\u00ea xwe bi taybet\u00ee j\u00ee ji bo ku bibe deng\u00ea q\u00ear\u00eena zarok\u00ean Efr\u00eena dagirkir\u00ee di eniy\u00ean ceng\u00ea de li k\u00ealeka r\u00eaheval\u00ean xwe \u015fer kir \u00fb di 19\u2019\u00ea Mijdara 2023\u2019an de tevl\u00ea karwan\u00ean nemiran b\u00fb<\/p>\n\n\n\n<p class=\"has-text-align-left\"><br \/>Hevr\u00eaya me Berf\u00een Efr\u00een li bajar\u00ea Efr\u00een\u00ea di nava malbateke welatperwer de \u00e7av\u00ean xwe li jiyan\u00ea vedike. Li bajar\u00ea Efr\u00een\u00ea di nava malbateke xwediy\u00ea \u00e7anda kevnar de mezinb\u00fby\u00een, di l\u00eager\u00een\u00ean hevr\u00ea Berf\u00een de roleke diyarker dileyze. Ev kevne\u015fop\u00ee di sekna hevr\u00ea Berf\u00een de hetan\u00ee daw\u00ee j\u00ee zind\u00eeb\u00fbna xwe parast. Bi destp\u00eakirina \u015fore\u015fa Rojava re gelek ke\u00e7 \u00fb xort\u00ean dil w\u00earek ji bo ku ax \u00fb welat\u00ea xwe bipar\u00eazin, b\u00ea rawestan herik\u00een nava ref\u00ean \u015fore\u015f\u00ea. Bi v\u00ea biryardariy\u00ea hevr\u00eaya me Berf\u00een di sala 2014\u2019an de tevl\u00ea nava ref\u00ean \u015fore\u015f\u00ea dibe.<br \/>R\u00eahevala me Berf\u00een ji roja tevl\u00ea b\u00fb, heta k\u00ealiya \u015fahadeta xwe j\u00ee bi h\u00earsa tolhildana ax \u00fb welat\u00ea xwe di eniy\u00ean her\u00ee p\u00ea\u015f y\u00ean meydana ceng\u00ea de t\u00eako\u015fiya. Di her k\u00ealiya jiyana xwe de bi r\u00eahevaltiya xwe ya b\u00ea emsal re di dil\u00ea her hevaleke xwe de cih girt. Bi taybet\u00ee him di war\u00ea birdoz\u00ee \u00fb le\u015fker\u00ee him j\u00ee di xeta jina azad de xwe kur kir, di her k\u00ealiy\u00ean jiyana xwe de b\u00fb xwed\u00ee sekneke \u00e7alak. Zaneb\u00fbn \u00fb j\u00eerb\u00fby\u00een ji bona hevr\u00ea Berf\u00een b\u00fb par\u00e7eyek ji jiyana w\u00ea ya teko\u015f\u00eena azadiy\u00ea<\/p>\n\n\n\n<p><\/p>\n\n\n\n<p class=\"has-text-align-left\">\u015eore\u015f\u00ea di hindir\u00ea xwe de gelek \u015fore\u015fger\u00ean mezin afirandin, \u015fore\u015fgeran j\u00ee di hindir\u00ea \u015fore\u015f\u00ea de gelek \u015fore\u015f afirandin. \u015eore\u015fgertiya dem\u00ea di \u015fexs\u00ea dildar\u00ean m\u00eena Berf\u00een de bi hem\u00fb zelaliya xwe ve p\u00eanaseya doza azadiya gelan dike<\/p>\n\n\n\n<p class=\"has-text-align-left\"><br>Dewleta Tirk a dagirker a ku t\u00fb caran heb\u00fbn\u00ea \u015fore\u015fa jin hezim nekir, bi hem\u00fb r\u00fbre\u015fiya xwe ve di sala 2018\u2019an de ber\u00ea tang, top \u00fb teyarey\u00ean xwe dan Efr\u00eena reng\u00een. Rastiya gel\u00ea \u015fore\u015fger ji bo her bih\u00fbstek axa welat zarok\u00ean xwe feda dike. Hevr\u00eaya me Berf\u00een Efr\u00een j\u00ee li ser bingeh\u00ea rastiyeke wiha di \u00e7ar\u00e7ovaya Qonaxa D\u00fbyem\u00een a Berxwedana Serdem\u00ea ya Efr\u00een\u00ea de li hember\u00ee dewleta Tirk a dagirker b\u00ea rawestan teko\u015f\u00een kir. R\u00eahevala me Berf\u00een di nava Yekiney\u00ean \u015eeh\u00eed Avesta de weke jineke ciwan ji r\u00eaheval\u00ean xwe re bi dilsoziyeke mezin b\u00fb \u00e7avkaniya v\u00een, h\u00eaz \u00fb baweriy\u00ea. R\u00eahevala me Berf\u00een di hem\u00fb \u00e7alakiy\u00ean ku hatine lidarxistin de bi awayek\u00ee her\u00ee \u00e7alak ji me re b\u00fb p\u00ea\u015feng, b\u00fb fermandar. Ji bo ku tola gel, hevr\u00ea \u00fb welat\u00ea xwe bi taybet\u00ee ji bo ku bibe deng\u00ea q\u00ear\u00eena zarok\u00ean Efr\u00eena dagirkir\u00ee di eniy\u00ean ceng\u00ea de li k\u00ealeka r\u00eaheval\u00ean xwe \u015fer kir \u00fb di 19\u2019\u00ea Mijdara 2023\u2019an de tevl\u00ea karwan\u00ean nemiran b\u00fb<\/p>\n\n\n\n<p class=\"has-text-align-left\"><br \/>Di ser\u00ee de em ji malbata h\u00eaja ya hevr\u00ea ye xwe Berf\u00een \u00fb tevahiya gel\u00ea xwe y\u00ea welatpar\u00eaz re sersaxiy\u00ea dixwazin. Em weke r\u00eaheval\u00ean hevr\u00ea Berf\u00een soz didin ku em\u00ea b\u00ea rawestan t\u00eako\u015f\u00eena xwe bidom\u00eenin da ku \u00e7avnebar t\u00fb caran li ser v\u00ea xak\u00ea bi rihet\u00ee nej\u00een. W\u00ea h\u00eav\u00ee, bawer\u00ee, v\u00een \u00fb herik\u00eena b\u00ea rawestan di \u015fexs\u00ea \u015fore\u015fger\u00ean v\u00ee welat\u00ee de serkeftin\u00ea m\u00eesoger bike<\/p>\n\n\n\n<p class=\"has-text-align-left\"><br \/>Nasnameya pakrewana me wiha ye<br \/>Nasnav: Berf\u00een Efr\u00een<br \/>Cih \u00fb D\u00eeroka \u015eahadet\u00ea: Her\u00eama Efr\u00een \/ 19\u2019\u00ea Mijdara 2023<br \/>21&#8217;\u00ea Mijdara 2023<br \/>H\u00eaz\u00ean Rizgariya Efr\u00een<\/p>\n","protected":false},"excerpt":{"rendered":"<p>Ji \u00c7apemen\u00ee \u00fb Raya G\u00ee\u015ft\u00ee reHevr\u00eaya me Berf\u00een Efr\u00een di \u00e7ar\u00e7ovaya Qonaxa D\u00fbyem\u00een a Berxwedana Serdem\u00ea ya Efr\u00een\u00ea de be\u015fdar\u00ee nava T\u00eem\u00ean \u015eeh\u00eed Avesta y\u00ean H\u00eaz\u00ean Rizgariya Efr\u00een\u00ea dibe. Ji bo ku tola gel, hevr\u00ea \u00fb welat\u00ea xwe bi taybet\u00ee j\u00ee ji bo ku bibe deng\u00ea q\u00ear\u00eena zarok\u00ean Efr\u00eena dagirkir\u00ee di eniy\u00ean ceng\u00ea de li &hellip;<\/p>\n","protected":false},"author":1,"featured_media":3003,"comment_status":"open","ping_status":"open","sticky":false,"template":"","format":"standard","meta":{"_jetpack_memberships_contains_paid_content":false,"footnotes":""},"categories":[26],"tags":[],"class_list":["post-3004","post","type-post","status-publish","format-standard","has-post-thumbnail","hentry","category-26"],"jetpack_featured_media_url":"https:\/\/hre-official.com\/wp-content\/uploads\/2023\/11\/IMG_20231121_153523_731.jpg","jetpack_sharing_enabled":true,"_links":{"self":[{"href":"https:\/\/hre-official.com\/index.php?rest_route=\/wp\/v2\/posts\/3004","targetHints":{"allow":["GET"]}}],"collection":[{"href":"https:\/\/hre-official.com\/index.php?rest_route=\/wp\/v2\/posts"}],"about":[{"href":"https:\/\/hre-official.com\/index.php?rest_route=\/wp\/v2\/types\/post"}],"author":[{"embeddable":true,"href":"https:\/\/hre-official.com\/index.php?rest_route=\/wp\/v2\/users\/1"}],"replies":[{"embeddable":true,"href":"https:\/\/hre-official.com\/index.php?rest_route=%2Fwp%2Fv2%2Fcomments&post=3004"}],"version-history":[{"count":0,"href":"https:\/\/hre-official.com\/index.php?rest_route=\/wp\/v2\/posts\/3004\/revisions"}],"wp:featuredmedia":[{"embeddable":true,"href":"https:\/\/hre-official.com\/index.php?rest_route=\/wp\/v2\/media\/3003"}],"wp:attachment":[{"href":"https:\/\/hre-official.com\/index.php?rest_route=%2Fwp%2Fv2%2Fmedia&parent=3004"}],"wp:term":[{"taxonomy":"category","embeddable":true,"href":"https:\/\/hre-official.com\/index.php?rest_route=%2Fwp%2Fv2%2Fcategories&post=3004"},{"taxonomy":"post_tag","embeddable":true,"href":"https:\/\/hre-official.com\/index.php?rest_route=%2Fwp%2Fv2%2Ftags&post=3004"}],"curies":[{"name":"wp","href":"https:\/\/api.w.org\/{rel}","templated":true}]}}