{"id":2992,"date":"2023-10-22T08:08:07","date_gmt":"2023-10-22T08:08:07","guid":{"rendered":"https:\/\/hre-official.com\/?p=2992"},"modified":"2023-10-22T08:14:09","modified_gmt":"2023-10-22T08:14:09","slug":"%d8%a7%d8%b3%d8%aa%d8%b4%d9%87%d8%a7%d8%af-%d8%a7%d8%ad%d8%af-%d8%b1%d9%81%d8%a7%d9%82%d9%86%d8%a7-%d8%a7%d9%84%d8%b4%d9%87%d9%8a%d8%af-%d8%b9%d9%83%d9%8a%d8%af-%d8%b9%d9%81%d8%b1%d9%8a%d9%86-2","status":"publish","type":"post","link":"https:\/\/hre-official.com\/?p=2992","title":{"rendered":"\u0627\u0633\u062a\u0634\u0647\u0627\u062f \u0627\u062d\u062f \u0631\u0641\u0627\u0642\u0646\u0627 \u0627\u0644\u0634\u0647\u064a\u062f \u0639\u0643\u064a\u062f \u0639\u0641\u0631\u064a\u0646"},"content":{"rendered":"\n<p class=\"has-text-align-left\"><strong>Em r\u00eaheval\u00ea xwe Eg\u00eed Efr\u00een bi r\u00eazdar\u00ee bib\u00eer t\u00eenin<\/strong><br \/><strong>Ji \u00c7apemen\u00ee \u00fb Raya gi\u015ft\u00ee re<\/strong><br \/>Hevr\u00eay\u00ea me Eg\u00eed Efr\u00een ku di \u00e7ar\u00e7oveya Qonaxa Duyem\u00een a Berxwedana Serdem\u00ea de be\u015fdar\u00ee kar \u00fb xebatan b\u00fb, di roja 20\u2019\u00ea Cotmeh\u00ea dema li ser erka xwe b\u00fb, \u015feh\u00eed b\u00fb<br \/>Hevr\u00eay\u00ea me Eg\u00eed Efr\u00een ku bi nav\u00ea xwe y\u00ea Rast Salih Re\u015f\u00eet ve t\u00ea naskirin, li bajar\u00ea berxwedana serdem\u00ea, li Efr\u00een\u00ea ji day\u00eek dibe. Bi destp\u00eakirina aloz\u00ee \u00fb qeyrana Sur\u00ee ve gel\u00ea Kurd \u00fb p\u00eakhatey\u00ean her\u00eam\u00ea ji bo azad\u00ee \u00fb serxweb\u00fbn\u00ea xwe r\u00eaxistin kir, di berd\u00eala v\u00ea yek\u00ea de j\u00ee h\u00een ji destp\u00eaka \u015fore\u015fa Bihara Gelan de, ke\u00e7 \u00fb law\u00ean xwe y\u00ean her\u00ee bijarte \u00fb bi nirx di oxira \u015fore\u015fa mirovahiy\u00ea de kirin xelat. Bajar\u00ea me Efr\u00een j\u00ee yek ji wan bajarane ku ji ber\u00ea de di war\u00ea welatpar\u00eaz\u00ee, hezkirina ji welat \u00fb xwe b\u00fby\u00een\u00ea de t\u00ea naskirin. Hevr\u00eay\u00ea me Eg\u00eed Efr\u00een j\u00ee bi v\u00ea \u00e7anda berxwed\u00ear\u00ee \u00fb teko\u015f\u00een\u00ea ve mezin dibe. Jiyana w\u00ee bi serp\u00eahatiya qehreman \u00fb feday\u00ean azadiy\u00ea re te\u015fe digre. Li ser v\u00ea bingeh\u00ea hevr\u00ea Eg\u00eed ji bo xwe soz dide ku ew j\u00ee bibe ewladek\u00ee her\u00ee k\u00earhat\u00ee ku ji bo doza gel\u00ea xwe \u00fb mirovahiy\u00ea t\u00eabiko\u015fe. Li ser wan esasan di sala 2014\u2019an de heval Eg\u00eed tevl\u00ee nava ref\u00ean YPG\u2019\u00ea dibe, di xebat\u00ean c\u00fbr be c\u00fbr de erk \u00fb wez\u00eefey\u00ean gir\u00eeng digre ser mil\u00ea xwe, bi lay\u00eeq\u00ee j\u00ee hem\u00fb erk\u00ean ku p\u00ea rab\u00fbye p\u00eak t\u00eene. Cih hatiye b\u00fbye fermandar, cih hatiye b\u00fbye \u015fervan, di her war\u00ee de xwe perwerde kir \u00fb li ser v\u00ea bingeh\u00ea tevl\u00eeb\u00fbneke rast \u00fb t\u00earker di jiyan \u00fb sekna xwe de, da raberkirin. Bi taybet\u00ee di p\u00eangava rizgarkirina \u015eehba de, di \u00ear\u00ee\u015f\u00ean dagirkeriya li ser bajar\u00ea Efr\u00een\u00ea, hevr\u00ea Eg\u00eed li ref\u00ean her\u00ee p\u00ea\u015f mil bi mil li k\u00ealeka heval\u00ean xwe, li hember\u00ee dagirker, xay\u00een \u00fb dijmin\u00ea welat\u00ea xwe, t\u00eako\u015f\u00een \u00fb berxwedaneke b\u00ea hempa da raberkirin.<br \/>Di sala 2018\u2019an de dema ku bajar\u00ea Efr\u00een\u00ea hate dagirkirin, h\u00ears \u00fb k\u00eeneke mezin di dil \u00fb mejiy\u00ea hevr\u00ea Eg\u00eed de da avakirin. Li ser v\u00ea bingeh\u00ea xwest bibe bersiv ji \u00ea\u015f \u00fb elema gel\u00ea xwe re. Ji bo w\u00ea ber\u00ea xwe da nava ref\u00ean H\u00eaz\u00ean Rizgariya Efr\u00een\u00ea<br \/>R\u00eaheval Eg\u00eed ji roja ku tevl\u00ee nava ref\u00ean me b\u00fbye heta k\u00ealiya ku giha asta \u015fehadet\u00ea, di gelek xebat\u00ean HRE de cih\u00ea xwe bi awayek\u00ee akt\u00eef girt. Di nava her away\u00ee \u015fert \u00fb mercan de xwe neda pa\u015f \u00fb sekneke dilw\u00earek raber kir. Di war\u00ea \u00eedeoloj\u00eek-le\u015fker\u00ee de asteke xurt di xwe de avakir. B\u00fb kesayeta m\u00eenak a jiyana rast \u00fb \u015ferkeriya ku dibe bersiv ji gel\u00ea xwe re. Di nava r\u00eaheval\u00ean xwe de b\u00fb hevalek\u00ee m\u00eenak. Ji hevr\u00eay\u00ean xwe re p\u00ea\u015fengiyeke mezin kir. Bi j\u00eer \u00fb zaneb\u00fbna xwe, bi dilnizm\u00ee \u00fb r\u00eazday\u00eena xwe, m\u00eena derw\u00ea\u015fan jiyan kir. Bi israr \u00fb baweriya rizgarkirina bajar\u00ea Efr\u00een\u00ea ji dest\u00ea dagirkeran, bi co\u015f \u00fb kelecaneke mezin jiyan kir.<br \/>Weke \u015fervan\u00ean H\u00eaz\u00ean Rizgariya Efr\u00een\u00ea, di \u015fexs\u00ea malbata me ya h\u00eaja ya r\u00eaheval Eg\u00eed Efr\u00een, em sersaxiy\u00ea ji tevah\u00ee gel\u00ea xwe y\u00ea welatpar\u00eaz re dixwazin. Em careke din diyar dikin ku em\u00ea bi leheng\u00ean m\u00eena Eg\u00eed Efr\u00een \u00fb Z\u00een Sekvanan, bajar\u00ea xwe ji dagirker \u00fb nokeran rizgar bikin. M\u00eerateya ku me ji \u015feh\u00eed\u00ean xwe girt\u00ee, w\u00ea her dem r\u00eaya zafer \u00fb serkeftin\u00ea n\u00ee\u015fan\u00ea me bide<\/p>\n\n\n\n<p><\/p>\n\n\n\n<p class=\"has-text-align-left\"><strong>Nasnameya pakrewan\u00ea me wiha ye<\/strong> <br><strong>Nasnav:<\/strong> Eg\u00eed Efr\u00een<br><strong>Nav \u00fb Pa\u015fnav:<\/strong> Saleh Re\u015f\u00eed<br><strong>Nav\u00ea Day\u00eek\u00ea:<\/strong> Fatma<br><strong>Nav\u00ea Bav:<\/strong> Weh\u00eed<br><strong>Cih \u00fb D\u00eeroka \u015eehadet\u00ea:<\/strong> Her\u00eama Efr\u00een\u00ea | 20\u2019\u00ea Cotmeha 2023<br>\u00a0<br><strong>H\u00eaz\u00ean Rizgariya Efr\u00een\u00ea<\/strong><\/p>\n\n\n\n<p class=\"has-text-align-right\"><br> <strong>22<\/strong> <strong>Cotmeha 2023<\/strong><\/p>\n\n\n\n<p><\/p>\n\n\n\n<p class=\"has-text-align-left\"><a href=\"https:\/\/t.me\/HRE_official_kurdish\">t.me\/HRE_official_kurdish<\/a><\/p>\n\n\n\n<figure class=\"wp-block-image size-large\"><img loading=\"lazy\" decoding=\"async\" width=\"1024\" height=\"640\" src=\"https:\/\/hre-official.com\/wp-content\/uploads\/2023\/10\/IMG_20231022_100338_594-1-1024x640.jpg\" alt=\"\" class=\"wp-image-2991\" srcset=\"https:\/\/hre-official.com\/wp-content\/uploads\/2023\/10\/IMG_20231022_100338_594-1-1024x640.jpg 1024w, https:\/\/hre-official.com\/wp-content\/uploads\/2023\/10\/IMG_20231022_100338_594-1-300x188.jpg 300w, https:\/\/hre-official.com\/wp-content\/uploads\/2023\/10\/IMG_20231022_100338_594-1-768x480.jpg 768w, https:\/\/hre-official.com\/wp-content\/uploads\/2023\/10\/IMG_20231022_100338_594-1.jpg 1080w\" sizes=\"auto, (max-width: 1024px) 100vw, 1024px\" \/><\/figure>\n","protected":false},"excerpt":{"rendered":"<p>Em r\u00eaheval\u00ea xwe Eg\u00eed Efr\u00een bi r\u00eazdar\u00ee bib\u00eer t\u00eeninJi \u00c7apemen\u00ee \u00fb Raya gi\u015ft\u00ee reHevr\u00eay\u00ea me Eg\u00eed Efr\u00een ku di \u00e7ar\u00e7oveya Qonaxa Duyem\u00een a Berxwedana Serdem\u00ea de be\u015fdar\u00ee kar \u00fb xebatan b\u00fb, di roja 20\u2019\u00ea Cotmeh\u00ea dema li ser erka xwe b\u00fb, \u015feh\u00eed b\u00fbHevr\u00eay\u00ea me Eg\u00eed Efr\u00een ku bi nav\u00ea xwe y\u00ea Rast Salih Re\u015f\u00eet ve &hellip;<\/p>\n","protected":false},"author":1,"featured_media":2990,"comment_status":"open","ping_status":"open","sticky":false,"template":"","format":"standard","meta":{"_jetpack_memberships_contains_paid_content":false,"footnotes":""},"categories":[26],"tags":[],"class_list":["post-2992","post","type-post","status-publish","format-standard","has-post-thumbnail","hentry","category-26"],"jetpack_featured_media_url":"https:\/\/hre-official.com\/wp-content\/uploads\/2023\/10\/IMG_20231022_100338_594.jpg","jetpack_sharing_enabled":true,"_links":{"self":[{"href":"https:\/\/hre-official.com\/index.php?rest_route=\/wp\/v2\/posts\/2992","targetHints":{"allow":["GET"]}}],"collection":[{"href":"https:\/\/hre-official.com\/index.php?rest_route=\/wp\/v2\/posts"}],"about":[{"href":"https:\/\/hre-official.com\/index.php?rest_route=\/wp\/v2\/types\/post"}],"author":[{"embeddable":true,"href":"https:\/\/hre-official.com\/index.php?rest_route=\/wp\/v2\/users\/1"}],"replies":[{"embeddable":true,"href":"https:\/\/hre-official.com\/index.php?rest_route=%2Fwp%2Fv2%2Fcomments&post=2992"}],"version-history":[{"count":0,"href":"https:\/\/hre-official.com\/index.php?rest_route=\/wp\/v2\/posts\/2992\/revisions"}],"wp:featuredmedia":[{"embeddable":true,"href":"https:\/\/hre-official.com\/index.php?rest_route=\/wp\/v2\/media\/2990"}],"wp:attachment":[{"href":"https:\/\/hre-official.com\/index.php?rest_route=%2Fwp%2Fv2%2Fmedia&parent=2992"}],"wp:term":[{"taxonomy":"category","embeddable":true,"href":"https:\/\/hre-official.com\/index.php?rest_route=%2Fwp%2Fv2%2Fcategories&post=2992"},{"taxonomy":"post_tag","embeddable":true,"href":"https:\/\/hre-official.com\/index.php?rest_route=%2Fwp%2Fv2%2Ftags&post=2992"}],"curies":[{"name":"wp","href":"https:\/\/api.w.org\/{rel}","templated":true}]}}