{"id":2959,"date":"2023-10-06T06:51:36","date_gmt":"2023-10-06T06:51:36","guid":{"rendered":"https:\/\/hre-official.com\/?p=2959"},"modified":"2023-10-06T06:55:01","modified_gmt":"2023-10-06T06:55:01","slug":"%d8%a7%d8%b3%d8%aa%d8%b4%d9%87%d8%a7%d8%af-%d8%a7%d8%ad%d8%af-%d8%b1%d9%81%d8%a7%d9%82%d9%86%d8%a7-%d8%a7%d9%84%d8%b4%d9%87%d9%8a%d8%af-%d8%b4%d9%8a%d8%a7%d8%b1-%d8%b4%d9%87%d8%a8%d8%a7","status":"publish","type":"post","link":"https:\/\/hre-official.com\/?p=2959","title":{"rendered":"\u0627\u0633\u062a\u0634\u0647\u0627\u062f \u0627\u062d\u062f \u0631\u0641\u0627\u0642\u0646\u0627 \u0627\u0644\u0634\u0647\u064a\u062f \u0634\u064a\u0627\u0631 \u0634\u0647\u0628\u0627"},"content":{"rendered":"\n<p class=\"has-text-align-left\">Em r\u00eaheval\u00ea xwe \u015eiyar \u015eehba bi r\u00eazdar\u00ee bib\u00eer t\u00eenin<br>Ji \u00c7apemen\u00ee \u00fb Rayagi\u015ft\u00ee re<br>Hevr\u00eay\u00ea me \u015eiyar \u015eehba ku di \u00e7ar\u00e7oveya Qonaxa Duyem\u00een a Berxwedana Serdem\u00ea ya Efr\u00een\u00ea de t\u00eako\u015f\u00een \u00fb berxwedaniya me ya li hember dewleta Tirk a dagirker \u00fb kom\u00ean \u00e7etey\u00ean w\u00ea didome de kar \u00fb xebat\u00ean xwe dida me\u015fandin, roja 5\u2019\u00ea Cotmeh\u00ea dema li ser erka xwe b\u00fb, \u015feh\u00eed b\u00fb.<br>Ji d\u00eerok\u00ea \u00fb vir ve bi r\u00ea \u00fb r\u00eabaz\u00ean c\u00fbda ve her dem\u00ea \u00ear\u00ee\u015f \u00fb pol\u00eet\u00eekay\u00ean dijmin \u00ean li ser gel\u00ea me xwe daye der. Hevr\u00eay\u00ea me \u015eiyar, ji gund\u00ea Cob\u00ea ya gir\u00eaday\u00ee \u015eehbay\u00ea ji dayik dibe. Li cih\u00ea ku hevr\u00eay\u00ea me ji dayik b\u00fbye j\u00ee bi pol\u00eet\u00eekay\u00ean \u00eenkar \u00fb as\u00eem\u00eelasyon\u00ea dijmin\u00ea qirker xwestiye ku nasname \u00fb heb\u00fbna Kurd\u00ean azad ji hol\u00ea rabike, gel\u00ea me xwe \u00eenkar bike \u00fb bibe biyaniy\u00ean nasname \u00fb \u00e7anda xwe da ku bi temam\u00ee heb\u00fbna xwe wenda bike. L\u00ea malbata hevr\u00eay\u00ea me \u015eiyar di zaneb\u00fbna van pol\u00eet\u00eekay\u00ean dijmin de mezin b\u00fbne. Bi dilsoziya hezkirina ji nasnameya xwe ya Kurd\u00eetiy\u00ea \u00fb hezkirina ax\u00ea ve gir\u00eaday\u00ee zarok\u00ean xwe j\u00ee mezin kirine, xwe li hember\u00ea dijmin heya radeyek\u00ee parastin \u00fb bi v\u00ee reng\u00ee bersiva p\u00eaw\u00eest li hember\u00ea van hi\u015fmend\u00ee, siyaset \u00fb pol\u00eet\u00eekay\u00ean qir\u00eaj dane. Hevr\u00eaye me \u015eiyar di malbatek\u00ee wisa de ya ku bi \u00e7anda Kurd\u00eetiy\u00ea xwe parastiye, mezin b\u00fb. Hevr\u00ea \u015eiyar di temen\u00ea xwe y\u00ea ciwantiy\u00ea de bi taybet\u00ee ji ber tevl\u00eeb\u00fbna di nav t\u00eako\u015f\u00eena azadiy\u00ea ya xizm\u00ean xwe, ew j\u00ee bi dilsoz\u00ee \u00fb hezkirin \u00fb xwed\u00ee derketina li ax \u00fb rumeta gel\u00ea xwe \u00fb tolgirtina \u00ea\u015f \u00fb azara gel\u00ea xwe biryar da ku bibe \u015fopdar\u00ean eg\u00eed\u00ean v\u00ea ax\u00ea \u00fb parazvan\u00ea gel\u00ea xwe. Bi \u00ear\u00ee\u015fa dewleta Tirk a dagirker li ser Efr\u00een\u00ea ya sala 2018\u2019an de hevr\u00ea \u015eiyar j\u00ee di dil \u00fb wijdan\u00ea xwe de van \u00ear\u00ee\u015f\u00ean ku li ser gel\u00ea me t\u00ean kirin qeb\u00fbl nake, ber\u00ea xwe dide nava ref\u00ean h\u00eaz\u00ean me. Ji sala 2018\u2019an vir ve r\u00eaheval \u015eiyar bi rol \u00fb m\u00eesyonek\u00ee mezin erk girt ser mil\u00ea xwe, di cih \u00fb dem\u00ean c\u00fbda de b\u00eatered\u00fbt xebat da me\u015fandin. Di ser\u00ee de di war\u00ea naskirin \u00fb ketina ferqa nasnameya xwe y\u00ea Kurd\u00eet\u00eey\u00ea \u00fb armanca \u00ear\u00ee\u015f\u00ean dijmin ku li ser gel\u00ea me t\u00ea kirin ba\u015f nas kir. Hevr\u00ea \u015eiyar pi\u015ft\u00ee Berxwedana Serdem\u00ea ya Efr\u00een\u00ea p\u00eaw\u00eest d\u00eet ku di aliy\u00ea b\u00eerdoz\u00ee de kurkirin \u00fb le\u015fker\u00ee de p\u00ea\u015fketinek ava bike ji perwedeyeke bingeh\u00een derbas b\u00fb \u00fb bi serkeft\u00ee xilas kir. Di nava hevr\u00eay\u00ean xwe de b\u00fb r\u00eahevalek\u00ee ku z\u00fb were qeb\u00fblkirin \u00fb hezkirin. Co\u015f \u00fb morala w\u00ee ya di jiyan\u00ea de, bi tevl\u00eeb\u00fbna xwe ya her erk\u00ea ku hilgirtiye ser mil\u00ea xwe ve, di hem\u00fb waran de cih\u00ea xwe di nava dil \u00fb mejiy\u00ea hevrey\u00ean xwe de neqi\u015fand. <br>Em wek H\u00eaz\u00ean Rizgariya Efr\u00een\u00ea soza ku me dab\u00fb gel\u00ea xwe y\u00ea Efr\u00een\u00ea ji bo rizgarkirina bajar\u00ea zeyt\u00fbnan ji dest\u00ea dagirker \u00fb xay\u00eenan, bi be\u015fdariya kesayet\u00ean dilw\u00earek \u00ean m\u00eena r\u00eaheval \u015eiyar her ku di\u00e7e bilindtir dibe \u00fb em \u00ea bi hevr\u00eay\u00ean leheng m\u00eena \u015eiyaran serkeftin\u00ea misoger bikin.<br>Em di ser\u00ee de sersaxiy\u00ea ji malbata h\u00eaja ya hevr\u00ea \u015eiyar \u00fb gel\u00ea xwe y\u00ea welatpar\u00eaz re dixwazin. Em wek r\u00eaheval\u00ean wan diyar dikin ku em \u00ea h\u00een b\u00eahtir t\u00eako\u015f\u00een \u00fb berxwedaniya xwe bilind bikin \u00fb teqez em \u00ea xeyal\u00ean wan y\u00ea azadiy\u00ea p\u00eak b\u00eenin.<\/p>\n\n\n\n<p class=\"has-text-align-left\">Nasnameya pakrewan\u00ea me wiha ye:<br>Nasnav: \u015eiyar \u015eehba<br>Nav \u00fb Pa\u015fnav: Wel\u00eed Kil\u00ee<br>Nav\u00ea Dayik\u00ea: Sebah <br>Nav\u00ea Bav: Mihemed <br>Cih \u00fb D\u00eeroka \u015eehadet\u00ea: Her\u00eama Efr\u00een\u00ea | 5\u2019\u00ea Cotmeha 2023<br><br>H\u00eaz\u00ean Rizgariya Efr\u00een\u00ea<\/p>\n","protected":false},"excerpt":{"rendered":"<p>Em r\u00eaheval\u00ea xwe \u015eiyar \u015eehba bi r\u00eazdar\u00ee bib\u00eer t\u00eeninJi \u00c7apemen\u00ee \u00fb Rayagi\u015ft\u00ee reHevr\u00eay\u00ea me \u015eiyar \u015eehba ku di \u00e7ar\u00e7oveya Qonaxa Duyem\u00een a Berxwedana Serdem\u00ea ya Efr\u00een\u00ea de t\u00eako\u015f\u00een \u00fb berxwedaniya me ya li hember dewleta Tirk a dagirker \u00fb kom\u00ean \u00e7etey\u00ean w\u00ea didome de kar \u00fb xebat\u00ean xwe dida me\u015fandin, roja 5\u2019\u00ea Cotmeh\u00ea dema li &hellip;<\/p>\n","protected":false},"author":1,"featured_media":2961,"comment_status":"open","ping_status":"open","sticky":false,"template":"","format":"standard","meta":{"_jetpack_memberships_contains_paid_content":false,"footnotes":""},"categories":[26],"tags":[],"class_list":["post-2959","post","type-post","status-publish","format-standard","has-post-thumbnail","hentry","category-26"],"jetpack_featured_media_url":"https:\/\/hre-official.com\/wp-content\/uploads\/2023\/10\/SIYAR-SEHBA-WELID-KILI-3.jpg","jetpack_sharing_enabled":true,"_links":{"self":[{"href":"https:\/\/hre-official.com\/index.php?rest_route=\/wp\/v2\/posts\/2959","targetHints":{"allow":["GET"]}}],"collection":[{"href":"https:\/\/hre-official.com\/index.php?rest_route=\/wp\/v2\/posts"}],"about":[{"href":"https:\/\/hre-official.com\/index.php?rest_route=\/wp\/v2\/types\/post"}],"author":[{"embeddable":true,"href":"https:\/\/hre-official.com\/index.php?rest_route=\/wp\/v2\/users\/1"}],"replies":[{"embeddable":true,"href":"https:\/\/hre-official.com\/index.php?rest_route=%2Fwp%2Fv2%2Fcomments&post=2959"}],"version-history":[{"count":0,"href":"https:\/\/hre-official.com\/index.php?rest_route=\/wp\/v2\/posts\/2959\/revisions"}],"wp:featuredmedia":[{"embeddable":true,"href":"https:\/\/hre-official.com\/index.php?rest_route=\/wp\/v2\/media\/2961"}],"wp:attachment":[{"href":"https:\/\/hre-official.com\/index.php?rest_route=%2Fwp%2Fv2%2Fmedia&parent=2959"}],"wp:term":[{"taxonomy":"category","embeddable":true,"href":"https:\/\/hre-official.com\/index.php?rest_route=%2Fwp%2Fv2%2Fcategories&post=2959"},{"taxonomy":"post_tag","embeddable":true,"href":"https:\/\/hre-official.com\/index.php?rest_route=%2Fwp%2Fv2%2Ftags&post=2959"}],"curies":[{"name":"wp","href":"https:\/\/api.w.org\/{rel}","templated":true}]}}