{"id":2926,"date":"2023-08-23T06:33:51","date_gmt":"2023-08-23T06:33:51","guid":{"rendered":"https:\/\/hre-official.com\/?p=2926"},"modified":"2023-08-23T07:00:09","modified_gmt":"2023-08-23T07:00:09","slug":"%d8%a7%d8%b3%d8%aa%d8%b4%d9%87%d8%a7%d8%af-%d8%a7%d8%ad%d8%af-%d8%b1%d9%81%d8%a7%d9%82%d9%86%d8%a7-%d8%a7%d9%84%d8%b4%d9%87%d9%8a%d8%af-%d8%a7%d9%8a%d8%b1%d9%8a%d8%b4-%d8%b2%d9%8a%d8%a7%d8%b1%d8%aa","status":"publish","type":"post","link":"https:\/\/hre-official.com\/?p=2926","title":{"rendered":"\u0627\u0633\u062a\u0634\u0647\u0627\u062f \u0627\u062d\u062f \u0631\u0641\u0627\u0642\u0646\u0627 \u0627\u0644\u0634\u0647\u064a\u062f \u0627\u064a\u0631\u064a\u0634 \u0632\u064a\u0627\u0631\u062a"},"content":{"rendered":"\n<p class=\"has-text-align-left\">R\u00eaheval \u00car\u00ee\u015f di dil \u00fb mejiy\u00ea xwe de \u015fore\u015fa biratiya gelan p\u00eak an\u00ee <br \/>Ji \u00e7apemen\u00ee \u00fb raya gi\u015ft\u00ee re <br \/>Hevr\u00eay\u00ea me \u00car\u00ee\u015f Ziyaret\u00ea ku di \u00e7ar\u00e7oveya Qonaxa Duyem\u00een a Berxwedana Serdem\u00ea ya Efr\u00een\u00ea de cih\u00ea xwe di nava ref\u00ean HRE de girt, dema li ser erk \u00fb wez\u00eefeya xwe b\u00fb, li her\u00eama Efr\u00een\u00ea di roja 15\u2019\u00ea Tebax\u00ea de di esnay\u00ea \u00e7alakiyek\u00ea de giha asta \u015fehadet\u00ea. Di ser\u00ee de malbata hevr\u00ea \u00car\u00ee\u015f, em sersaxiy\u00ea ji tevah\u00ee gel\u00ea xwe re dixwazin \u00fb wek hevr\u00eay\u00ean wan \u00ean ceng\u00ea em soz didin ku tola \u015feh\u00eed\u00ean xwe li erd\u00ea neh\u00ealin<\/p>\n\n\n\n<p class=\"has-text-align-left\"><br \/>Hevr\u00eay\u00ea me \u00car\u00ee\u015f Ziyaret\u00ea bi nav\u00ea xwe y\u00ea rast Be\u015far Ehmed ku ji p\u00eakhateya Ereb e, li nav\u00e7eya \u015e\u00earawa ya gir\u00eaday\u00ea bajar\u00ea Efr\u00een\u00ea, ji day\u00eek dibe. Di temen\u00ea xwe y\u00ea ciwan de teko\u015f\u00eena azadiy\u00ea naskir \u00fb b\u00fb dildar\u00ea r\u00eaya azadiy\u00ea. Li ser v\u00ea bingeh\u00ea \u00e7awa ku \u015fore\u015fa Rojava di nava demek kin de veguher\u00ee \u015fore\u015fa tevah\u00ee mirovahiy\u00ea, p\u00eakhatey\u00ean her\u00eam\u00ea j\u00ee heb\u00fbna xwe di v\u00ea \u015fore\u015f\u00ea de d\u00eetin. Li ser v\u00ea bingeh\u00ea li dij\u00ee hov\u00eetiya h\u00eaz\u00ean \u00e7ete y\u00ean ku S\u00fbriye w\u00earankirin, ber\u00ea ke\u00e7 \u00fb law\u00ean xwe dan nava ref\u00ean \u015fore\u015f\u00ea. Bi v\u00ee reng\u00ee dilsoziya xwe ya bi \u015fore\u015f\u00ea re raberkirin<\/p>\n\n\n\n<p class=\"has-text-align-left\"><br \/>Hevr\u00ea \u00car\u00ee\u015f j\u00ee wek ciwanek\u00ee Ereb li hember\u00ee her away\u00ee kiryar\u00ean dijmirov\u00ee y\u00ean h\u00eaz\u00ean \u00e7ete, bi taybet\u00ee j\u00ee li hember\u00ee dagirkeriya Tirk, \u015fahid\u00ee ji berxwedan\u00ee \u00fb \u00e7\u00eerok\u00ean b\u00ea hempa y\u00ean \u015fore\u015fa Rojava re kir. Li ser v\u00ea bingeh\u00ea, bi taybet\u00ee j\u00ee pi\u015ft\u00ee dagirkirina dewleta Tirk \u00fb \u00e7etey\u00ean w\u00ea ji bajar\u00ea Efr\u00een\u00ea re, soz da ku ew\u00ea bide ser \u015fopa \u015feh\u00eedan \u00fb xaka xwe ji dest\u00ea dagirker rizgar bike. Dagirkirina Efr\u00een\u00ea di dil \u00fb mejiy\u00ea r\u00eaheval \u00car\u00ee\u015f de k\u00een \u00fb h\u00earseke mezin da  avakirin. Bi v\u00ea h\u00earsa tolhildan\u00ea biryar da ku tevl\u00ea nava ref\u00ean me y\u00ean H\u00eaz\u00ean Rizgariya Efr\u00een\u00ea bibe <\/p>\n\n\n\n<p class=\"has-text-align-left\"><br \/>Wek HRE soza ku me dab\u00fb gel\u00ea xwe y\u00ea Efr\u00een\u00ea ji bo rizgarkirina bajar\u00ea Efr\u00een\u00ea ji dest\u00ea dagirker \u00fb xay\u00eenan, bi be\u015fdariya kesayet\u00ean dilw\u00earek m\u00eena r\u00eaheval \u00car\u00ee\u015f bilindtir dibe. Em bi be\u015fdariya leheng\u00ean m\u00eena hevr\u00ea \u00car\u00ee\u015f ku di heman dem\u00ea de n\u00ee\u015faneya bihevr\u00eatiya gel\u00ea Kurd \u00fb Erebe \u015fanaz dibin. R\u00eaheval \u00car\u00ee\u015f ji roja ku tevl\u00ee b\u00fbye heya k\u00ealiya \u015fehadeta xwe bi israr \u00fb biryardariya ku ew\u00ea bajar\u00ea xwe ji dagirkeran rizgar bikin, bi fedekar\u00ee \u00fb cesareteke mezin tevl\u00ea hem\u00fb kar \u00fb xebatan b\u00fb. Di nava jiyan\u00ea de, bi taybet\u00ee j\u00ee di war\u00ea le\u015fker\u00ee de di gelek aliyan de b\u00fb xwed\u00ee ked \u00fb sekneke m\u00eenak. Bi co\u015f \u00fb kelecaneke mezin di war\u00ea bran\u015f\u00ean le\u015fker\u00ee de, bi taybet\u00ee j\u00ee di war\u00ea \u00e7eka sekvaniy\u00ea de xwe p\u00ea\u015f xist \u00fb xwe bi \u00e7eka xwe re kir yek. Bi germb\u00fbn \u00fb dilnizmiya xwe ya nava jiyan\u00ea de, cih\u00ea xwe di dil\u00ea hem\u00fb hevr\u00eay\u00ean xwe de \u00e7\u00eakir. Ruxm\u00ea ku temen\u00ea xwe ciwan b\u00fb j\u00ee, l\u00ea berpirsyartiya xwe ya li hember\u00ee erk\u00ean dem\u00ea xurt b\u00fb.  Ji bo w\u00ea di nava ref\u00ean me de di nava demek kin de xwe avakir \u00fb bi awayek \u00e7alak tevl\u00ea jiyan\u00ea b\u00fb. W\u00ee di dil \u00fb mejiy\u00ea xwe de \u015fore\u015fa biratiya gelan p\u00eak an\u00ee<\/p>\n\n\n\n<p class=\"has-text-align-left\"><br \/>Di ser\u00ee de malbata me ya h\u00eaja ya Hevr\u00ea \u00car\u00ee\u015f Ziyaret\u00ea, em careke din sersaxiy\u00ea ji tevah\u00ee gel\u00ea xwe y\u00ea welatpar\u00eaz re dixwazin. Wek r\u00eaheval\u00ean \u015feh\u00eed \u00car\u00ee\u015f em v\u00ea yek\u00ea diyar dikin ku dema her r\u00eahevalek me \u015feh\u00eed dikeve, ji bo me t\u00ea wateya ku em di dil \u00fb mejiy\u00ea xwe de w\u00ee mezintir bidin jiyankirin. Teqez xeyal \u00fb armanc\u00ean wan \u00ean n\u00eev\u00e7o may\u00ee, ala rizgariy\u00ea ya ku wan dewr\u00ea me kir, w\u00ea her li ba be, teqez em\u00ea serkeftin\u00ea diyar\u00ee gel\u00ea xwe bikin<\/p>\n\n\n\n<p class=\"has-text-align-left\"> <br \/>Nasnameya pakrewan\u00ea me wiha ye<br \/>Nasnav: \u00car\u00ee\u015f Ziyaret\u00ea <br \/>Nav \u00fb Pa\u015fnav: Be\u015far Ehmed  <br \/>Nav\u00ea Dayik\u00ea: Fikiriye <br \/>Nav\u00ea Bav: Zuh\u00ear <br \/>Cih \u00fb D\u00eeroka \u015eehadet\u00ea: Her\u00eama Efr\u00een\u00ea | 15\u2019\u00ea Tebaxa  2023 <br \/>H\u00eaz\u00ean Rizgariya Efr\u00een\u00ea <br \/>23\u2019\u00ea Tebexa 2023<\/p>\n\n\n\n<p class=\"has-text-align-left\"><br \/> <\/p>\n\n\n\n<figure class=\"wp-block-image size-large\"><img loading=\"lazy\" decoding=\"async\" width=\"1024\" height=\"682\" src=\"https:\/\/hre-official.com\/wp-content\/uploads\/2023\/08\/IMG_20230823_083123_376-1024x682.jpg\" alt=\"\" class=\"wp-image-2924\" srcset=\"https:\/\/hre-official.com\/wp-content\/uploads\/2023\/08\/IMG_20230823_083123_376-1024x682.jpg 1024w, https:\/\/hre-official.com\/wp-content\/uploads\/2023\/08\/IMG_20230823_083123_376-300x200.jpg 300w, https:\/\/hre-official.com\/wp-content\/uploads\/2023\/08\/IMG_20230823_083123_376-768x512.jpg 768w, https:\/\/hre-official.com\/wp-content\/uploads\/2023\/08\/IMG_20230823_083123_376.jpg 1280w\" sizes=\"auto, (max-width: 1024px) 100vw, 1024px\" \/><\/figure>\n\n\n\n<figure class=\"wp-block-image\"><img loading=\"lazy\" decoding=\"async\" width=\"1024\" height=\"682\" src=\"https:\/\/hre-official.com\/wp-content\/uploads\/2023\/08\/IMG_20230823_083123_908-1024x682.jpg\" alt=\"\" class=\"wp-image-2923\" srcset=\"https:\/\/hre-official.com\/wp-content\/uploads\/2023\/08\/IMG_20230823_083123_908-1024x682.jpg 1024w, https:\/\/hre-official.com\/wp-content\/uploads\/2023\/08\/IMG_20230823_083123_908-300x200.jpg 300w, https:\/\/hre-official.com\/wp-content\/uploads\/2023\/08\/IMG_20230823_083123_908-768x512.jpg 768w, https:\/\/hre-official.com\/wp-content\/uploads\/2023\/08\/IMG_20230823_083123_908.jpg 1280w\" sizes=\"auto, (max-width: 1024px) 100vw, 1024px\" \/><\/figure>\n\n\n\n<figure class=\"wp-block-image\"><img loading=\"lazy\" decoding=\"async\" width=\"1024\" height=\"682\" src=\"https:\/\/hre-official.com\/wp-content\/uploads\/2023\/08\/IMG_20230823_083124_140-1024x682.jpg\" alt=\"\" class=\"wp-image-2922\" srcset=\"https:\/\/hre-official.com\/wp-content\/uploads\/2023\/08\/IMG_20230823_083124_140-1024x682.jpg 1024w, https:\/\/hre-official.com\/wp-content\/uploads\/2023\/08\/IMG_20230823_083124_140-300x200.jpg 300w, https:\/\/hre-official.com\/wp-content\/uploads\/2023\/08\/IMG_20230823_083124_140-768x512.jpg 768w, https:\/\/hre-official.com\/wp-content\/uploads\/2023\/08\/IMG_20230823_083124_140.jpg 1280w\" sizes=\"auto, (max-width: 1024px) 100vw, 1024px\" \/><\/figure>\n","protected":false},"excerpt":{"rendered":"<p>R\u00eaheval \u00car\u00ee\u015f di dil \u00fb mejiy\u00ea xwe de \u015fore\u015fa biratiya gelan p\u00eak an\u00ee Ji \u00e7apemen\u00ee \u00fb raya gi\u015ft\u00ee re Hevr\u00eay\u00ea me \u00car\u00ee\u015f Ziyaret\u00ea ku di \u00e7ar\u00e7oveya Qonaxa Duyem\u00een a Berxwedana Serdem\u00ea ya Efr\u00een\u00ea de cih\u00ea xwe di nava ref\u00ean HRE de girt, dema li ser erk \u00fb wez\u00eefeya xwe b\u00fb, li her\u00eama Efr\u00een\u00ea di roja &hellip;<\/p>\n","protected":false},"author":1,"featured_media":2925,"comment_status":"open","ping_status":"open","sticky":false,"template":"","format":"standard","meta":{"_jetpack_memberships_contains_paid_content":false,"footnotes":""},"categories":[26],"tags":[],"class_list":["post-2926","post","type-post","status-publish","format-standard","has-post-thumbnail","hentry","category-26"],"jetpack_featured_media_url":"https:\/\/hre-official.com\/wp-content\/uploads\/2023\/08\/IMG_20230823_083119_004.jpg","jetpack_sharing_enabled":true,"_links":{"self":[{"href":"https:\/\/hre-official.com\/index.php?rest_route=\/wp\/v2\/posts\/2926","targetHints":{"allow":["GET"]}}],"collection":[{"href":"https:\/\/hre-official.com\/index.php?rest_route=\/wp\/v2\/posts"}],"about":[{"href":"https:\/\/hre-official.com\/index.php?rest_route=\/wp\/v2\/types\/post"}],"author":[{"embeddable":true,"href":"https:\/\/hre-official.com\/index.php?rest_route=\/wp\/v2\/users\/1"}],"replies":[{"embeddable":true,"href":"https:\/\/hre-official.com\/index.php?rest_route=%2Fwp%2Fv2%2Fcomments&post=2926"}],"version-history":[{"count":0,"href":"https:\/\/hre-official.com\/index.php?rest_route=\/wp\/v2\/posts\/2926\/revisions"}],"wp:featuredmedia":[{"embeddable":true,"href":"https:\/\/hre-official.com\/index.php?rest_route=\/wp\/v2\/media\/2925"}],"wp:attachment":[{"href":"https:\/\/hre-official.com\/index.php?rest_route=%2Fwp%2Fv2%2Fmedia&parent=2926"}],"wp:term":[{"taxonomy":"category","embeddable":true,"href":"https:\/\/hre-official.com\/index.php?rest_route=%2Fwp%2Fv2%2Fcategories&post=2926"},{"taxonomy":"post_tag","embeddable":true,"href":"https:\/\/hre-official.com\/index.php?rest_route=%2Fwp%2Fv2%2Ftags&post=2926"}],"curies":[{"name":"wp","href":"https:\/\/api.w.org\/{rel}","templated":true}]}}