{"id":2914,"date":"2023-08-21T05:40:31","date_gmt":"2023-08-21T05:40:31","guid":{"rendered":"https:\/\/hre-official.com\/?p=2914"},"modified":"2023-08-23T07:00:23","modified_gmt":"2023-08-23T07:00:23","slug":"%d8%a7%d8%b3%d8%aa%d8%b4%d9%87%d8%a7%d8%af-%d8%a7%d8%ad%d8%af-%d8%b1%d9%81%d8%a7%d9%82%d9%86%d8%a7-%d8%a7%d9%84%d8%b4%d9%87%d9%8a%d8%af%d8%a9-%d8%b2%d9%8a%d9%86-%d8%b3%d9%8a%d9%83%d9%81%d8%a7%d9%86","status":"publish","type":"post","link":"https:\/\/hre-official.com\/?p=2914","title":{"rendered":"\u0627\u0633\u062a\u0634\u0647\u0627\u062f \u0627\u062d\u062f \u0631\u0641\u0627\u0642\u0646\u0627 \u0627\u0644\u0634\u0647\u064a\u062f \u0632\u064a\u0646 \u0633\u064a\u0643\u0641\u0627\u0646"},"content":{"rendered":"\n<p class=\"has-text-align-left\">Em h\u00eavr\u00eaya xwe Z\u00een Sekvan bi r\u00eazdar\u00ee bib\u00eer t\u00eenin<\/p>\n\n\n\n<p class=\"has-text-align-left\"><br \/>Ji \u00e7apemen\u00ee \u00fb raya gi\u015ft\u00ee re <br \/>Hevr\u00eaya me Z\u00een Sekvan ku di \u00e7ar\u00e7oveya Qonaxa Duyem\u00een a Berxwedana Serdem\u00ea ya Efr\u00een\u00ea de, be\u015fdar\u00ee nava T\u00eem\u00ean \u015eeh\u00eed Avesta y\u00ean H\u00eaz\u00ean Rizgariya Efr\u00een\u00ea b\u00fbb\u00fb, di roja 18\u2019\u00ea Tebax\u00ea de rast\u00ee \u00ear\u00ee\u015feke xedar a Dewleta Tirk a dagirker hat \u00fb di encam\u00ea de giha asta \u015fehadet\u00ea. Di ser\u00ee de malbata me ya h\u00eaja, malbata \u015feh\u00eed Z\u00een em sersaxiy\u00ea ji tevah\u00ee gel\u00ea xwe y\u00ea welatpar\u00eaz re dixwazin \u00fb soz didin ku em\u00ea tola r\u00eahevala xwe li erd\u00ea neh\u00ealin<\/p>\n\n\n\n<p class=\"has-text-align-left\"><br \/>Hevr\u00eaya me Z\u00een Sekvan bi nav\u00ea xwe y\u00ea rast Ro\u015f\u00een El\u00ee ji bajar\u00ea destana berbang\u00ea, Koban\u00ea ye. Kobaniya ku li hember hov\u00eetiya DAI\u015e\u2019\u00ea b\u00fb Kurdistan \u00fb b\u00fb deng\u00ea tevah\u00ee mirovahiy\u00ea, ke\u00e7 \u00fb xort\u00ean xwe y\u00ean ciwan bi destan\u00ean qehreman\u00ee \u00fb berxwedaniy\u00ea mezin kir. Hevala me Z\u00een Sekvan j\u00ee di nava malbateke welatpar\u00eaz de, li ser van destanan mezin b\u00fb. W\u00ea bi \u00e7av\u00ea xwe d\u00eet ku di ser\u00ee de Rojava, tevah\u00ee xaka Kurdisan\u00ea rast\u00ee dagirkirin, talan \u00fb \u00eemhay\u00ea t\u00ea. D\u00eet ku gel\u00ea Kurd wek heb\u00fbn t\u00ea \u00eenkarkirin. Bi v\u00ee reng\u00ee \u00ea\u015f \u00fb azara gel\u00ea xwe ji k\u00fbraniya dil\u00ea xwe h\u00ees kir \u00fb bi soza ku w\u00ea rojek\u00ea tola v\u00ea yek\u00ea rabike, mezin b\u00fb. li ser v\u00ea bingeh\u00ea r\u00eaheval Z\u00een di sala 2016\u2019an de tevl\u00ee nava ref\u00ean \u015fore\u015f\u00ea b\u00fb<\/p>\n\n\n\n<p class=\"has-text-align-left\"><br \/>R\u00eahevala me Z\u00een ji roja yek\u00ea ku tevl\u00ea b\u00fb heta roja \u015fehadeta xwe bi heman h\u00earsa tolhildan\u00ea di eniy\u00ean ceng\u00ea y\u00ean her\u00ee p\u00ea\u015f de cih\u00ea xwe girt. Bi dilpak\u00ee \u00fb hevaltiya xwe ya b\u00ea emsal ji bo hevr\u00eay\u00ean xwe hertim b\u00fb \u00e7avkaniya h\u00eaz \u00fb moral\u00ea. Heval Z\u00een di cih \u00fb dem\u00ean c\u00fbda de wek jineke ciwan xwe perwerde kir \u00fb xwe di rastiya welat\u00ea xwe de k\u00fbr kir \u00fb b\u00fb hevr\u00eayeke j\u00eer \u00fb zana. Bi taybet\u00ee di war\u00ea pisporiya le\u015fker\u00ee de xwe p\u00ea\u015f xist, \u00e7eka sekvan\u00ee da ser mil\u00ea xwe \u00fb ji bo doza welat\u00ea xwe her p\u00ea\u015f de me\u015fiya. <br \/>Di sala 2018\u2019an de dewleta Tirk a dagirker bi hevkar\u00ee \u00fb er\u00eakirineke navdewlet\u00ee ber\u00ea xwe da bajar\u00ea Efr\u00een\u00ea. Di \u015fexs\u00ea Efr\u00een\u00ea de careke din sefereke dagirkirin\u00ea li Kurdistan\u00ea destp\u00eakirib\u00fb. Dewleta Tirk a dagirker ber\u00ea bi hezaran tifing, tang, top \u00fb balafir\u00ean xwe dab\u00fb bajar\u00ea Efr\u00een\u00ea. Pi\u015ft\u00ee \u015fer \u00fb berxwedaneke bi r\u00fbmet, bajar\u00ea Efr\u00een\u00ea bi awayek\u00ee namerdane hate dagirkirin<\/p>\n\n\n\n<p><\/p>\n\n\n\n<p class=\"has-text-align-left\">Gel\u00ea me y\u00ea Efr\u00een\u00ea ne\u00e7ar\u00ee ko\u00e7beriy\u00ea b\u00fb \u00fb ji bo careke din vegere ser xaka xwe, li \u015eehba di nava kamp\u00ean ko\u00e7beriy\u00ea de bicih b\u00fb. Li ser v\u00ea bingeh\u00ea p\u00eangava duyem\u00een a Berxwedana Serdem\u00ea hate destp\u00eakirin \u00fb di ser\u00ee de Efr\u00een, ciwan\u00ean Rojava ber\u00ea xwe dan nava ref\u00ean H\u00eaz\u00ean Rizgariya Efr\u00een HRE<\/p>\n\n\n\n<p class=\"has-text-align-left\"><br \/>Ji bo vegera li Efr\u00een\u00ea, gelek r\u00eaheval\u00ean me can\u00ea xwe y\u00ea ciwan \u00fb bedew kirin xelat.  Jin\u00ean ciwan \u00ean Efr\u00een \u00fb Rojava j\u00ee di nava ref\u00ean HRE de xwe weke Yek\u00eeney\u00ean \u015eeh\u00eed Avesta bir\u00eaxistin kirin \u00fb dan ser \u015fopa Avesta \u00fb Bar\u00een\u2019an. Ji sala 2018\u2019an heya roja me ya \u00eero H\u00eaz\u00ean me y\u00ean Rizgariya Efr\u00een b\u00ea navber \u00e7alakiy\u00ean xwe li dij\u00ee art\u00ea\u015fa Tirk a dagirker \u00fb \u00e7etey\u00ean w\u00ea p\u00eak t\u00eene. \u015eeh\u00eeda yekem\u00een a Yek\u00eeney\u00ean \u015eeh\u00eed Avesta, R\u00eaheval Ruken Zerde\u015ft b\u00fb, R\u00eahevala me Z\u00een Sekvan j\u00ee bi dilsoziyeke mezin li ser \u015fopa Avesta \u00fb Ruken\u2019an me\u015fiya. Li ser v\u00ea bingeh\u00ea bi awayek\u00ee akt\u00eef be\u015fdar\u00ee gelek \u00e7alakiyan b\u00fb \u00fb ji bo tola hevr\u00eay\u00ean xwe \u00fb gel\u00ea xwe rake, ked \u00fb fedekariyeke b\u00eahempa da raberkirin. Di war\u00ea b\u00eerdoz\u00ee \u00fb zanista le\u015fker\u00ee de her ku xwe p\u00ea\u015f xist, zaneb\u00fbn \u00fb danehev\u00ean xwe bi hevr\u00eay\u00ean xwe re parve kir, erka fermandariya \u015fer \u00fb jiyan\u00ea girte ser mil\u00ea xwe. Bi israr \u00fb hewldana ku ji hem\u00fb \u00ea\u015f \u00fb azara gel\u00ea xwe re bibe bersiv, xwe di her war\u00ee de p\u00ea\u015f xist, avakir \u00fb bi v\u00een \u00fb baweriyeke xurt b\u00ea teredut li hember\u00ee hem\u00fb zehmetiyan teko\u015f\u00eeneke mezin da raberkirin. W\u00ea bi v\u00ea sekna xwe ya qehreman\u00ee n\u00ee\u015fanda ku jinek \u00e7awa dikare xwe zana bike \u00fb ji bo azadiya jinan, ji bo xilas\u00ee, azad\u00ee \u00fb r\u00fbmeta gel were bi destxistin, ti zor\u00ee \u00fb zehmetiyeke ku ney\u00ea derbaskirin, n\u00eene<\/p>\n\n\n\n<p class=\"has-text-align-left\"><br \/>Di ser\u00ee de malbata me ya h\u00eaja ya hevr\u00ea Z\u00een, em sersaxiy\u00ea ji tevah\u00ee gel\u00ea xwe y\u00ea welatpar\u00eaz re dixwazin. Em weke hevr\u00eay\u00ean Z\u00een Sekvan v\u00ea yek\u00ea diyar dikin ku, bila dijmin bizanibe bi \u00ear\u00ee\u015f\u00ean wiha namerd ve w\u00ea nikaribe v\u00een \u00fb dilsoziya me ya bi \u015fore\u015fa azadiy\u00ea re tune bike. Her \u015feh\u00eedek me h\u00earsa me ya tolhildan\u00ea \u00fb israra me ya teko\u015f\u00een \u00fb berxwedan\u00ea xurtir dike. Li ser v\u00ea bingeh\u00ea em careke din soza xwe n\u00fb dikin ku em\u00ea armanca p\u00eeroz a hevr\u00eay\u00ean xwe y\u00ean \u015feh\u00eed ku armac \u00fb sonda me ye, teqez p\u00eak b\u00eenin \u00fb bajar\u00ea xwe ji dest\u00ea dagirkeran rizgar bikin<\/p>\n\n\n\n<p class=\"has-text-align-left\"><br \/>Nasnameya pakrewana me wiha ye: <br \/>Nasnav: Z\u00een Sekvan <br \/>Nav \u00fb Pa\u015fnav: Ro\u015f\u00een El\u00ee <br \/>Nav\u00ea Dayik: \u015ea\u00eeb\u00ea <br \/>Nav\u00ea Bav: Mehmud <br \/>Cih \u00fb D\u00eeroka \u015eehadet\u00ea: Her\u00eama Efr\u00een\u00ea | 18\u2019\u00ea Tebaxa 2023 <br \/>H\u00eaz\u00ean Rizgariya Efr\u00een <br \/>21 Tebax 2023<\/p>\n\n\n\n<figure class=\"wp-block-image size-large\"><img loading=\"lazy\" decoding=\"async\" width=\"1024\" height=\"640\" src=\"https:\/\/hre-official.com\/wp-content\/uploads\/2023\/08\/SAVE_20230821_073840-1024x640.jpg\" alt=\"\" class=\"wp-image-2916\" srcset=\"https:\/\/hre-official.com\/wp-content\/uploads\/2023\/08\/SAVE_20230821_073840-1024x640.jpg 1024w, https:\/\/hre-official.com\/wp-content\/uploads\/2023\/08\/SAVE_20230821_073840-300x188.jpg 300w, https:\/\/hre-official.com\/wp-content\/uploads\/2023\/08\/SAVE_20230821_073840-768x480.jpg 768w, https:\/\/hre-official.com\/wp-content\/uploads\/2023\/08\/SAVE_20230821_073840.jpg 1080w\" sizes=\"auto, (max-width: 1024px) 100vw, 1024px\" \/><\/figure>\n","protected":false},"excerpt":{"rendered":"<p>Em h\u00eavr\u00eaya xwe Z\u00een Sekvan bi r\u00eazdar\u00ee bib\u00eer t\u00eenin Ji \u00e7apemen\u00ee \u00fb raya gi\u015ft\u00ee re Hevr\u00eaya me Z\u00een Sekvan ku di \u00e7ar\u00e7oveya Qonaxa Duyem\u00een a Berxwedana Serdem\u00ea ya Efr\u00een\u00ea de, be\u015fdar\u00ee nava T\u00eem\u00ean \u015eeh\u00eed Avesta y\u00ean H\u00eaz\u00ean Rizgariya Efr\u00een\u00ea b\u00fbb\u00fb, di roja 18\u2019\u00ea Tebax\u00ea de rast\u00ee \u00ear\u00ee\u015feke xedar a Dewleta Tirk a dagirker hat \u00fb &hellip;<\/p>\n","protected":false},"author":1,"featured_media":2917,"comment_status":"open","ping_status":"open","sticky":false,"template":"","format":"standard","meta":{"_jetpack_memberships_contains_paid_content":false,"footnotes":""},"categories":[26],"tags":[],"class_list":["post-2914","post","type-post","status-publish","format-standard","has-post-thumbnail","hentry","category-26"],"jetpack_featured_media_url":"https:\/\/hre-official.com\/wp-content\/uploads\/2023\/08\/SAVE_20230821_073840-1.jpg","jetpack_sharing_enabled":true,"_links":{"self":[{"href":"https:\/\/hre-official.com\/index.php?rest_route=\/wp\/v2\/posts\/2914","targetHints":{"allow":["GET"]}}],"collection":[{"href":"https:\/\/hre-official.com\/index.php?rest_route=\/wp\/v2\/posts"}],"about":[{"href":"https:\/\/hre-official.com\/index.php?rest_route=\/wp\/v2\/types\/post"}],"author":[{"embeddable":true,"href":"https:\/\/hre-official.com\/index.php?rest_route=\/wp\/v2\/users\/1"}],"replies":[{"embeddable":true,"href":"https:\/\/hre-official.com\/index.php?rest_route=%2Fwp%2Fv2%2Fcomments&post=2914"}],"version-history":[{"count":0,"href":"https:\/\/hre-official.com\/index.php?rest_route=\/wp\/v2\/posts\/2914\/revisions"}],"wp:featuredmedia":[{"embeddable":true,"href":"https:\/\/hre-official.com\/index.php?rest_route=\/wp\/v2\/media\/2917"}],"wp:attachment":[{"href":"https:\/\/hre-official.com\/index.php?rest_route=%2Fwp%2Fv2%2Fmedia&parent=2914"}],"wp:term":[{"taxonomy":"category","embeddable":true,"href":"https:\/\/hre-official.com\/index.php?rest_route=%2Fwp%2Fv2%2Fcategories&post=2914"},{"taxonomy":"post_tag","embeddable":true,"href":"https:\/\/hre-official.com\/index.php?rest_route=%2Fwp%2Fv2%2Ftags&post=2914"}],"curies":[{"name":"wp","href":"https:\/\/api.w.org\/{rel}","templated":true}]}}