{"id":2898,"date":"2023-07-07T08:22:32","date_gmt":"2023-07-07T08:22:32","guid":{"rendered":"https:\/\/hre-official.com\/?p=2898"},"modified":"2023-07-07T09:26:34","modified_gmt":"2023-07-07T09:26:34","slug":"%d8%a7%d8%b3%d8%aa%d8%b4%d9%87%d8%a7%d8%af-%d8%a7%d8%ad%d8%af-%d8%b1%d9%81%d8%a7%d9%82%d9%86%d8%a7-%d8%a7%d9%84%d8%b4%d9%87%d9%8a%d8%af-%d8%aa%d9%8a%d9%83%d9%88%d8%b4%d8%b1-%d8%b9%d9%81%d8%b1%d9%8a","status":"publish","type":"post","link":"https:\/\/hre-official.com\/?p=2898","title":{"rendered":"\u0627\u0633\u062a\u0634\u0647\u0627\u062f \u0627\u062d\u062f \u0631\u0641\u0627\u0642\u0646\u0627 \u0627\u0644\u0634\u0647\u064a\u062f \u062a\u0627\u0643\u0648\u0634\u0631 \u0639\u0641\u0631\u064a\u0646"},"content":{"rendered":"\n<p class=\"has-text-align-left\">Em r\u00eaheval\u00ea xwe Teko\u015fer Efr\u00een bi r\u00eazdar\u00ee bib\u00eer t\u00eenin<\/p>\n\n\n\n<p class=\"has-text-align-left\">Ji \u00e7apemen\u00ee \u00fb raya gi\u015ft\u00ee re<\/p>\n\n\n\n<p class=\"has-text-align-left\">Hevr\u00eay\u00ea me Teko\u015fer Efr\u00een ku di \u00e7ar\u00e7oveya Qonaxa Duyem\u00een a Berxwedana Serdem\u00ea ya Efr\u00een\u00ea de t\u00eako\u015f\u00een \u00fb berxwedaniya me ya li hember dewleta Tirk a dagirker \u00fb kom\u00ean \u00e7etey\u00ean w\u00ea didome de kar \u00fb xebat\u00ean xwe dida me\u015fandin, roja 5\u2019\u00ea T\u00eermeh\u00ea dema li ser wez\u00eefeya xwe b\u00fb, \u015feh\u00eed b\u00fb.<\/p>\n\n\n\n<p class=\"has-text-align-left\">Bajar\u00ea me y\u00ea Efr\u00een\u00ea yek ji wan bajaran e ku bi derketina R\u00eaber APO ve li ser dika d\u00eerok\u00ea, gel\u00ea me heb\u00fbn \u00fb nasnameya xwe di fikr \u00fb felsefeya R\u00eabert\u00eey\u00ea de d\u00eetin. Gel\u00ea me bi taybet\u00ee ked \u00fb hewldan\u00ean R\u00eaber APO ji n\u00eaz ve \u015fopandin \u00fb b\u00fbn \u015fahid\u00ean rastiya R\u00eabert\u00ee. Ewlad\u00ean xwe y\u00ean her\u00ee h\u00eaja \u00fb bi nirx di oxira azad\u00ee \u00fb serxweb\u00fbna welat de diyariy\u00ean doza p\u00eeroz kirin. Bi destp\u00eakirina \u015eore\u015fa Rojavay\u00ea Kurdistan\u00ea ve ev yek h\u00een b\u00eahtir bi r\u00eaxistin b\u00fb, ref bi ref di \u00e7eper\u00ean \u015fer de ewlad\u00ean gel\u00ea me li hember\u00ee dijmin\u00ean her\u00ee hov \u00fb xw\u00eenxar parastina ax \u00fb r\u00fbmeta gel\u00ea xwe hilgirtin li ser xwe. Bajar\u00ea Efr\u00een\u00ea ku p\u00eakhatey\u00ean w\u00ee di nava aram\u00ee \u00fb xwe\u015fikahiy\u00ea de dijiya, b\u00fb tirs \u00fb xewna dagirkirina xeyal\u00ean dewleta Tirk a dagirker. Di sala 2018\u2019an de dema \u00ear\u00ee\u015f\u00ean qirkirin \u00fb tunekirin\u00ea li ser gel\u00ea Efr\u00een\u00ea hat kirin de r\u00eaheval\u00ea me Teko\u015fer ev hov\u00eetiya dewleta Tirk a dagirker \u00fb \u00e7etey\u00ean gir\u00eaday\u00ea w\u00ee li ser bajar\u00ea xwe ji n\u00eaz ve bi \u00e7av \u00fb dil\u00ea xwe ve d\u00eet \u00fb h\u00ees kir. Rixm\u00ea bi temen\u00ea xwe y\u00ea ciwantiy\u00ea j\u00ee, bi co\u015f \u00fb kelecanek\u00ee her\u00ee mezin xwe bi r\u00eaxistin kir, di rastiya \u00ea\u015f \u00fb azara gel\u00ea xwe de k\u00fbr b\u00fb, b\u00fb sedem ku tevl\u00ee nava ref\u00ean h\u00eaz\u00ean me bibe. Ji roja ku tevl\u00ee nava h\u00eaz\u00ean me b\u00fb \u00fb heta k\u00ealiya ku \u015feh\u00eed bikeve r\u00eaheval Teko\u015fer ji bo rizgariya bajar\u00ea xwe ked \u00fb hewldanek\u00ee b\u00ea hempa da raberkirin, bi r\u00fbken\u00ee, co\u015f \u00fb heyecana tolgirtina \u00ea\u015fa gel\u00ea xwe ve xwe di perwerdey\u00ea de k\u00fbr kir. Di demek\u00ee n\u00eaz de hem di war\u00ea le\u015fker\u00ee bi taybet\u00ee b\u00fby\u00eena xwed\u00ee bran\u015f da kedek\u00ee mezin raber kir. Di war\u00ea b\u00eerdoz\u00ee de xwe bi p\u00ea\u015f xist, di rastiya \u00ea\u015fa welat\u00ea xwe de xwe ji n\u00fb ve ava kir, li derdora heval\u00ea xwe h\u00eal\u00eena xwe di dil\u00ea heval\u00ea xwe de \u00e7\u00eakir. Bi dilnizm\u00ee, hezkirina ax \u00fb r\u00fbmeta welat ve di temen\u00ean xwe y\u00ean ciwan de bi armanc\u00ean mezin kesayetek avakir.&nbsp;<\/p>\n\n\n\n<p class=\"has-text-align-left\">Em di ser\u00ee de sersaxiy\u00ea ji malbata h\u00eaja ya hevr\u00ea Teko\u015fer re \u00fb gel\u00ea xwe y\u00ea welatpar\u00eaz re dixwazin. Em wek r\u00eaheval\u00ean wan carek\u00ee din dubare dikin ku b\u00eeran\u00eena \u015feh\u00eed\u00ean me y\u00ean leheng di oxira v\u00ea doza p\u00eeroz \u00fb teko\u015f\u00eena meya azadiy\u00ea de her dem\u00ea b\u00ean bib\u00eer an\u00een, di dil \u00fb mejiy\u00ea xwe de em \u00ea \u015feh\u00eed\u00ean xwe ji her dem\u00ea z\u00eadetir mezin bidin jiyankirin.<\/p>\n\n\n\n<p class=\"has-text-align-left\">Nasnameya pakrewan\u00ea me wiha ye:<\/p>\n\n\n\n<p class=\"has-text-align-left\">Nasnav: Teko\u015fer Efr\u00een<\/p>\n\n\n\n<p class=\"has-text-align-left\">Nav \u00fb Pa\u015fnav: G\u00eevara Nesen<\/p>\n\n\n\n<p class=\"has-text-align-left\">Nav\u00ea Dayik: Em\u00eene&nbsp;<\/p>\n\n\n\n<p class=\"has-text-align-left\">Nav\u00ea Bav: Mihemed&nbsp;<\/p>\n\n\n\n<p class=\"has-text-align-left\">Cih \u00fb D\u00eeroka \u015eehadet\u00ea: Her\u00eama Efr\u00een\u00ea | 5\u2019\u00ea T\u00eermeha 2023<\/p>\n\n\n\n<p class=\"has-text-align-left\">H\u00eaz\u00ean Rizgariya Efr\u00een\u00ea<\/p>\n\n\n\n<p>7\u2019\u00ea T\u00eemeha 2023<\/p>\n\n\n\n<figure class=\"wp-block-image size-large\"><img loading=\"lazy\" decoding=\"async\" width=\"683\" height=\"1024\" src=\"https:\/\/hre-official.com\/wp-content\/uploads\/2023\/07\/SAVE_20230707_101805-683x1024.jpg\" alt=\"\" class=\"wp-image-2897\" srcset=\"https:\/\/hre-official.com\/wp-content\/uploads\/2023\/07\/SAVE_20230707_101805-683x1024.jpg 683w, https:\/\/hre-official.com\/wp-content\/uploads\/2023\/07\/SAVE_20230707_101805-200x300.jpg 200w, https:\/\/hre-official.com\/wp-content\/uploads\/2023\/07\/SAVE_20230707_101805-768x1152.jpg 768w, https:\/\/hre-official.com\/wp-content\/uploads\/2023\/07\/SAVE_20230707_101805-1024x1536.jpg 1024w, https:\/\/hre-official.com\/wp-content\/uploads\/2023\/07\/SAVE_20230707_101805-1365x2048.jpg 1365w, https:\/\/hre-official.com\/wp-content\/uploads\/2023\/07\/SAVE_20230707_101805-scaled.jpg 1707w\" sizes=\"auto, (max-width: 683px) 100vw, 683px\" \/><\/figure>\n\n\n\n<figure class=\"wp-block-image\"><img loading=\"lazy\" decoding=\"async\" width=\"1024\" height=\"683\" src=\"https:\/\/hre-official.com\/wp-content\/uploads\/2023\/07\/SAVE_20230707_101800-1024x683.jpg\" alt=\"\" class=\"wp-image-2896\" srcset=\"https:\/\/hre-official.com\/wp-content\/uploads\/2023\/07\/SAVE_20230707_101800-1024x683.jpg 1024w, https:\/\/hre-official.com\/wp-content\/uploads\/2023\/07\/SAVE_20230707_101800-300x200.jpg 300w, https:\/\/hre-official.com\/wp-content\/uploads\/2023\/07\/SAVE_20230707_101800-768x512.jpg 768w, https:\/\/hre-official.com\/wp-content\/uploads\/2023\/07\/SAVE_20230707_101800-1536x1024.jpg 1536w, https:\/\/hre-official.com\/wp-content\/uploads\/2023\/07\/SAVE_20230707_101800-2048x1365.jpg 2048w\" sizes=\"auto, (max-width: 1024px) 100vw, 1024px\" \/><\/figure>\n\n\n\n<figure class=\"wp-block-image\"><img loading=\"lazy\" decoding=\"async\" width=\"1024\" height=\"683\" src=\"https:\/\/hre-official.com\/wp-content\/uploads\/2023\/07\/SAVE_20230707_101751-1024x683.jpg\" alt=\"\" class=\"wp-image-2895\" srcset=\"https:\/\/hre-official.com\/wp-content\/uploads\/2023\/07\/SAVE_20230707_101751-1024x683.jpg 1024w, https:\/\/hre-official.com\/wp-content\/uploads\/2023\/07\/SAVE_20230707_101751-300x200.jpg 300w, https:\/\/hre-official.com\/wp-content\/uploads\/2023\/07\/SAVE_20230707_101751-768x512.jpg 768w, https:\/\/hre-official.com\/wp-content\/uploads\/2023\/07\/SAVE_20230707_101751-1536x1024.jpg 1536w, https:\/\/hre-official.com\/wp-content\/uploads\/2023\/07\/SAVE_20230707_101751-2048x1365.jpg 2048w\" sizes=\"auto, (max-width: 1024px) 100vw, 1024px\" \/><\/figure>\n","protected":false},"excerpt":{"rendered":"<p>Em r\u00eaheval\u00ea xwe Teko\u015fer Efr\u00een bi r\u00eazdar\u00ee bib\u00eer t\u00eenin Ji \u00e7apemen\u00ee \u00fb raya gi\u015ft\u00ee re Hevr\u00eay\u00ea me Teko\u015fer Efr\u00een ku di \u00e7ar\u00e7oveya Qonaxa Duyem\u00een a Berxwedana Serdem\u00ea ya Efr\u00een\u00ea de t\u00eako\u015f\u00een \u00fb berxwedaniya me ya li hember dewleta Tirk a dagirker \u00fb kom\u00ean \u00e7etey\u00ean w\u00ea didome de kar \u00fb xebat\u00ean xwe dida me\u015fandin, roja 5\u2019\u00ea &hellip;<\/p>\n","protected":false},"author":1,"featured_media":2894,"comment_status":"open","ping_status":"open","sticky":false,"template":"","format":"standard","meta":{"_jetpack_memberships_contains_paid_content":false,"footnotes":""},"categories":[26],"tags":[],"class_list":["post-2898","post","type-post","status-publish","format-standard","has-post-thumbnail","hentry","category-26"],"jetpack_featured_media_url":"https:\/\/hre-official.com\/wp-content\/uploads\/2023\/07\/SAVE_20230707_101736.jpg","jetpack_sharing_enabled":true,"_links":{"self":[{"href":"https:\/\/hre-official.com\/index.php?rest_route=\/wp\/v2\/posts\/2898","targetHints":{"allow":["GET"]}}],"collection":[{"href":"https:\/\/hre-official.com\/index.php?rest_route=\/wp\/v2\/posts"}],"about":[{"href":"https:\/\/hre-official.com\/index.php?rest_route=\/wp\/v2\/types\/post"}],"author":[{"embeddable":true,"href":"https:\/\/hre-official.com\/index.php?rest_route=\/wp\/v2\/users\/1"}],"replies":[{"embeddable":true,"href":"https:\/\/hre-official.com\/index.php?rest_route=%2Fwp%2Fv2%2Fcomments&post=2898"}],"version-history":[{"count":0,"href":"https:\/\/hre-official.com\/index.php?rest_route=\/wp\/v2\/posts\/2898\/revisions"}],"wp:featuredmedia":[{"embeddable":true,"href":"https:\/\/hre-official.com\/index.php?rest_route=\/wp\/v2\/media\/2894"}],"wp:attachment":[{"href":"https:\/\/hre-official.com\/index.php?rest_route=%2Fwp%2Fv2%2Fmedia&parent=2898"}],"wp:term":[{"taxonomy":"category","embeddable":true,"href":"https:\/\/hre-official.com\/index.php?rest_route=%2Fwp%2Fv2%2Fcategories&post=2898"},{"taxonomy":"post_tag","embeddable":true,"href":"https:\/\/hre-official.com\/index.php?rest_route=%2Fwp%2Fv2%2Ftags&post=2898"}],"curies":[{"name":"wp","href":"https:\/\/api.w.org\/{rel}","templated":true}]}}