{"id":2891,"date":"2023-06-25T11:54:22","date_gmt":"2023-06-25T11:54:22","guid":{"rendered":"https:\/\/hre-official.com\/?p=2891"},"modified":"2023-06-25T11:55:37","modified_gmt":"2023-06-25T11:55:37","slug":"%d8%a7%d8%b3%d8%aa%d8%b4%d9%87%d8%a7%d8%af-%d8%a7%d8%ad%d8%af-%d8%b1%d9%81%d8%a7%d9%82%d9%86%d8%a7-%d8%a7%d9%84%d8%b4%d9%87%d9%8a%d8%af-%d8%af%d9%8a%d8%a7%d8%b1-%d8%b9%d9%81%d8%b1%d9%8a%d9%86","status":"publish","type":"post","link":"https:\/\/hre-official.com\/?p=2891","title":{"rendered":"\u0627\u0633\u062a\u0634\u0647\u0627\u062f \u0627\u062d\u062f \u0631\u0641\u0627\u0642\u0646\u0627 \u0627\u0644\u0634\u0647\u064a\u062f \u062f\u064a\u0627\u0631 \u0639\u0641\u0631\u064a\u0646"},"content":{"rendered":"\n<p class=\"has-text-align-left\">Em hevr\u00eay\u00ean xwe Diyar Efr\u00een bi r\u00eazdar\u00ee bi b\u00eer t\u00eenin<\/p>\n\n\n\n<p class=\"has-text-align-left\"><br>Ji \u00e7apemen\u00ee \u00fb raya gi\u015ft\u00ee re<br>Hevr\u00eay\u00ea me Diyar Efr\u00een ku di xebat\u00ean me y\u00ean her\u00eama Efr\u00een\u00ea de bi erka xwe radib\u00fb, di 24\u2019\u00ea Pu\u015fper\u00ea de di encama qezayek\u00ea de \u015feh\u00eed b\u00fb.<br>Li dij\u00ee \u00ear\u00ee\u015f\u00ean dijwar \u00ean art\u00ea\u015fa Tirk a dagirker, \u00e7alakiy\u00ean me y\u00ean li Efr\u00een\u00ea \u00fb her\u00eam\u00ean din \u00ean ji aliy\u00ea dewleta Tirk a dagirker ve hatine dagirkirin, dewam dikin. Em ji bo azadiya gel\u00ea xwe \u00fb xaka xwe bedel\u00ean mezin didin. Ji bil\u00ee r\u00eaheval\u00ean me y\u00ean di qada \u015fer de \u015feh\u00eed ketine, \u015feh\u00eed\u00ean ku her\u00ee z\u00eade li ber me didin zor\u00ea \u00fb zehmetiy\u00ea, ew in ku me bi qezay\u00ea winda kiriye. Hevr\u00eay\u00ea me Diyar ku li Efr\u00een\u00ea weke kur\u00ea malbateke welatpar\u00eaz \u00ea Efr\u00een\u00ee ji dayik b\u00fb \u00fb mezin b\u00fb, yek ji heval\u00ean me ye ku di encama qezayeke nedixwest de \u015feh\u00eed ketiye.<br>Hevr\u00eay\u00ea me Diyar pi\u015ft\u00ee ku dewleta Tirk a dagirker di sala 2018\u2019an de Efr\u00een dagir kir, tev\u00ee malbata xwe ne\u00e7ar ma ko\u00e7\u00ee \u015eehbay\u00ea bike. Ji ber ku li hember malbat, gel \u00fb xaka xwe berpirsyariya xwe dizanib\u00fb, bi xwe rast\u00ee w\u00ea yek\u00ea hat ku ji bil\u00ee t\u00eako\u015f\u00eena li dij\u00ee dagirkeran ti \u00e7areya w\u00ee tuneye. Tev\u00ee ku di sala 2019&#8217;an de dema tevl\u00ee h\u00eaz\u00ean me b\u00fb, ti ezm\u00fbna w\u00ee ya \u015fer tune b\u00fb j\u00ee, di demeke kin de xwe di perwerdey\u00ea de bi p\u00ea\u015f xist. Hevr\u00eay\u00ea me Diyar ku perwerdeya xwe ya bingeh\u00een bi serkeft\u00ee qedand, pi\u015ft\u00ee sala 2019\u2019an rasterast be\u015fdar\u00ee gelek \u00e7alakiy\u00ean me y\u00ean tolhildan\u00ea y\u00ean li dij\u00ee dagirkeran b\u00fb \u00fb di \u015fer de j\u00eahat\u00ee b\u00fb. Pi\u015ft\u00ee ku ezm\u00fbna xwe ya \u015fer di prat\u00eek\u00ea de bi dest xist, be\u015fdar\u00ee perwerdey\u00ean \u015faxan j\u00ee b\u00fb. R\u00eaheval\u00ea me Diyar ku fermandar\u00ea tab\u00fbr\u00ea b\u00fb, kesek\u00ee ku heval\u00ean di bin kontrola xwe de mij\u00fbl dibe, wan perwerde dike \u00fb ji pirsgir\u00eak\u00ean wan re \u00e7areseriy\u00ea dib\u00eene. Di v\u00ee war\u00ee de b\u00fbye hevalek\u00ee ku ji aliy\u00ea heval\u00ean xwe ve t\u00ea hezkirin \u00fb m\u00eenak t\u00ea girtin. Hevr\u00eay\u00ea me Diyar y\u00ea ku zewic\u00ee ye \u00fb zarok\u00ean w\u00ee hene j\u00ee bi gel ve gir\u00eaday\u00ee b\u00fb \u00fb li hember\u00ee pirsgir\u00eak\u00ean gel\u00ea me ne\u00e7ar nedima. <br>Hevr\u00eay\u00ea me Diyar bi fedakar \u00fb kedkariya xwe, w\u00ea bibe m\u00eenakek jiyana me \u00fb t\u00eemsalek teko\u015f\u00eena me re. Em \u00ea di t\u00eako\u015f\u00eena xwe ya azadiy\u00ea de xwed\u00ee li b\u00eeran\u00eena w\u00ee derkevin \u00fb xeyal \u00fb armanc\u00ean w\u00ee ku di oxira wan de teko\u015fiya, bi ser bix\u00eenin. Di ser\u00ee de sersaxiy\u00ea ji malbata h\u00eaja ya hevr\u00ea Diyar re \u00fb ji tevahiya gel\u00ea me y\u00ea Efr\u00een\u00ea y\u00ea welatpar\u00eaz \u00fb gel\u00ean her\u00eam\u00ea re dixwazin.<\/p>\n\n\n\n<p class=\"has-text-align-left\"><br>Nasnameya pakrewan\u00ea me wiha ye:<br>Nasnav: Diyar Efr\u00een<br>Nav \u00fb Pa\u015fnav: Ziyad Med\u00fbr<br>Nav\u00ea Dayik\u00ea: Sewliy\u00ea<br>Nav\u00ea Bav: Horo<br>Cih \u00fb D\u00eeroka \u015eehadet\u00ea: Her\u00eama Efr\u00een\u00ea | 24\u2019\u00ea Pu\u015fpera 2023<br><br>H\u00eaz\u00ean Rizgariya Efr\u00een\u00ea<br>25\u2019\u00ea Pu\u015fpera 2023<\/p>\n","protected":false},"excerpt":{"rendered":"<p>Em hevr\u00eay\u00ean xwe Diyar Efr\u00een bi r\u00eazdar\u00ee bi b\u00eer t\u00eenin Ji \u00e7apemen\u00ee \u00fb raya gi\u015ft\u00ee reHevr\u00eay\u00ea me Diyar Efr\u00een ku di xebat\u00ean me y\u00ean her\u00eama Efr\u00een\u00ea de bi erka xwe radib\u00fb, di 24\u2019\u00ea Pu\u015fper\u00ea de di encama qezayek\u00ea de \u015feh\u00eed b\u00fb.Li dij\u00ee \u00ear\u00ee\u015f\u00ean dijwar \u00ean art\u00ea\u015fa Tirk a dagirker, \u00e7alakiy\u00ean me y\u00ean li Efr\u00een\u00ea \u00fb &hellip;<\/p>\n","protected":false},"author":1,"featured_media":2890,"comment_status":"open","ping_status":"open","sticky":false,"template":"","format":"standard","meta":{"_jetpack_memberships_contains_paid_content":false,"footnotes":""},"categories":[26],"tags":[],"class_list":["post-2891","post","type-post","status-publish","format-standard","has-post-thumbnail","hentry","category-26"],"jetpack_featured_media_url":"https:\/\/hre-official.com\/wp-content\/uploads\/2023\/06\/IMG_20230625_135346_668.jpg","jetpack_sharing_enabled":true,"_links":{"self":[{"href":"https:\/\/hre-official.com\/index.php?rest_route=\/wp\/v2\/posts\/2891","targetHints":{"allow":["GET"]}}],"collection":[{"href":"https:\/\/hre-official.com\/index.php?rest_route=\/wp\/v2\/posts"}],"about":[{"href":"https:\/\/hre-official.com\/index.php?rest_route=\/wp\/v2\/types\/post"}],"author":[{"embeddable":true,"href":"https:\/\/hre-official.com\/index.php?rest_route=\/wp\/v2\/users\/1"}],"replies":[{"embeddable":true,"href":"https:\/\/hre-official.com\/index.php?rest_route=%2Fwp%2Fv2%2Fcomments&post=2891"}],"version-history":[{"count":0,"href":"https:\/\/hre-official.com\/index.php?rest_route=\/wp\/v2\/posts\/2891\/revisions"}],"wp:featuredmedia":[{"embeddable":true,"href":"https:\/\/hre-official.com\/index.php?rest_route=\/wp\/v2\/media\/2890"}],"wp:attachment":[{"href":"https:\/\/hre-official.com\/index.php?rest_route=%2Fwp%2Fv2%2Fmedia&parent=2891"}],"wp:term":[{"taxonomy":"category","embeddable":true,"href":"https:\/\/hre-official.com\/index.php?rest_route=%2Fwp%2Fv2%2Fcategories&post=2891"},{"taxonomy":"post_tag","embeddable":true,"href":"https:\/\/hre-official.com\/index.php?rest_route=%2Fwp%2Fv2%2Ftags&post=2891"}],"curies":[{"name":"wp","href":"https:\/\/api.w.org\/{rel}","templated":true}]}}