{"id":2887,"date":"2023-06-22T08:28:28","date_gmt":"2023-06-22T08:28:28","guid":{"rendered":"https:\/\/hre-official.com\/?p=2887"},"modified":"2023-06-22T08:31:33","modified_gmt":"2023-06-22T08:31:33","slug":"%d8%a7%d8%b3%d8%aa%d8%b4%d9%87%d8%a7%d8%af-%d8%a7%d8%ad%d8%af-%d8%b1%d9%81%d8%a7%d9%82%d9%86%d8%a7-%d8%a7%d9%84%d8%b4%d9%87%d9%8a%d8%af-%d8%ac%d8%a7%d9%86-%d8%b4%d9%8a%d8%b1-%d8%b4%d9%8a%d8%b1%d9%88","status":"publish","type":"post","link":"https:\/\/hre-official.com\/?p=2887","title":{"rendered":"\u0627\u0633\u062a\u0634\u0647\u0627\u062f \u0627\u062d\u062f \u0631\u0641\u0627\u0642\u0646\u0627 \u0627\u0644\u0634\u0647\u064a\u062f \u062c\u0627\u0646 \u0634\u064a\u0631 \u0634\u064a\u0631\u0648\u0627"},"content":{"rendered":"\r\n<p style=\"text-align: left;\"><strong>Em hevr\u00eay\u00ea xwe Can\u015fer \u015e\u00earewa bi r\u00eazdar\u00ee bi b\u00eer t\u00eenin<\/strong><\/p>\r\n\r\n\r\n\r\n<p style=\"text-align: left;\"><strong>Ji \u00e7apemen\u00ee \u00fb raya gi\u015ft\u00ee re<\/strong><\/p>\r\n\r\n\r\n\r\n<p style=\"text-align: left;\">R\u00eaheval\u00ea me Can\u015f\u00ear \u015e\u00earewa li her\u00eama Efr\u00een\u00ea di \u00e7ar\u00e7oveya Qonaxa Duyem\u00een a Berxwedana Serdem\u00ea ya Efr\u00een\u00ea de erkdar b\u00fb \u00fb xebat\u00ean xwe dida me\u015fandin, di encama \u00ear\u00ee\u015fa heway\u00ee ya art\u00ea\u015fa Tirk a dagirker ya 14\u2019\u00ea Pu\u015fper\u00ea bi giran\u00ee bir\u00eendar bib\u00fb, tev\u00ee hem\u00fb m\u00fbdaxeleyan di 20\u2019\u00ea Pu\u015fper\u00ea de gih\u00ee\u015ft asta \u015fehadet\u00ea.<\/p>\r\n\r\n\r\n\r\n<p style=\"text-align: left;\">Heval\u00ea me Can\u015f\u00ear li nav\u00e7eya \u015e\u00earewa ya Efr\u00een\u00ea ji malbatek welatpar\u00eaz ji dayik b\u00fb \u00fb bi bandora malbat \u00fb derdora xwe bi \u00e7anda welatpar\u00eaziy\u00ea mezin b\u00fb. R\u00eaheval\u00ea me y\u00ea ku mirov dikare b\u00eaje di sal\u00ean destp\u00eak\u00ea y\u00ean \u015fore\u015fa Rojava de zarok b\u00fb, di dema dagirkirina Efr\u00een\u00ea de ji bo armanc\u00ean dijmin \u00ean li dij\u00ee gel\u00ea me emr\u00ea xwe y\u00ea f\u00eamkirin\u00ea de b\u00fb. Di sala 2020\u2019an de di tevl\u00eeb\u00fbna w\u00ee ya di t\u00eako\u015f\u00eena me ya li dij\u00ee dagirkeran de, asta hi\u015fmendiya welatpar\u00eaz\u00ee \u00fb bandora k\u00een \u00fb h\u00earsa w\u00ee ya li hember dijmin bandor b\u00fb. Ji ber avahiya xwe ya ciwan \u00fb d\u00eenam\u00eek di perwerdehiy\u00ea de zehmet\u00ee neki\u015fand, berovaj\u00ee w\u00ea bandorek er\u00ean\u00ee li kanal\u00eezekirina t\u00eako\u015f\u00een\u00ea kir \u00fb veguherand h\u00eazek mezin. Bi be\u015fdarb\u00fbna \u00e7alakiy\u00ean li Efr\u00een\u00ea \u00fb derdora w\u00ea, ji bo ku \u015fer\u00ea xwe di prat\u00eek\u00ea de xurt bike, ezm\u00fbn bi dest xist. Keda w\u00ee \u00fb tevl\u00eab\u00fbna w\u00ee ya akt\u00eef di jiyan\u00ea de ji aliy\u00ea hevalan ve hate d\u00eetin \u00fb teqd\u00eerkirin. Tev\u00ee ku \u015fehadeta w\u00ee bandor li ser me r\u00eaheval\u00ean w\u00ee kir j\u00ee, em \u00ea jiyan \u00fb helwesta w\u00ee ya li d\u00eej\u00ee dagirkeran bikin bingeha sedema teko\u015f\u00eena xwe.<\/p>\r\n\r\n\r\n\r\n<p style=\"text-align: left;\">Weke H\u00eaz\u00ean Rizgariya Efr\u00een\u00ea em soz didin ku li ser \u015fopa \u015feh\u00eed\u00ean xwe y\u00ean leheng bime\u015fin, jiyan \u00fb teko\u015f\u00eena wan bi nirx di her k\u00ealiya jiyana xwe de serwer bikin. Di ser\u00ee de malbata h\u00eaja ya heval\u00ea me y\u00ea \u015feh\u00eed \u00fb tevahiya gel\u00ea me y\u00ea welatpar\u00eaz sersaxiy\u00ea dixwazin.<\/p>\r\n\r\n\r\n\r\n<p style=\"text-align: left;\"><strong>Nasnameya pakrewan\u00ea me wiha ye:<\/strong><\/p>\r\n\r\n\r\n\r\n<p style=\"text-align: left;\"><strong>Nasnav:<\/strong> Can\u015f\u00ear \u015e\u00earewa<\/p>\r\n\r\n\r\n\r\n<p style=\"text-align: left;\"><strong>Nav \u00fb Pa\u015fnav:<\/strong> Ehmed \u00cebo<\/p>\r\n\r\n\r\n\r\n<p style=\"text-align: left;\"><strong>Nav\u00ea Dayik\u00ea:<\/strong> Hem\u00eede<\/p>\r\n\r\n\r\n\r\n<p style=\"text-align: left;\"><strong>Nav\u00ea Bav:<\/strong> Mihemed<\/p>\r\n\r\n\r\n\r\n<p style=\"text-align: left;\"><strong>Cih \u00fb D\u00eeroka \u015eehadet\u00ea:<\/strong> Her\u00eama Efr\u00een | 20\u2019\u00ea Pu\u015fpera 2023<\/p>\r\n\r\n\r\n\r\n<p style=\"text-align: left;\"><strong>H\u00eaz\u00ean Rizgariya Efr\u00een\u00ea<\/strong><\/p>\r\n\r\n\r\n\r\n<p style=\"text-align: left;\">22\u2019\u00ea Pu\u015fpera 2023<\/p>\r\n\r\n\r\n\r\n<figure class=\"wp-block-image size-large\"><img loading=\"lazy\" decoding=\"async\" width=\"1024\" height=\"683\" class=\"wp-image-2885\" src=\"https:\/\/hre-official.com\/wp-content\/uploads\/2023\/06\/SAVE_20230622_102028-1024x683.jpg\" alt=\"\" srcset=\"https:\/\/hre-official.com\/wp-content\/uploads\/2023\/06\/SAVE_20230622_102028-1024x683.jpg 1024w, https:\/\/hre-official.com\/wp-content\/uploads\/2023\/06\/SAVE_20230622_102028-300x200.jpg 300w, https:\/\/hre-official.com\/wp-content\/uploads\/2023\/06\/SAVE_20230622_102028-768x512.jpg 768w, https:\/\/hre-official.com\/wp-content\/uploads\/2023\/06\/SAVE_20230622_102028-1536x1024.jpg 1536w, https:\/\/hre-official.com\/wp-content\/uploads\/2023\/06\/SAVE_20230622_102028-2048x1365.jpg 2048w\" sizes=\"auto, (max-width: 1024px) 100vw, 1024px\" \/><\/figure>\r\n\r\n\r\n\r\n<figure class=\"wp-block-image\"><img loading=\"lazy\" decoding=\"async\" width=\"1024\" height=\"683\" class=\"wp-image-2883\" src=\"https:\/\/hre-official.com\/wp-content\/uploads\/2023\/06\/SAVE_20230622_102023-1024x683.jpg\" alt=\"\" srcset=\"https:\/\/hre-official.com\/wp-content\/uploads\/2023\/06\/SAVE_20230622_102023-1024x683.jpg 1024w, https:\/\/hre-official.com\/wp-content\/uploads\/2023\/06\/SAVE_20230622_102023-300x200.jpg 300w, https:\/\/hre-official.com\/wp-content\/uploads\/2023\/06\/SAVE_20230622_102023-768x512.jpg 768w, https:\/\/hre-official.com\/wp-content\/uploads\/2023\/06\/SAVE_20230622_102023-1536x1024.jpg 1536w, https:\/\/hre-official.com\/wp-content\/uploads\/2023\/06\/SAVE_20230622_102023-2048x1365.jpg 2048w\" sizes=\"auto, (max-width: 1024px) 100vw, 1024px\" \/><\/figure>\r\n\r\n\r\n\r\n<figure class=\"wp-block-image\"><img loading=\"lazy\" decoding=\"async\" width=\"1024\" height=\"683\" class=\"wp-image-2884\" src=\"https:\/\/hre-official.com\/wp-content\/uploads\/2023\/06\/SAVE_20230622_102017-1024x683.jpg\" alt=\"\" srcset=\"https:\/\/hre-official.com\/wp-content\/uploads\/2023\/06\/SAVE_20230622_102017-1024x683.jpg 1024w, https:\/\/hre-official.com\/wp-content\/uploads\/2023\/06\/SAVE_20230622_102017-300x200.jpg 300w, https:\/\/hre-official.com\/wp-content\/uploads\/2023\/06\/SAVE_20230622_102017-768x512.jpg 768w, https:\/\/hre-official.com\/wp-content\/uploads\/2023\/06\/SAVE_20230622_102017-1536x1024.jpg 1536w, https:\/\/hre-official.com\/wp-content\/uploads\/2023\/06\/SAVE_20230622_102017-2048x1365.jpg 2048w\" sizes=\"auto, (max-width: 1024px) 100vw, 1024px\" \/><\/figure>\r\n","protected":false},"excerpt":{"rendered":"<p>Em hevr\u00eay\u00ea xwe Can\u015fer \u015e\u00earewa bi r\u00eazdar\u00ee bi b\u00eer t\u00eenin Ji \u00e7apemen\u00ee \u00fb raya gi\u015ft\u00ee re R\u00eaheval\u00ea me Can\u015f\u00ear \u015e\u00earewa li her\u00eama Efr\u00een\u00ea di \u00e7ar\u00e7oveya Qonaxa Duyem\u00een a Berxwedana Serdem\u00ea ya Efr\u00een\u00ea de erkdar b\u00fb \u00fb xebat\u00ean xwe dida me\u015fandin, di encama \u00ear\u00ee\u015fa heway\u00ee ya art\u00ea\u015fa Tirk a dagirker ya 14\u2019\u00ea Pu\u015fper\u00ea bi giran\u00ee bir\u00eendar &hellip;<\/p>\n","protected":false},"author":1,"featured_media":2886,"comment_status":"open","ping_status":"open","sticky":false,"template":"","format":"standard","meta":{"_jetpack_memberships_contains_paid_content":false,"footnotes":""},"categories":[26],"tags":[],"class_list":["post-2887","post","type-post","status-publish","format-standard","has-post-thumbnail","hentry","category-26"],"jetpack_featured_media_url":"https:\/\/hre-official.com\/wp-content\/uploads\/2023\/06\/SAVE_20230622_102035.jpg","jetpack_sharing_enabled":true,"_links":{"self":[{"href":"https:\/\/hre-official.com\/index.php?rest_route=\/wp\/v2\/posts\/2887","targetHints":{"allow":["GET"]}}],"collection":[{"href":"https:\/\/hre-official.com\/index.php?rest_route=\/wp\/v2\/posts"}],"about":[{"href":"https:\/\/hre-official.com\/index.php?rest_route=\/wp\/v2\/types\/post"}],"author":[{"embeddable":true,"href":"https:\/\/hre-official.com\/index.php?rest_route=\/wp\/v2\/users\/1"}],"replies":[{"embeddable":true,"href":"https:\/\/hre-official.com\/index.php?rest_route=%2Fwp%2Fv2%2Fcomments&post=2887"}],"version-history":[{"count":0,"href":"https:\/\/hre-official.com\/index.php?rest_route=\/wp\/v2\/posts\/2887\/revisions"}],"wp:featuredmedia":[{"embeddable":true,"href":"https:\/\/hre-official.com\/index.php?rest_route=\/wp\/v2\/media\/2886"}],"wp:attachment":[{"href":"https:\/\/hre-official.com\/index.php?rest_route=%2Fwp%2Fv2%2Fmedia&parent=2887"}],"wp:term":[{"taxonomy":"category","embeddable":true,"href":"https:\/\/hre-official.com\/index.php?rest_route=%2Fwp%2Fv2%2Fcategories&post=2887"},{"taxonomy":"post_tag","embeddable":true,"href":"https:\/\/hre-official.com\/index.php?rest_route=%2Fwp%2Fv2%2Ftags&post=2887"}],"curies":[{"name":"wp","href":"https:\/\/api.w.org\/{rel}","templated":true}]}}