{"id":2873,"date":"2023-06-17T07:12:55","date_gmt":"2023-06-17T07:12:55","guid":{"rendered":"https:\/\/hre-official.com\/?p=2873"},"modified":"2023-06-17T09:36:51","modified_gmt":"2023-06-17T09:36:51","slug":"em-hevreyen-xwe-rizgar-u-rojhat-bi-rezdari-bi-bir-tinin","status":"publish","type":"post","link":"https:\/\/hre-official.com\/?p=2873","title":{"rendered":"\u0627\u0633\u062a\u0634\u0647\u0627\u062f \u0627\u062d\u062f \u0631\u0641\u0627\u0642\u0646\u0627 \u0627\u0644\u0634\u0647\u064a\u062f \u0631\u064a\u0632\u0643\u0627\u0631 \u0648 \u0631\u0648\u062c\u0647\u0627\u062a"},"content":{"rendered":"<p><strong>Ji \u00e7apemen\u00ee \u00fb raya gi\u015ft\u00ee re<\/strong><\/p>\n<p>R\u00eaheval\u00ean me Rizgar \u00fb Rojhat \u00ean ku li her\u00eama Efr\u00een\u00ea di \u00e7ar\u00e7oveya Qonaxa Duyem\u00een a Berxwedana Serdem\u00ea ya Efr\u00een\u00ea de wez\u00eefedar b\u00fbn \u00fb xebat\u00ea xwe dime\u015fandin, di 14\u2019\u00ea Pu\u015fper\u00ea de di encama \u00ear\u00ee\u015f\u00ean heway\u00ee y\u00ean dewleta Tirk a dagirker de gih\u00ee\u015ftin \u015fehadet\u00ea.<\/p>\n<p>Efr\u00eena ku yek ji her\u00eam\u00ean me ye ku xwed\u00ee hesta welatpar\u00eaziy\u00ea xurt e, di p\u00ea\u015fxistina Tevgera Azadiya Kurd \u00fb xwed\u00eederketina li w\u00ea de berpirsyariyeke mezin girt ser xwe. Bi hezaran leheng\u00ean gel\u00ea me y\u00ea Efr\u00een\u00ea ji bo doza Kurdistan\u00ea li seranser\u00ea welat li dij\u00ee dagirkeran t\u00eako\u015fiyan \u00fb dema p\u00eaw\u00eest be berd\u00eal dan. Di 10 sal\u00ean daw\u00ee y\u00ean \u015fore\u015fa Rojava de j\u00ee peywira xwe ya p\u00ea\u015feng a parastina kevne\u015fopiya berxwedan\u00ea bi layiq\u00ee bi cih an\u00ee. Gel\u00ea me y\u00ea welatpar\u00eaz \u00ea Efr\u00een\u00ea li xaka ku ji D\u00earik\u00ea heta Heleb\u00ea dir\u00eaj dibe, b\u00fbne par\u00eazvan\u00ean t\u00eako\u015f\u00eena azadiy\u00ea. Gel\u00ea me y\u00ea ku bi awayek\u00ee xurt bi azadiy\u00ea ve gir\u00eaday\u00ee ye, ti car\u00ee bi xwed\u00eederketina li b\u00eeran\u00eena bi deh hezaran \u015feh\u00eedan dest ji t\u00eako\u015f\u00eena xwe bernedaye. Heta ku ew bigih\u00eajin azadiya xwe dest ji t\u00eako\u015f\u00een\u00ea bernedan. R\u00eaheval\u00ean me Rizgar \u00fb Rojhat ku du ji ewlad\u00ean leheng \u00ean gel\u00ea me ne ku xwed\u00ee kevne\u015fopiyeke k\u00fbr a berxwedan\u00ea ne, di nava xelek\u00ean xurt \u00ean v\u00ea kevne\u015fopiya berxwedan\u00ea ne.<\/p>\n<p>Heval\u00ea me Rizgar di sala 2015\u2019an de li dij\u00ee \u00ear\u00ee\u015f\u00ean dagirkeriy\u00ea y\u00ean ku li Efr\u00een\u00ea \u00fb derdora w\u00ea z\u00eade b\u00fbb\u00fbn, cih\u00ea xwe di \u00e7eper\u00ean berxwedan\u00ea de girt. Di sal\u00ean 2016 \u00fb 2017\u2019an de gelek caran be\u015fdar\u00ee tevger \u00fb \u00e7alakiy\u00ean li dij\u00ee kom\u00ean \u00e7ete y\u00ean w\u00ea serdem\u00ea b\u00fb \u00fb xwe weke \u015fervanek\u00ee p\u00ea\u015f xist. Ji bo ku bibe j\u00eahat\u00ee \u00fb xwe di \u015fervantiy\u00ea de p\u00ea\u015fde bibe, perwerdehiya p\u00ee\u015fey\u00ee ya bran\u015fan bi serkeft\u00ee derbas kiriye. Pi\u015ft\u00ee dagirkirina Efr\u00een\u00ea k\u00een \u00fb h\u00earsa w\u00ee ya li hember\u00ee dijmin h\u00een bi z\u00eadetir b\u00fb \u00fb bi awayek\u00ee \u00e7alak be\u015fdar\u00ee \u00e7alakiy\u00ean me y\u00ean li dij\u00ee dagirkeran b\u00fb. Heta k\u00ealiya ku gihi\u015ft \u015fehadet\u00ea bi hesteke mezin erka xwe bi cih an\u00ee.<\/p>\n<p>Heval\u00ea me Rojhat, weke kur\u00ea malbateke welatpar\u00eaz a Efr\u00een\u00ea, dagirkeriya li ser xaka xwe qeb\u00fbl nekir \u00fb bi awayek\u00ee \u00e7alak sala 2020\u2019an be\u015fdar\u00ee t\u00eako\u015f\u00eena me ya azadiy\u00ea ya li dij\u00ee dewleta Tirk a dagirker \u00fb \u00e7etey\u00ean w\u00ea b\u00fb. Heval\u00ea me Rojhat j\u00ee weke hem\u00fb r\u00eaheval\u00ean me her tim xwe li hember gel\u00ea xwe deyndar h\u00ees kiriye \u00fb tevgeriya ye, ji bo gel\u00ea xwe vegera li ser xaka Efr\u00een\u00ea kedek mezin da. Heval\u00ea Rizgar ku p\u00ea re \u015feh\u00eed b\u00fb, bi hev re bi \u015f\u00eawazek\u00ee kolekt\u00eef xebat\u00ean hevpar me\u015fandin \u00fb b\u00fb xwediy\u00ea prat\u00eek\u00ean serkeft\u00ee.<\/p>\n<p>Em di \u015fexs\u00ea heval\u00ean xwe Rizgar \u00fb Rojhat de hem\u00fb \u015feh\u00eed\u00ean xwe bi r\u00eazdar\u00ee \u00fb minetdar\u00ee bi b\u00eer t\u00eenin, ku n\u00ee\u015fan dan ku rizgarkirina Efr\u00een\u00ea \u00fb her\u00eam\u00ean din ji dagirkeran \u00fb h\u00eaviya jiyana azad ten\u00ea bi t\u00eako\u015f\u00eeneke mezin a \u015fore\u015fger\u00ee p\u00eakan e. Em soza xwe dubare dikin ku em \u00ea b\u00eeran\u00een\u00ean \u015feh\u00eed\u00ean xwe di t\u00eako\u015f\u00eena xwe de zind\u00ee bih\u00ealin \u00fb h\u00eav\u00eey\u00ean wan bi teqez p\u00eak b\u00eenin.<\/p>\n<p><strong>Nasnamey\u00ean pakrewan\u00ean me wiha ne:<\/strong><\/p>\n<p><strong>Nasnav:<\/strong> Rojhat B\u00eakes<\/p>\n<p><strong>Nav \u00fb Pa\u015fnav:<\/strong> Kawa Hesen<\/p>\n<p><strong>Nav\u00ea Dayik:<\/strong> S\u00eeham<\/p>\n<p><strong>Nav\u00ea Bav:<\/strong> Far\u00fbq<\/p>\n<p><strong>Cih \u00fb D\u00eeroka \u015eahadet\u00ea:<\/strong> Her\u00eama Efr\u00een\u00ea | 14\u2019\u00ea Pu\u015fpera 2023<\/p>\n<p><strong>H\u00eaz\u00ean Rizgariya Efr\u00een\u00ea<\/strong><\/p>\n<p>17\u2019\u00ea Pu\u015fpera 2023<\/p>\n<p><img loading=\"lazy\" decoding=\"async\" class=\"alignnone size-medium wp-image-2874\" src=\"https:\/\/hre-official.com\/wp-content\/uploads\/2023\/06\/Rizgar-Welat-Yusif-Hiso-300x188.jpg\" alt=\"\" width=\"300\" height=\"188\" srcset=\"https:\/\/hre-official.com\/wp-content\/uploads\/2023\/06\/Rizgar-Welat-Yusif-Hiso-300x188.jpg 300w, https:\/\/hre-official.com\/wp-content\/uploads\/2023\/06\/Rizgar-Welat-Yusif-Hiso-1024x640.jpg 1024w, https:\/\/hre-official.com\/wp-content\/uploads\/2023\/06\/Rizgar-Welat-Yusif-Hiso-768x480.jpg 768w, https:\/\/hre-official.com\/wp-content\/uploads\/2023\/06\/Rizgar-Welat-Yusif-Hiso.jpg 1080w\" sizes=\"auto, (max-width: 300px) 100vw, 300px\" \/><\/p>\n<p><img loading=\"lazy\" decoding=\"async\" class=\"alignnone size-medium wp-image-2875\" src=\"https:\/\/hre-official.com\/wp-content\/uploads\/2023\/06\/Rojhat-Bekes-Kawa-Hesen-300x188.jpg\" alt=\"\" width=\"300\" height=\"188\" srcset=\"https:\/\/hre-official.com\/wp-content\/uploads\/2023\/06\/Rojhat-Bekes-Kawa-Hesen-300x188.jpg 300w, https:\/\/hre-official.com\/wp-content\/uploads\/2023\/06\/Rojhat-Bekes-Kawa-Hesen-1024x640.jpg 1024w, https:\/\/hre-official.com\/wp-content\/uploads\/2023\/06\/Rojhat-Bekes-Kawa-Hesen-768x480.jpg 768w, https:\/\/hre-official.com\/wp-content\/uploads\/2023\/06\/Rojhat-Bekes-Kawa-Hesen.jpg 1080w\" sizes=\"auto, (max-width: 300px) 100vw, 300px\" \/><\/p>\n","protected":false},"excerpt":{"rendered":"<p>Ji \u00e7apemen\u00ee \u00fb raya gi\u015ft\u00ee re R\u00eaheval\u00ean me Rizgar \u00fb Rojhat \u00ean ku li her\u00eama Efr\u00een\u00ea di \u00e7ar\u00e7oveya Qonaxa Duyem\u00een a Berxwedana Serdem\u00ea ya Efr\u00een\u00ea de wez\u00eefedar b\u00fbn \u00fb xebat\u00ea xwe dime\u015fandin, di 14\u2019\u00ea Pu\u015fper\u00ea de di encama \u00ear\u00ee\u015f\u00ean heway\u00ee y\u00ean dewleta Tirk a dagirker de gih\u00ee\u015ftin \u015fehadet\u00ea. Efr\u00eena ku yek ji her\u00eam\u00ean me ye &hellip;<\/p>\n","protected":false},"author":1,"featured_media":2880,"comment_status":"open","ping_status":"open","sticky":false,"template":"","format":"standard","meta":{"_jetpack_memberships_contains_paid_content":false,"footnotes":""},"categories":[26],"tags":[],"class_list":["post-2873","post","type-post","status-publish","format-standard","has-post-thumbnail","hentry","category-26"],"jetpack_featured_media_url":"https:\/\/hre-official.com\/wp-content\/uploads\/2023\/06\/IMG-20230617-WA0003.jpg","jetpack_sharing_enabled":true,"_links":{"self":[{"href":"https:\/\/hre-official.com\/index.php?rest_route=\/wp\/v2\/posts\/2873","targetHints":{"allow":["GET"]}}],"collection":[{"href":"https:\/\/hre-official.com\/index.php?rest_route=\/wp\/v2\/posts"}],"about":[{"href":"https:\/\/hre-official.com\/index.php?rest_route=\/wp\/v2\/types\/post"}],"author":[{"embeddable":true,"href":"https:\/\/hre-official.com\/index.php?rest_route=\/wp\/v2\/users\/1"}],"replies":[{"embeddable":true,"href":"https:\/\/hre-official.com\/index.php?rest_route=%2Fwp%2Fv2%2Fcomments&post=2873"}],"version-history":[{"count":0,"href":"https:\/\/hre-official.com\/index.php?rest_route=\/wp\/v2\/posts\/2873\/revisions"}],"wp:featuredmedia":[{"embeddable":true,"href":"https:\/\/hre-official.com\/index.php?rest_route=\/wp\/v2\/media\/2880"}],"wp:attachment":[{"href":"https:\/\/hre-official.com\/index.php?rest_route=%2Fwp%2Fv2%2Fmedia&parent=2873"}],"wp:term":[{"taxonomy":"category","embeddable":true,"href":"https:\/\/hre-official.com\/index.php?rest_route=%2Fwp%2Fv2%2Fcategories&post=2873"},{"taxonomy":"post_tag","embeddable":true,"href":"https:\/\/hre-official.com\/index.php?rest_route=%2Fwp%2Fv2%2Ftags&post=2873"}],"curies":[{"name":"wp","href":"https:\/\/api.w.org\/{rel}","templated":true}]}}