{"id":2488,"date":"2023-04-16T06:34:58","date_gmt":"2023-04-16T06:34:58","guid":{"rendered":"https:\/\/hre-official.com\/?p=2488"},"modified":"2023-05-29T15:23:28","modified_gmt":"2023-05-29T15:23:28","slug":"%d8%a7%d8%b3%d8%aa%d8%b4%d9%87%d8%a7%d8%af-%d8%a7%d8%ad%d8%af-%d8%b1%d9%81%d8%a7%d9%82%d9%86%d8%a7-%d8%a7%d9%84%d8%b4%d9%87%d9%8a%d8%af-%d8%ae%d8%a7%d8%a8%d9%88%d8%b1-%d8%b9%d9%81%d8%b1%d9%8a%d9%86","status":"publish","type":"post","link":"https:\/\/hre-official.com\/?p=2488","title":{"rendered":"\u0627\u0633\u062a\u0634\u0647\u0627\u062f \u0627\u062d\u062f \u0631\u0641\u0627\u0642\u0646\u0627 \u0627\u0644\u0634\u0647\u064a\u062f \u062e\u0627\u0628\u0648\u0631 \u0639\u0641\u0631\u064a\u0646"},"content":{"rendered":"\r\n<p dir=\"ltr\" style=\"text-align: left;\">Em r\u00eaheval\u00ea xwe C\u00eelo Baliya \u00fb Xab\u00fbr Efr\u00een bi r\u00eazdar\u00ee bib\u00eer t\u00eenin<br \/>Ji gel\u00ea me \u00fb raya gi\u015ft\u00ee re<br \/>Di \u00e7ar\u00e7oveya Qonaxa Duyem\u00een a Berxwedana Serdem\u00ea a Efr\u00een\u00ea de t\u00eako\u015f\u00eena me ya li hember dewleta Tirk a dagirker \u00fb kom\u00ean \u00e7etey\u00ean w\u00ea didome. R\u00eaheval\u00ean me C\u00eelo Baliya \u00fb Xab\u00fbr Efr\u00een di roja 15\u2019\u00ea N\u00eesan\u00ea de li her\u00eama Efr\u00een\u00ea dema li ser erka xwe b\u00fbn, \u015feh\u00eed b\u00fbn.<br \/>Di sala 2011\u2019an de dema ku li tevahiya S\u00fbriy\u00ea li hember rej\u00eema BAAS\u00ea serhildana gelan \u00e7\u00eab\u00fb, li Rojavay\u00ea Kurdistan\u00ea j\u00ee gel\u00ea Kurd bi p\u00ea\u015fengtiya ciwan\u00ean \u015fore\u015fger yek bi yek bajar\u00ean xwe rizgar kirin. Hema hema kes\u00ea ku ji bay\u00ea \u015fore\u015f\u00ea bandor neb\u00fb nemab\u00fb. R\u00eaheval\u00ea me C\u00eelo j\u00ee ji bajar\u00ea Efr\u00een\u00ea ya war\u00ea berxwedan\u00ea ye, di sala 2012\u2019an de dema ku YPG h\u00een gav\u00ean destp\u00eak\u00ea y\u00ean avakirin\u00ea diav\u00eat li her\u00eama Efr\u00een\u00ea tevl\u00ee YPG\u2019\u00ea b\u00fb. \u015eer\u00ea YPG y\u00ea li dij\u00ee kom\u00ean \u00e7eteyan wek DAI\u015e \u00fb El N\u00fbsra de r\u00eaheval C\u00eelo j\u00ee di p\u00eangava rizgarkirina \u015eehbay\u00ea \u00fb haw\u00eerdor\u00ean w\u00ea de c\u00eeh girt. Yek ji berxwedana meya li dij\u00ee dagirkeriy\u00ea berxwedana Efr\u00een\u00ea ye ku 58 roj ajot, hevr\u00ea C\u00eelo di v\u00ea berxwedan\u00ea de di eniy\u00ean p\u00ea\u015f de c\u00eeh girt. R\u00eaheval C\u00eelo tev\u00ee ku zewic\u00ee ye \u00fb bav\u00ea 3 zaroka ye l\u00ea bo parastin \u00fb ewlehiya her\u00eam\u00ea rew\u015fa malbat\u00eey\u00ea nekir asteng. Pi\u015ft\u00ee dagirkirina Efr\u00een\u00ea j\u00ee ji bo rizgarkirina cih\u00ea l\u00ea \u00e7\u00eab\u00fby\u00ee, mezin b\u00fbye \u00fb careke din veger\u00ea li ser axa Efr\u00een\u00ea di perwerdehiy\u00ea de xwe kur kir. Di asta fermandartiy\u00ea de xwe p\u00ea\u015f xist. Gel\u00ea me y\u00ea Efr\u00een\u00ea ku ko\u00e7\u00ee \u015eehbay\u00ea \u00fb her\u00eam\u00ean din b\u00fbne ji n\u00eaz ve d\u00eet \u00fb \u00ea\u015fa wan ji dil da h\u00ees kir. Berpirsyartiya hevr\u00ea C\u00eelo hem li hember welat hem li hember gel hem j\u00ee li hember \u015fervan\u00ea xwe heb\u00fb. Ji ber w\u00ea di kar \u00fb xebat\u00ean xwe de wek kesayet\u00ea ku girtib\u00fb de t\u00eet\u00eez \u00fb pak b\u00fb. Ji her erk\u00ea re vekir\u00ee b\u00fb \u00fb ti car d\u00fbdil\u00ee jiyan nekir.<br \/>R\u00eaheval Xab\u00fbr Efr\u00een wek\u00ee her mirovek\u00ee welathez \u00fb bi axa xwe gir\u00eaday\u00ee bi raman\u00ean azad bandor dibe \u00fb dema ku Efr\u00een t\u00ea dagirkirin ji bo k\u00een \u00fb hesabpirs\u00eena ji dagirkeriy\u00ea tevl\u00ee nava ref\u00ean me dibe. Bi \u00eeradeya ji pola y\u00ea ku tu car\u00ee hember\u00ee dagirkeriy\u00ea tesl\u00eemet\u00ea qeb\u00fbl nake \u00fb bo vegera li Efr\u00een\u00ea di berxwedan\u00ea de israr dike. R\u00eaheval Xab\u00fbr wez\u00eefeya destp\u00eak\u00ea r\u00eaheval Xab\u00fbr ew b\u00fb ku li p\u00ea\u015f gel\u00ea xwe vegera Efr\u00eena azadkir\u00ee b\u00fb. Di temen\u00ean xwe y\u00ean ciwan de bi armanc\u00ean mezin kesayetek avakir \u00fb erk\u00ean mezin girt ser mil\u00ea xwe l\u00ea \u015fehadeta w\u00ee z\u00fb b\u00fb. Em \u00ea teqez armanc\u00ean w\u00ea p\u00eak b\u00eenin ku bi hevr\u00eay\u00ea xwe ra heman xeyal\u00ee dij\u00een.<br \/>Em di ser\u00ee de malbat\u00ean h\u00eaja y\u00ean r\u00eaheval\u00ean me C\u00eelo Baliya \u00fb Xab\u00fbr Efr\u00een re \u00fb tevah\u00ee gel\u00ea xwe y\u00ea welatpar\u00eaz re sersaxiy\u00ea dixwazin.<br \/>Nasnamey\u00ean \u015feh\u00eed\u00ean me wiha ye:<br \/>Nasnav: C\u00eelo Baliya<br \/>Nav \u00fb Pa\u015fnav: Mehm\u00fbd \u00cebrah\u00eem<br \/>Nav\u00ea dayik: Em\u00eene<br \/>Nav\u00ea bav: Cemal<br \/>Cih \u00fb D\u00eeroka \u015eehadet\u00ea: Her\u00eama Efr\u00een \/ 15 N\u00eesan 2023<\/p>\r\n\r\n\r\n\r\n<p dir=\"ltr\" style=\"text-align: left;\">Nasnav: Xab\u00fbr Efr\u00een<br \/>Cih \u00fb D\u00eeroka \u015eehadet\u00ea: Her\u00eama Efr\u00een \/ 15 N\u00eesan 2023<br \/>H\u00eaz\u00ean Rizgariya Efr\u00een<br \/><br \/>15 N\u00eesan 2023<\/p>\r\n","protected":false},"excerpt":{"rendered":"<p>Em r\u00eaheval\u00ea xwe C\u00eelo Baliya \u00fb Xab\u00fbr Efr\u00een bi r\u00eazdar\u00ee bib\u00eer t\u00eeninJi gel\u00ea me \u00fb raya gi\u015ft\u00ee reDi \u00e7ar\u00e7oveya Qonaxa Duyem\u00een a Berxwedana Serdem\u00ea a Efr\u00een\u00ea de t\u00eako\u015f\u00eena me ya li hember dewleta Tirk a dagirker \u00fb kom\u00ean \u00e7etey\u00ean w\u00ea didome. R\u00eaheval\u00ean me C\u00eelo Baliya \u00fb Xab\u00fbr Efr\u00een di roja 15\u2019\u00ea N\u00eesan\u00ea de li her\u00eama &hellip;<\/p>\n","protected":false},"author":1,"featured_media":2487,"comment_status":"open","ping_status":"open","sticky":false,"template":"","format":"standard","meta":{"_jetpack_memberships_contains_paid_content":false,"footnotes":""},"categories":[26],"tags":[],"class_list":["post-2488","post","type-post","status-publish","format-standard","has-post-thumbnail","hentry","category-26"],"jetpack_featured_media_url":"https:\/\/hre-official.com\/wp-content\/uploads\/2023\/05\/IMG_20230529_014718_819.jpg","jetpack_sharing_enabled":true,"_links":{"self":[{"href":"https:\/\/hre-official.com\/index.php?rest_route=\/wp\/v2\/posts\/2488","targetHints":{"allow":["GET"]}}],"collection":[{"href":"https:\/\/hre-official.com\/index.php?rest_route=\/wp\/v2\/posts"}],"about":[{"href":"https:\/\/hre-official.com\/index.php?rest_route=\/wp\/v2\/types\/post"}],"author":[{"embeddable":true,"href":"https:\/\/hre-official.com\/index.php?rest_route=\/wp\/v2\/users\/1"}],"replies":[{"embeddable":true,"href":"https:\/\/hre-official.com\/index.php?rest_route=%2Fwp%2Fv2%2Fcomments&post=2488"}],"version-history":[{"count":0,"href":"https:\/\/hre-official.com\/index.php?rest_route=\/wp\/v2\/posts\/2488\/revisions"}],"wp:featuredmedia":[{"embeddable":true,"href":"https:\/\/hre-official.com\/index.php?rest_route=\/wp\/v2\/media\/2487"}],"wp:attachment":[{"href":"https:\/\/hre-official.com\/index.php?rest_route=%2Fwp%2Fv2%2Fmedia&parent=2488"}],"wp:term":[{"taxonomy":"category","embeddable":true,"href":"https:\/\/hre-official.com\/index.php?rest_route=%2Fwp%2Fv2%2Fcategories&post=2488"},{"taxonomy":"post_tag","embeddable":true,"href":"https:\/\/hre-official.com\/index.php?rest_route=%2Fwp%2Fv2%2Ftags&post=2488"}],"curies":[{"name":"wp","href":"https:\/\/api.w.org\/{rel}","templated":true}]}}