{"id":2475,"date":"2023-01-22T07:35:22","date_gmt":"2023-01-22T07:35:22","guid":{"rendered":"https:\/\/hre-official.com\/?p=2475"},"modified":"2023-05-29T14:44:16","modified_gmt":"2023-05-29T14:44:16","slug":"%d8%a7%d8%b3%d8%aa%d8%b4%d9%87%d8%a7%d8%af-%d8%a7%d8%ad%d8%af-%d8%b1%d9%81%d8%a7%d9%82%d9%86%d8%a7-%d8%a7%d9%84%d8%b4%d9%87%d9%8a%d8%af-%d8%b3%d8%b1%d8%ad%d8%af-%d8%b9%d9%81%d8%b1%d9%8a%d9%86","status":"publish","type":"post","link":"https:\/\/hre-official.com\/?p=2475","title":{"rendered":"\u0627\u0633\u062a\u0634\u0647\u0627\u062f \u0627\u062d\u062f \u0631\u0641\u0627\u0642\u0646\u0627 \u0627\u0644\u0634\u0647\u064a\u062f \u0633\u0631\u062d\u062f \u0639\u0641\u0631\u064a\u0646"},"content":{"rendered":"\r\n<p style=\"text-align: left;\">Em r\u00eaheval\u00ea xwe \u015e\u00earhat Efr\u00een bi r\u00eazdar\u00ee bib\u00eer t\u00eenin<br \/>Ji gel\u00ea me \u00fb rayagi\u015ft\u00ee re<br \/>Di \u00e7ar\u00e7oveya Qonaxa Duyem\u00een a Berxwedana Serdem\u00ea a Efr\u00een\u00ea de t\u00eako\u015f\u00eena me ya li hember dewleta Tirk a dagirker \u00fb kom\u00ean \u00e7etey\u00ean w\u00ea didome. R\u00eaheval\u00ea me \u015e\u00earhat Efr\u00een di roja 20\u2019\u00ea \u00c7ileya 2023\u2019an de li her\u00eama Efr\u00een\u00ea dema li ser erka xwe b\u00fb, \u015feh\u00eed b\u00fb.<br \/>Gel\u00ea me y\u00ea Efr\u00een\u00ea bi nas\u00eena Tevgera Azadiy\u00ea re di xweparastin\u00ea de xwe r\u00eaxistin kir \u00fb li hember her \u00ear\u00ee\u015f\u00ean dagirkeran de ji bo parastina heb\u00fbna xwe t\u00eako\u015fiya. P\u00ea\u015fengtiy\u00ea ji \u015fore\u015fa Rojava re kir \u00fb ji bo xwed\u00eederketina destkeftiy\u00ean bi nirx \u00ean \u015fore\u015f\u00ea \u00e7i p\u00eaw\u00eest bike kir. Bi hezaran ewlad\u00ean xwe y\u00ean leheng ku li ser xeta berxwedan\u00ea mezin kirin, ji bo xurtb\u00fbn \u00fb parastina \u015eore\u015fa Rojava de \u015feh\u00eed dan. Di nas\u00eena \u015eore\u015fa Rojava de \u00fb belavb\u00fbna c\u00eehan\u00ea de roleke mezin l\u00eestin \u00fb mohra xwe d\u00eerok\u00ea dan.<br \/>R\u00eaheval\u00ea me \u015e\u00earhat di sala 2022\u2019an de ji war\u00ea ku l\u00ea hatiye din\u00ea, Efr\u00een\u00ea di temen\u00ea ciwantiy\u00ea de tevl\u00ea nava ref\u00ean h\u00eaza me b\u00fb, bi kesayeta xwe ya kedkar \u00fb fedekariya xwe tevl\u00eeb\u00fby\u00eenek \u00e7alak \u00e7\u00eakir. Ji dijmin\u00ea gel\u00ea xwe, dewleta Tirk a dagirker ku cih\u00ea l\u00ea hatiye din\u00ea dagirkiriye hesap bipirse \u00fb ji bo rizgarkirina bajar\u00ea Efr\u00een\u00ea re ji n\u00fb ve vegera gel\u00ea xwe re erka p\u00ea\u015fengtiy\u00ea girt li ser mil\u00ea xwe. Di dem\u00ea xwe y\u00ea \u015fore\u015fgertiy\u00ea de ji bo xwe p\u00ea\u015fbixe gelek hewl da, xwe perwerde kir. Di gelek milan de xwe p\u00ea\u015fxist \u00fb jiyan\u00ee kir. Di nav r\u00eaheval\u00ean xwe de hat hezkirin ku kedkar \u00fb r\u00eahevalek dilnizm b\u00fb.<br \/>B\u00eeran\u00eena \u015feh\u00eed\u00ean me y\u00ean leheng w\u00ea di doza me ya p\u00eeroz \u00fb di t\u00eako\u015f\u00eena me ya azadiy\u00ea de hertim b\u00eane b\u00eeran\u00een. Me soza ku daye \u015feh\u00eedan careke din di \u015fexs\u00ea r\u00eaheval\u00ea nemir \u015feh\u00eed \u015e\u00earhat de d\u00fbbare dikin ku armanca wan teqez b\u00ea biserxistin. Li ser v\u00ea bingeh\u00ea bila ser\u00ea malbata welatpar\u00eaz ya h\u00eaja ya r\u00eaheval\u00ea me y\u00ea \u015feh\u00eed, ser\u00ea gel\u00ea me y\u00ea Efr\u00een\u00ea y\u00ea berxwed\u00ear \u00fb gel\u00ea Kurdistan\u00ea sax be.<\/p>\r\n<p style=\"text-align: left;\">H\u00eaz\u00ean Rizgariya Efr\u00een\u00ea<\/p>\r\n<p dir=\"ltr\">22\u2019\u00ea \u00c7ileya 2023<\/p>\r\n<p>&nbsp;<\/p>\r\n\r\n\r\n\r\n<figure class=\"wp-block-image size-large\"><img loading=\"lazy\" decoding=\"async\" width=\"1024\" height=\"682\" class=\"wp-image-2474\" src=\"https:\/\/hre-official.com\/wp-content\/uploads\/2023\/05\/IMG_20230529_014313_236-1024x682.jpg\" alt=\"\" srcset=\"https:\/\/hre-official.com\/wp-content\/uploads\/2023\/05\/IMG_20230529_014313_236-1024x682.jpg 1024w, https:\/\/hre-official.com\/wp-content\/uploads\/2023\/05\/IMG_20230529_014313_236-300x200.jpg 300w, https:\/\/hre-official.com\/wp-content\/uploads\/2023\/05\/IMG_20230529_014313_236-768x512.jpg 768w, https:\/\/hre-official.com\/wp-content\/uploads\/2023\/05\/IMG_20230529_014313_236.jpg 1280w\" sizes=\"auto, (max-width: 1024px) 100vw, 1024px\" \/><\/figure>\r\n\r\n\r\n\r\n<figure class=\"wp-block-image\"><img loading=\"lazy\" decoding=\"async\" width=\"1024\" height=\"682\" class=\"wp-image-2473\" src=\"https:\/\/hre-official.com\/wp-content\/uploads\/2023\/05\/IMG_20230529_014313_859-1024x682.jpg\" alt=\"\" srcset=\"https:\/\/hre-official.com\/wp-content\/uploads\/2023\/05\/IMG_20230529_014313_859-1024x682.jpg 1024w, https:\/\/hre-official.com\/wp-content\/uploads\/2023\/05\/IMG_20230529_014313_859-300x200.jpg 300w, https:\/\/hre-official.com\/wp-content\/uploads\/2023\/05\/IMG_20230529_014313_859-768x512.jpg 768w, https:\/\/hre-official.com\/wp-content\/uploads\/2023\/05\/IMG_20230529_014313_859.jpg 1280w\" sizes=\"auto, (max-width: 1024px) 100vw, 1024px\" \/><\/figure>\r\n","protected":false},"excerpt":{"rendered":"<p>Em r\u00eaheval\u00ea xwe \u015e\u00earhat Efr\u00een bi r\u00eazdar\u00ee bib\u00eer t\u00eeninJi gel\u00ea me \u00fb rayagi\u015ft\u00ee reDi \u00e7ar\u00e7oveya Qonaxa Duyem\u00een a Berxwedana Serdem\u00ea a Efr\u00een\u00ea de t\u00eako\u015f\u00eena me ya li hember dewleta Tirk a dagirker \u00fb kom\u00ean \u00e7etey\u00ean w\u00ea didome. R\u00eaheval\u00ea me \u015e\u00earhat Efr\u00een di roja 20\u2019\u00ea \u00c7ileya 2023\u2019an de li her\u00eama Efr\u00een\u00ea dema li ser erka xwe &hellip;<\/p>\n","protected":false},"author":1,"featured_media":2472,"comment_status":"open","ping_status":"open","sticky":false,"template":"","format":"standard","meta":{"_jetpack_memberships_contains_paid_content":false,"footnotes":""},"categories":[26],"tags":[],"class_list":["post-2475","post","type-post","status-publish","format-standard","has-post-thumbnail","hentry","category-26"],"jetpack_featured_media_url":"https:\/\/hre-official.com\/wp-content\/uploads\/2023\/05\/IMG_20230529_014313_929.jpg","jetpack_sharing_enabled":true,"_links":{"self":[{"href":"https:\/\/hre-official.com\/index.php?rest_route=\/wp\/v2\/posts\/2475","targetHints":{"allow":["GET"]}}],"collection":[{"href":"https:\/\/hre-official.com\/index.php?rest_route=\/wp\/v2\/posts"}],"about":[{"href":"https:\/\/hre-official.com\/index.php?rest_route=\/wp\/v2\/types\/post"}],"author":[{"embeddable":true,"href":"https:\/\/hre-official.com\/index.php?rest_route=\/wp\/v2\/users\/1"}],"replies":[{"embeddable":true,"href":"https:\/\/hre-official.com\/index.php?rest_route=%2Fwp%2Fv2%2Fcomments&post=2475"}],"version-history":[{"count":0,"href":"https:\/\/hre-official.com\/index.php?rest_route=\/wp\/v2\/posts\/2475\/revisions"}],"wp:featuredmedia":[{"embeddable":true,"href":"https:\/\/hre-official.com\/index.php?rest_route=\/wp\/v2\/media\/2472"}],"wp:attachment":[{"href":"https:\/\/hre-official.com\/index.php?rest_route=%2Fwp%2Fv2%2Fmedia&parent=2475"}],"wp:term":[{"taxonomy":"category","embeddable":true,"href":"https:\/\/hre-official.com\/index.php?rest_route=%2Fwp%2Fv2%2Fcategories&post=2475"},{"taxonomy":"post_tag","embeddable":true,"href":"https:\/\/hre-official.com\/index.php?rest_route=%2Fwp%2Fv2%2Ftags&post=2475"}],"curies":[{"name":"wp","href":"https:\/\/api.w.org\/{rel}","templated":true}]}}