{"id":2446,"date":"2022-12-21T03:40:45","date_gmt":"2022-12-21T03:40:45","guid":{"rendered":"https:\/\/hre-official.com\/?p=2446"},"modified":"2023-05-29T15:12:05","modified_gmt":"2023-05-29T15:12:05","slug":"%d8%a7%d8%b3%d8%aa%d8%b4%d9%87%d8%a7%d8%af-%d8%a7%d8%ad%d8%af-%d8%b1%d9%81%d8%a7%d9%82%d9%86%d8%a7-%d8%a7%d9%84%d8%b4%d9%87%d9%8a%d8%af-%d8%b2%d9%86%d8%a7%d9%84-%d8%b1%d8%a7%d8%ac%d9%88","status":"publish","type":"post","link":"https:\/\/hre-official.com\/?p=2446","title":{"rendered":"\u0627\u0633\u062a\u0634\u0647\u0627\u062f \u0627\u062d\u062f \u0631\u0641\u0627\u0642\u0646\u0627 \u0627\u0644\u0634\u0647\u064a\u062f \u0632\u0646\u0627\u0644 \u0631\u0627\u062c\u0648"},"content":{"rendered":"\r\n<p dir=\"ltr\">Em r\u00eaheval\u00ean xwe Canfeda \u00fb Z\u00eenal bi r\u00eazdar\u00ee bib\u00eer t\u00eenin<br \/>Ji gel\u00ea me \u00fb rayagi\u015ft\u00ee re<br \/>R\u00eaheval\u00ean me Canfeda \u00fb Z\u00eenal Raco di roja 20\u2019\u00ea Kan\u00fbn\u00ea de dema li ser erka xwe b\u00fbn \u015feh\u00eed ketin.<br \/>Di \u00e7ar\u00e7oveya Qonaxa Duyem\u00een a Serdem\u00ea de t\u00eako\u015f\u00eena meya li dij\u00ee art\u00ea\u015fa Tirk a dagirker \u00fb \u00e7etey\u00ean w\u00ea li Her\u00eama Efr\u00een\u00ea didomin. Erdn\u00eegariya ku ketiye bin dagirkeriy\u00ea ji bo rizgarkirina w\u00ea t\u00eako\u015f\u00eenek\u00ea b\u00eaeman t\u00ea me\u015fandin \u00fb berd\u00eala w\u00ea j\u00ee mezin e. Ji bo Efr\u00eenek\u00ee rizgarkir\u00ee \u00fb aram bi hezaran leheng\u00ean me b\u00fbn cangor\u00ee. R\u00eaheval\u00ean me Canfeda \u00fb Z\u00eenal j\u00ee ji bo azadiya gel \u00fb welat\u00ea xwe cih\u00ea xwe eniya her\u00ee p\u00ea\u015f de girtin. Li hember dagirker \u00fb qirker\u00ean gelan b\u00fbn mertal\u00ean gel\u00ea xwe. R\u00eaheval Canfeda \u00fb Z\u00eenal \u00ean ji her\u00eama Efr\u00een\u00ea ne, dizan\u00eeb\u00fbn ku encax bi sekna \u015fore\u015fger\u00ee \u00fb t\u00eako\u015f\u00eenek\u00ea ba\u015f b\u00ea kirin dikare li hember van dagirkeran b\u00ea sekinandin. Her du r\u00eaheval\u00ean me j\u00ee ji roja tevl\u00ee ref\u00ean me b\u00fbn \u00fb heta keliya \u015fehadet\u00ea j\u00ee li ser v\u00ea zaneb\u00fbn\u00ea tevl\u00ee b\u00fbn \u00fb ji bo me b\u00fbn m\u00eenak\u00ean \u015fore\u015fger\u00ean dem\u00ea.<br \/>Em ser\u00ee de sersaxiy\u00ea ji malbat\u00ean h\u00eaja y\u00ean \u015feh\u00eed Canfeda \u00fb \u015feh\u00eed Z\u00eenal \u00fb gel\u00ea xwe y\u00ea welatpar\u00eaz dixwazin. Me soza ku daye \u015feh\u00eedan careke din d\u00fbbare dikin ku em\u00ea xewn \u00fb xeyal\u00ean \u015feh\u00eed\u00ean xwe \u00fb gel\u00ea xwe bic\u00eeh b\u00eenin, teko\u015f\u00eena xwe bi azadiya may\u00eende tac\u00eedar bikin.<br \/>Nasnameya r\u00eaheval\u00ean me y\u00ean \u015feh\u00eed wiha ye;<br \/>Nasnav: Canfeda<br \/>Nav \u00fb Pa\u015fnav: Ciwan Re\u015f\u00eed<br \/>Nav\u00ea Dayik\u00ea: Hesret<br \/>Nav\u00ea Bav: Mihemed El\u00ee<br \/>Cih \u00fb D\u00eeroka \u015eehadet\u00ea: Her\u00eama Efr\u00een\u00ea \/ 20\u2019\u00ea Kanuna 2022<br \/><br \/>Nasnav: Z\u00eenal Raco<br \/>Nav \u00fb Pa\u015fnav: Hem\u00fbd\u00ea Osman<br \/>Nav\u00ea Dayik\u00ea: Xal\u00eede<br \/>Nav\u00ea Bav: Loqman<br \/>Cih \u00fb D\u00eeroka \u015eehadet\u00ea: Her\u00eama Efr\u00een\u00ea \/ 20\u2019\u00ea Kanuna 2022<br \/><br \/>H\u00eaz\u00ean Rizgariya Efr\u00een\u00ea<br \/>21\u2019\u00ea Kanuna 2022<\/p>\r\n\r\n\r\n\r\n<figure class=\"wp-block-image size-large\"><img loading=\"lazy\" decoding=\"async\" width=\"1024\" height=\"768\" class=\"wp-image-2448\" src=\"https:\/\/hre-official.com\/wp-content\/uploads\/2023\/05\/IMG_20230529_010049_256-1024x768.jpg\" alt=\"\" srcset=\"https:\/\/hre-official.com\/wp-content\/uploads\/2023\/05\/IMG_20230529_010049_256-1024x768.jpg 1024w, https:\/\/hre-official.com\/wp-content\/uploads\/2023\/05\/IMG_20230529_010049_256-300x225.jpg 300w, https:\/\/hre-official.com\/wp-content\/uploads\/2023\/05\/IMG_20230529_010049_256-768x576.jpg 768w, https:\/\/hre-official.com\/wp-content\/uploads\/2023\/05\/IMG_20230529_010049_256.jpg 1280w\" sizes=\"auto, (max-width: 1024px) 100vw, 1024px\" \/><\/figure>\r\n\r\n\r\n\r\n<figure class=\"wp-block-image\"><img loading=\"lazy\" decoding=\"async\" width=\"1024\" height=\"768\" class=\"wp-image-2449\" src=\"https:\/\/hre-official.com\/wp-content\/uploads\/2023\/05\/IMG_20230529_010049_461-1024x768.jpg\" alt=\"\" srcset=\"https:\/\/hre-official.com\/wp-content\/uploads\/2023\/05\/IMG_20230529_010049_461-1024x768.jpg 1024w, https:\/\/hre-official.com\/wp-content\/uploads\/2023\/05\/IMG_20230529_010049_461-300x225.jpg 300w, https:\/\/hre-official.com\/wp-content\/uploads\/2023\/05\/IMG_20230529_010049_461-768x576.jpg 768w, https:\/\/hre-official.com\/wp-content\/uploads\/2023\/05\/IMG_20230529_010049_461.jpg 1280w\" sizes=\"auto, (max-width: 1024px) 100vw, 1024px\" \/><\/figure>\r\n","protected":false},"excerpt":{"rendered":"<p>Em r\u00eaheval\u00ean xwe Canfeda \u00fb Z\u00eenal bi r\u00eazdar\u00ee bib\u00eer t\u00eeninJi gel\u00ea me \u00fb rayagi\u015ft\u00ee reR\u00eaheval\u00ean me Canfeda \u00fb Z\u00eenal Raco di roja 20\u2019\u00ea Kan\u00fbn\u00ea de dema li ser erka xwe b\u00fbn \u015feh\u00eed ketin.Di \u00e7ar\u00e7oveya Qonaxa Duyem\u00een a Serdem\u00ea de t\u00eako\u015f\u00eena meya li dij\u00ee art\u00ea\u015fa Tirk a dagirker \u00fb \u00e7etey\u00ean w\u00ea li Her\u00eama Efr\u00een\u00ea didomin. Erdn\u00eegariya &hellip;<\/p>\n","protected":false},"author":1,"featured_media":2450,"comment_status":"open","ping_status":"open","sticky":false,"template":"","format":"standard","meta":{"_jetpack_memberships_contains_paid_content":false,"footnotes":""},"categories":[26],"tags":[],"class_list":["post-2446","post","type-post","status-publish","format-standard","has-post-thumbnail","hentry","category-26"],"jetpack_featured_media_url":"https:\/\/hre-official.com\/wp-content\/uploads\/2023\/05\/IMG_20230529_010048_992.jpg","jetpack_sharing_enabled":true,"_links":{"self":[{"href":"https:\/\/hre-official.com\/index.php?rest_route=\/wp\/v2\/posts\/2446","targetHints":{"allow":["GET"]}}],"collection":[{"href":"https:\/\/hre-official.com\/index.php?rest_route=\/wp\/v2\/posts"}],"about":[{"href":"https:\/\/hre-official.com\/index.php?rest_route=\/wp\/v2\/types\/post"}],"author":[{"embeddable":true,"href":"https:\/\/hre-official.com\/index.php?rest_route=\/wp\/v2\/users\/1"}],"replies":[{"embeddable":true,"href":"https:\/\/hre-official.com\/index.php?rest_route=%2Fwp%2Fv2%2Fcomments&post=2446"}],"version-history":[{"count":0,"href":"https:\/\/hre-official.com\/index.php?rest_route=\/wp\/v2\/posts\/2446\/revisions"}],"wp:featuredmedia":[{"embeddable":true,"href":"https:\/\/hre-official.com\/index.php?rest_route=\/wp\/v2\/media\/2450"}],"wp:attachment":[{"href":"https:\/\/hre-official.com\/index.php?rest_route=%2Fwp%2Fv2%2Fmedia&parent=2446"}],"wp:term":[{"taxonomy":"category","embeddable":true,"href":"https:\/\/hre-official.com\/index.php?rest_route=%2Fwp%2Fv2%2Fcategories&post=2446"},{"taxonomy":"post_tag","embeddable":true,"href":"https:\/\/hre-official.com\/index.php?rest_route=%2Fwp%2Fv2%2Ftags&post=2446"}],"curies":[{"name":"wp","href":"https:\/\/api.w.org\/{rel}","templated":true}]}}