{"id":2435,"date":"2022-11-24T04:40:04","date_gmt":"2022-11-24T04:40:04","guid":{"rendered":"https:\/\/hre-official.com\/?p=2435"},"modified":"2023-05-29T15:15:15","modified_gmt":"2023-05-29T15:15:15","slug":"%d8%a7%d8%b3%d8%aa%d8%b4%d9%87%d8%a7%d8%af-%d8%a7%d8%ad%d8%af-%d8%b1%d9%81%d8%a7%d9%82%d9%86%d8%a7-%d8%a7%d9%84%d8%b4%d9%87%d9%8a%d8%af-%d8%ac%d9%8a%d8%a7%d9%8a%d8%a7%d9%86-%d8%b9%d9%81%d8%b1%d9%8a","status":"publish","type":"post","link":"https:\/\/hre-official.com\/?p=2435","title":{"rendered":"\u0627\u0633\u062a\u0634\u0647\u0627\u062f \u0627\u062d\u062f \u0631\u0641\u0627\u0642\u0646\u0627 \u0627\u0644\u0634\u0647\u064a\u062f \u062c\u064a\u0627\u064a\u0627\u0646 \u0639\u0641\u0631\u064a\u0646"},"content":{"rendered":"\r\n<p dir=\"ltr\">Em hevr\u00eay\u00ean xwe Xel\u00eel, \u00c7ayan, Brusk, Dilsoz \u00fb Baran bi r\u00eazdar\u00ee bi b\u00eer t\u00eenin<br \/>Ji gel\u00ea me \u00fb raya gi\u015ft\u00ee re<br \/>Dewleta Tirk a dagirker di \u00e7ar\u00e7oveya konsepta jenos\u00eeda gel\u00ea Kurd de di \u015feva 19\u2019\u00ea Mijdar\u00ea ve bi balafir\u00ean \u015fer \u00fb ke\u015ff\u00ea, bi tang \u00fb top\u00ean xwe bajar \u00fb gund\u00ean Bakur \u00fb Rojhilat\u00ea S\u00fbriy\u00ea bombebaran dike. Ev \u00ear\u00ee\u015f\u00ean wan ne ten\u00ea li hember h\u00eaz\u00ean le\u015fker\u00ee bi taybet gel\u00ean me y\u00ean siv\u00eel dike hedef. Saz\u00eey\u00ean ku xizmeta mirovan dike \u00ean wek nexwe\u015fxane, dibistan, cih\u00ean tend\u00fbr\u00eestiy\u00ea, bax \u00fb bax\u00e7ey\u00ean gel\u00ean me, binesaz\u00eey\u00ean her\u00eam\u00ea bi gi\u015ft\u00ee daye ber xwe \u00fb \u00ear\u00ee\u015fan li dar dixe. Di encama van \u00ear\u00ee\u015fan de li k\u00ealeka zirar\u00ean madd\u00ee bi xwe ra pirsgir\u00eak\u00ean mezin \u00ean mirov\u00ee ava dike.<br \/>Di roja 20\u2019\u00ea Mijdar\u00ea art\u00ea\u015fa Tirk a dagirker li her\u00eama \u015eehbay\u00ea \u00fb Efr\u00een\u00ea gelek gund \u00fb nav\u00e7ey\u00ean van her\u00eaman kirin armanc \u00fb bi balafir\u00ean \u015fer \u00fb ke\u015ff\u00ea l\u00ea dan. Hevr\u00eay\u00ean me Xel\u00eel, \u00c7ayan, Brusk, Dilsoz \u00fb Baran \u00ean parastina her\u00eam\u00ea de li ser erka xwe b\u00fbn, b\u00fbn armanc\u00ean \u00ear\u00ee\u015f\u00ean balafir\u00ean \u015fer \u00fb gih\u00ee\u015ftin \u015fehadet\u00ea.<br \/>Hevr\u00eay\u00ean me Xel\u00eel, \u00c7ayan, Brusk, Dilsoz \u00fb Baran ku di dem\u00ean c\u00fbda de tevl\u00ee h\u00eaz\u00ean me b\u00fbn, her yek ji wan ji bajar\u00ea Efr\u00eena reng\u00een a bi welatpar\u00eaz\u00eey\u00ea xwe t\u00ea nas\u00een\u00ea ne. Hevr\u00eay\u00ean me bi hest\u00ean bilind \u00ean welatpar\u00eaz\u00eey\u00ea \u00fb hezkirin\u00ean xwe y\u00ean welat kesayetek \u015fore\u015fger avakirin. Sebeba tevl\u00eeb\u00fbna sereke a 5 hevr\u00eay\u00ean me j\u00ee ser\u00ee de bajar\u00ea Efr\u00een\u00ea \u00fb cih\u00ean din ji bin dagirker\u00eeya dewleta Tirk a dagirker rizgarkirin b\u00fb. Ji ber ku gel \u00fb welat\u00ea te bindest \u00fb dagirkir\u00ee be ten\u00ea r\u00eayek ji mirov\u00ean xwed\u00ee \u015feref \u00fb namus re dim\u00eene: Ewj j\u00ee heta daw\u00eey\u00ea li hember dagirkeran t\u00eako\u015f\u00eeneke \u015fore\u015fger\u00ee ye. Di \u00e7ar\u00e7oveya Qonaxa Duyem\u00een a Berxwedana Serdem\u00ea de her 5 hevr\u00eay\u00ean me j\u00ee di v\u00ea \u00e7ar\u00e7ovey\u00ea de bi dil \u00fb can tevl\u00ee t\u00eako\u015f\u00eena azad\u00eey\u00ea b\u00fbn. Heta k\u00eal\u00eeya daw\u00ee wek her xeyal\u00ean \u015fore\u015fger \u00fb gel\u00ean me di welatek\u00ee azad de jiyaneke aram b\u00fb.<br \/>Em wek H\u00eaz\u00ean Rizgariya Efr\u00een\u00ea soz didin ku di \u015fexs\u00ea hevr\u00eay\u00ean me Xel\u00eel, \u00c7ayan, Brusk, Dilsoz \u00fb Baran de em \u00ea t\u00eako\u015f\u00eena afirandina welatek\u00ee azad \u00fb jiyana hevbe\u015f a gelan ku armanca \u015feh\u00eedan b\u00fb, heta dawiy\u00ea dewam bikin. Em sersaxiy\u00ea ser\u00ee de malbat\u00ean xwe y\u00ean h\u00eaja \u00ean \u015feh\u00eedan \u00fb gel\u00ean me y\u00ean welatpar\u00eaz ra dixwazin.<br \/>Nasnameya hevr\u00eay\u00ean me y\u00ean \u015feh\u00eed wiha ye;<br \/>Nasnav: Xel\u00eel Cindir\u00eas<br \/>Nav \u00fb Pa\u015fnav: Ze\u00eem Re\u015fo<br \/>Nav\u00ea Dayik\u00ea: Nez\u00eera<br \/>Nav\u00ea Bav: Mihemed<br \/>Cih \u00fb D\u00eeroka \u015eehadet\u00ea: Her\u00eama Efr\u00een\u00ea \/ 20\u2019\u00ea Mijdara 2022<br \/>Nasnav: \u00c7ayan Efr\u00een<br \/>Nav \u00fb Pa\u015fnav: \u015eiyar Sil\u00eaman<br \/>Nav\u00ea Dayik\u00ea: Asya<br \/>Nav\u00ea Bav: Evdilez\u00eez<br \/>Cih \u00fb D\u00eeroka \u015eehadet\u00ea: Her\u00eama Efr\u00een\u00ea \/ 20\u2019\u00ea Mijdara 2022<br \/>Nasnav: Brusk Efr\u00een<br \/>Nav \u00fb Pa\u015fnav: Abdulah \u00cesa<br \/>Nav\u00ea Dayik\u00ea: Hem\u00eeda<br \/>Nav\u00ea Bav: Abdulhenan<br \/>Cih \u00fb D\u00eeroka \u015eehadet\u00ea: Her\u00eama Efr\u00een\u00ea \/ 20\u2019\u00ea Mijdara 2022<br \/>Nasnav: Dilsoz \u015e\u00earawa<br \/>Nav \u00fb Pa\u015fnav: Mihemed His\u00ean<br \/>Nav\u00ea Dayik\u00ea: Nazl\u00eey\u00ea<br \/>Nav\u00ea Bav: Behr\u00ee<br \/>Cih \u00fb D\u00eeroka \u015eehadet\u00ea: Her\u00eama Efr\u00een\u00ea \/ 20\u2019\u00ea Mijdara 2022<br \/>Nasnav: Baran Efr\u00een<br \/>Nav \u00fb Pa\u015fnav: Mistefa Mistefa<br \/>Nav\u00ea Dayik\u00ea: Necla<br \/>Nav\u00ea Bav: Sebr\u00ee<br \/>Cih \u00fb D\u00eeroka \u015eehadet\u00ea: Her\u00eama Efr\u00een\u00ea \/ 20\u2019\u00ea Mijdara 2022<br \/>H\u00eaz\u00ean Rizgariya Efr\u00een\u00ea<br \/>24\u2019\u00ea Mijdara 2022<\/p>\r\n","protected":false},"excerpt":{"rendered":"<p>Em hevr\u00eay\u00ean xwe Xel\u00eel, \u00c7ayan, Brusk, Dilsoz \u00fb Baran bi r\u00eazdar\u00ee bi b\u00eer t\u00eeninJi gel\u00ea me \u00fb raya gi\u015ft\u00ee reDewleta Tirk a dagirker di \u00e7ar\u00e7oveya konsepta jenos\u00eeda gel\u00ea Kurd de di \u015feva 19\u2019\u00ea Mijdar\u00ea ve bi balafir\u00ean \u015fer \u00fb ke\u015ff\u00ea, bi tang \u00fb top\u00ean xwe bajar \u00fb gund\u00ean Bakur \u00fb Rojhilat\u00ea S\u00fbriy\u00ea bombebaran dike. Ev &hellip;<\/p>\n","protected":false},"author":1,"featured_media":2434,"comment_status":"open","ping_status":"open","sticky":false,"template":"","format":"standard","meta":{"_jetpack_memberships_contains_paid_content":false,"footnotes":""},"categories":[26],"tags":[],"class_list":["post-2435","post","type-post","status-publish","format-standard","has-post-thumbnail","hentry","category-26"],"jetpack_featured_media_url":"https:\/\/hre-official.com\/wp-content\/uploads\/2023\/05\/IMG_20230529_003708_477.jpg","jetpack_sharing_enabled":true,"_links":{"self":[{"href":"https:\/\/hre-official.com\/index.php?rest_route=\/wp\/v2\/posts\/2435","targetHints":{"allow":["GET"]}}],"collection":[{"href":"https:\/\/hre-official.com\/index.php?rest_route=\/wp\/v2\/posts"}],"about":[{"href":"https:\/\/hre-official.com\/index.php?rest_route=\/wp\/v2\/types\/post"}],"author":[{"embeddable":true,"href":"https:\/\/hre-official.com\/index.php?rest_route=\/wp\/v2\/users\/1"}],"replies":[{"embeddable":true,"href":"https:\/\/hre-official.com\/index.php?rest_route=%2Fwp%2Fv2%2Fcomments&post=2435"}],"version-history":[{"count":0,"href":"https:\/\/hre-official.com\/index.php?rest_route=\/wp\/v2\/posts\/2435\/revisions"}],"wp:featuredmedia":[{"embeddable":true,"href":"https:\/\/hre-official.com\/index.php?rest_route=\/wp\/v2\/media\/2434"}],"wp:attachment":[{"href":"https:\/\/hre-official.com\/index.php?rest_route=%2Fwp%2Fv2%2Fmedia&parent=2435"}],"wp:term":[{"taxonomy":"category","embeddable":true,"href":"https:\/\/hre-official.com\/index.php?rest_route=%2Fwp%2Fv2%2Fcategories&post=2435"},{"taxonomy":"post_tag","embeddable":true,"href":"https:\/\/hre-official.com\/index.php?rest_route=%2Fwp%2Fv2%2Ftags&post=2435"}],"curies":[{"name":"wp","href":"https:\/\/api.w.org\/{rel}","templated":true}]}}