{"id":2419,"date":"2022-11-21T06:30:50","date_gmt":"2022-11-21T06:30:50","guid":{"rendered":"https:\/\/hre-official.com\/?p=2419"},"modified":"2023-05-29T15:37:39","modified_gmt":"2023-05-29T15:37:39","slug":"%d9%86%d9%81%d8%b0%d8%aa-%d9%82%d9%88%d8%a7%d8%aa%d9%86%d8%a7-%d8%b9%d9%85%d9%84%d9%8a%d8%aa%d9%8a%d9%86-%d8%a7%d9%86%d8%aa%d9%82%d8%a7%d9%85%d9%8a%d8%aa%d9%8a%d9%86-%d9%81%d9%8a-20-%d9%86%d9%88%d9%81","status":"publish","type":"post","link":"https:\/\/hre-official.com\/?p=2419","title":{"rendered":"\u0646\u0641\u0630\u062a \u0642\u0648\u0627\u062a\u0646\u0627 \u0639\u0645\u0644\u064a\u062a\u064a\u0646 \u0627\u0646\u062a\u0642\u0627\u0645\u064a\u062a\u064a\u0646 \u0641\u064a 20 \u0646\u0648\u0641\u0645\u0628\u0631 \/ \u062a\u0634\u0631\u064a\u0646 \u0627\u0644\u062b\u0627\u0646\u064a."},"content":{"rendered":"\r\n<p dir=\"ltr\">Ji \u00e7apemen\u00ee \u00fb raya gi\u015ft\u00ee re<br \/>Dewleta Tirk a dagirker \u00eari\u015f\u00ean xwe ye ku b\u00ea navber li hember herem\u00ean me didom\u00eene, di roj\u00ean daw\u00ee de bi \u00eari\u015f\u00ean heway\u00ee h\u00een z\u00eadetir kiriye. Di van \u00eari\u015f\u00ean heway\u00ee ku du roj in berdewam dikin de bi piran\u00ee c\u00eeh\u00fbwar\u00ean welatiy\u00ean siv\u00eel t\u00ean hedef girtin \u00fb di encam\u00ea van \u00eari\u015fan de gelek welatiy\u00ean me jiyana xwe ji dest dan \u00fb bir\u00eendar b\u00fbn. Li hember van \u00eari\u015fan ji aliy\u00ea h\u00eaz\u00ean me v\u00ea di roja 20\u00ea Mijdar\u00ea de du \u00e7alakiy\u00ean tolhildan\u00ea hatin lidar xistin.<br \/>\u00c7alakiya yekem\u00een li hember qereqola Oncupinar a pol\u00ees\u00ean taybet (POH) hat lidar xistin. Di encam\u00ea v\u00ea \u00e7alakiy\u00ea de 1 j\u00ea kom\u00eeser 3 POH hatin ku\u015ftin, 8 j\u00ee bir\u00eendar b\u00fbn.<br \/>\u00c7alakiya duyem\u00een li herema Mar\u00ea li hember qa\u00eedeya Dabiq hat lidar xistin. Di encama v\u00ea \u00e7alakiy\u00ea de j\u00ee 3 le\u015fker\u00ean Art\u00ea\u015fa Tirk hatin ku\u015ftin, 4 le\u015fker j\u00ee bir\u00eendar b\u00fbn.<br \/>H\u00eaz\u00ean Rizgariya Efr\u00een\u00ea<br \/>21\u00ea Mijdar\u00ea 2022<\/p>\r\n","protected":false},"excerpt":{"rendered":"<p>Ji \u00e7apemen\u00ee \u00fb raya gi\u015ft\u00ee reDewleta Tirk a dagirker \u00eari\u015f\u00ean xwe ye ku b\u00ea navber li hember herem\u00ean me didom\u00eene, di roj\u00ean daw\u00ee de bi \u00eari\u015f\u00ean heway\u00ee h\u00een z\u00eadetir kiriye. Di van \u00eari\u015f\u00ean heway\u00ee ku du roj in berdewam dikin de bi piran\u00ee c\u00eeh\u00fbwar\u00ean welatiy\u00ean siv\u00eel t\u00ean hedef girtin \u00fb di encam\u00ea van \u00eari\u015fan de &hellip;<\/p>\n","protected":false},"author":1,"featured_media":2418,"comment_status":"open","ping_status":"open","sticky":false,"template":"","format":"standard","meta":{"_jetpack_memberships_contains_paid_content":false,"footnotes":""},"categories":[24,25],"tags":[],"class_list":["post-2419","post","type-post","status-publish","format-standard","has-post-thumbnail","hentry","category-24","category-25"],"jetpack_featured_media_url":"https:\/\/hre-official.com\/wp-content\/uploads\/2023\/05\/IMG_20230528_211223_205-1.jpg","jetpack_sharing_enabled":true,"_links":{"self":[{"href":"https:\/\/hre-official.com\/index.php?rest_route=\/wp\/v2\/posts\/2419","targetHints":{"allow":["GET"]}}],"collection":[{"href":"https:\/\/hre-official.com\/index.php?rest_route=\/wp\/v2\/posts"}],"about":[{"href":"https:\/\/hre-official.com\/index.php?rest_route=\/wp\/v2\/types\/post"}],"author":[{"embeddable":true,"href":"https:\/\/hre-official.com\/index.php?rest_route=\/wp\/v2\/users\/1"}],"replies":[{"embeddable":true,"href":"https:\/\/hre-official.com\/index.php?rest_route=%2Fwp%2Fv2%2Fcomments&post=2419"}],"version-history":[{"count":0,"href":"https:\/\/hre-official.com\/index.php?rest_route=\/wp\/v2\/posts\/2419\/revisions"}],"wp:featuredmedia":[{"embeddable":true,"href":"https:\/\/hre-official.com\/index.php?rest_route=\/wp\/v2\/media\/2418"}],"wp:attachment":[{"href":"https:\/\/hre-official.com\/index.php?rest_route=%2Fwp%2Fv2%2Fmedia&parent=2419"}],"wp:term":[{"taxonomy":"category","embeddable":true,"href":"https:\/\/hre-official.com\/index.php?rest_route=%2Fwp%2Fv2%2Fcategories&post=2419"},{"taxonomy":"post_tag","embeddable":true,"href":"https:\/\/hre-official.com\/index.php?rest_route=%2Fwp%2Fv2%2Ftags&post=2419"}],"curies":[{"name":"wp","href":"https:\/\/api.w.org\/{rel}","templated":true}]}}