{"id":2413,"date":"2022-10-18T07:36:48","date_gmt":"2022-10-18T07:36:48","guid":{"rendered":"https:\/\/hre-official.com\/?p=2413"},"modified":"2023-05-29T15:37:52","modified_gmt":"2023-05-29T15:37:52","slug":"%d8%a3%d8%b3%d9%81%d8%b1%d8%aa-%d8%b9%d9%85%d9%84%d9%8a%d8%a9-%d8%ae%d8%a7%d8%b5%d8%a9-%d9%88%d9%82%d8%b9%d8%aa-%d9%81%d9%8a-%d9%85%d9%86%d8%b7%d9%82%d8%a9-%d9%85%d8%a7%d8%b1%d8%b9-%d8%b9%d9%86-%d9%85","status":"publish","type":"post","link":"https:\/\/hre-official.com\/?p=2413","title":{"rendered":"\u0623\u0633\u0641\u0631\u062a \u0639\u0645\u0644\u064a\u0629 \u062e\u0627\u0635\u0629 \u0648\u0642\u0639\u062a \u0641\u064a \u0645\u0646\u0637\u0642\u0629 \u0645\u0627\u0631\u0639 \u0639\u0646 \u0645\u0642\u062a\u0644 \u0631\u0642\u064a\u0628 \u0648\u0625\u0635\u0627\u0628\u0629 \u0623\u062d\u062f \u0623\u0641\u0631\u0627\u062f \u0627\u0644\u0639\u0635\u0627\u0628\u0629."},"content":{"rendered":"\r\n<p dir=\"ltr\">Ji \u00e7apemen\u00ee \u00fb raya gi\u015ft\u00ee re<br \/>Li dij\u00ee \u00eari\u015f\u00ean art\u00ea\u015fa Tirk a dagirker di navbera roj\u00ean 10 \u00fb 16\u2019\u00ea Cotmeh\u00ea de \u00e7alakiy\u00ean bersivday\u00een\u00ea hatin lidar xistin. Di v\u00ea \u00e7ar\u00e7ovey\u00ea de;<br \/>Di roja 10\u2019\u00ea Cotmeh\u00ea de di encama \u00e7alakiya taybet ya ku li herema Mar\u00ea hat lidar xistin de ser\u00e7eteyek hat ku\u015ftin, \u00e7eteyek j\u00ee bir\u00eendar b\u00fb.<br \/>Di heman roj\u00ea de li ser r\u00eaya Cindir\u00eas\u00ea, di encama \u00e7alakiyek de 2 \u00e7ete bir\u00eendar b\u00fbn.<br \/>Di roja 11\u2019\u00ea Cotmeh\u00ea de, li herema Mar\u00ea, di encama \u00e7alakiyek sekvan\u00ee de \u00e7eteyek hat ku\u015ftin.<br \/>Di roja 12\u2019\u00ea Cotmeh\u00ea de, li herem\u00ean Efr\u00een \u00fb Bab\u00ea li hember \u00e7ar baregeh\u00ean art\u00ea\u015fa Tirk a dagirker \u00e7alakiy\u00ean taybet hatin lidar xistin. Di encama van \u00e7alakiyan de 5 le\u015fker\u00ean art\u00ea\u015fa Tirk a dagirker hatin ku\u015ftin. Her wiha seyareyek do\u00e7ka hat ruxandin.<br \/>Di heman roj\u00ea de li herema Bab\u00ea li dij\u00ee \u00e7etey\u00ean dagirker \u00e7alakiyek hat lidar xistin. Di encama v\u00ea \u00e7alakiy\u00ea de 5 \u00e7ete hatin ku\u015ftin. Seyareyek j\u00ee hat derbkirin.<br \/>Di roja 14\u2019\u00ea Cotmeh\u00ea de, li gund\u00ea Kefercan\u00ea ya her\u00eama Efr\u00een\u00ea, lihember le\u015fker\u00ean art\u00ea\u015fa Tirk a dagirker \u00e7alakiyek hat lidar xistin. Di encama v\u00ea \u00e7alakiy\u00ea de 2 le\u015fker hatin ku\u015ftin, 1 le\u015fker j\u00ee bir\u00eendar b\u00fbn.<br \/>Di roja 16\u2019\u00ea Cotmeh\u00ea de, \u00a0li herema Efr\u00een\u00ea di encama \u00e7alakiyek de seyareyek gir\u00eaday\u00ee \u00e7etey\u00ean dagirker hat r\u00fbxandin.<br \/>Di van \u00e7alakiyan de bi gi\u015ft\u00ee 7 le\u015fker\u00ean art\u00ea\u015fa Tirk a dagirker \u00fb yek ji wan ser\u00e7ete 7 \u00e7ete hatin ku\u015ftin, 1 le\u015fker \u00fb 3 \u00e7ete j\u00ee bir\u00eendar b\u00fbn.<br \/>H\u00eaz\u00ean Rizgariya Efr\u00een\u00ea<br \/>18 Cotmeh 2022<\/p>\r\n\r\n\r\n\r\n<p dir=\"ltr\">\u00a0https:\/\/t.me\/HRE_official_kurdish<\/p>\r\n","protected":false},"excerpt":{"rendered":"<p>Ji \u00e7apemen\u00ee \u00fb raya gi\u015ft\u00ee reLi dij\u00ee \u00eari\u015f\u00ean art\u00ea\u015fa Tirk a dagirker di navbera roj\u00ean 10 \u00fb 16\u2019\u00ea Cotmeh\u00ea de \u00e7alakiy\u00ean bersivday\u00een\u00ea hatin lidar xistin. Di v\u00ea \u00e7ar\u00e7ovey\u00ea de;Di roja 10\u2019\u00ea Cotmeh\u00ea de di encama \u00e7alakiya taybet ya ku li herema Mar\u00ea hat lidar xistin de ser\u00e7eteyek hat ku\u015ftin, \u00e7eteyek j\u00ee bir\u00eendar b\u00fb.Di heman roj\u00ea &hellip;<\/p>\n","protected":false},"author":1,"featured_media":2412,"comment_status":"open","ping_status":"open","sticky":false,"template":"","format":"standard","meta":{"_jetpack_memberships_contains_paid_content":false,"footnotes":""},"categories":[24],"tags":[],"class_list":["post-2413","post","type-post","status-publish","format-standard","has-post-thumbnail","hentry","category-24"],"jetpack_featured_media_url":"https:\/\/hre-official.com\/wp-content\/uploads\/2023\/05\/Screenshot_2023-05-28-21-31-10-259-edit_org.telegram.messenger.jpg","jetpack_sharing_enabled":true,"_links":{"self":[{"href":"https:\/\/hre-official.com\/index.php?rest_route=\/wp\/v2\/posts\/2413","targetHints":{"allow":["GET"]}}],"collection":[{"href":"https:\/\/hre-official.com\/index.php?rest_route=\/wp\/v2\/posts"}],"about":[{"href":"https:\/\/hre-official.com\/index.php?rest_route=\/wp\/v2\/types\/post"}],"author":[{"embeddable":true,"href":"https:\/\/hre-official.com\/index.php?rest_route=\/wp\/v2\/users\/1"}],"replies":[{"embeddable":true,"href":"https:\/\/hre-official.com\/index.php?rest_route=%2Fwp%2Fv2%2Fcomments&post=2413"}],"version-history":[{"count":0,"href":"https:\/\/hre-official.com\/index.php?rest_route=\/wp\/v2\/posts\/2413\/revisions"}],"wp:featuredmedia":[{"embeddable":true,"href":"https:\/\/hre-official.com\/index.php?rest_route=\/wp\/v2\/media\/2412"}],"wp:attachment":[{"href":"https:\/\/hre-official.com\/index.php?rest_route=%2Fwp%2Fv2%2Fmedia&parent=2413"}],"wp:term":[{"taxonomy":"category","embeddable":true,"href":"https:\/\/hre-official.com\/index.php?rest_route=%2Fwp%2Fv2%2Fcategories&post=2413"},{"taxonomy":"post_tag","embeddable":true,"href":"https:\/\/hre-official.com\/index.php?rest_route=%2Fwp%2Fv2%2Ftags&post=2413"}],"curies":[{"name":"wp","href":"https:\/\/api.w.org\/{rel}","templated":true}]}}