{"id":2410,"date":"2022-10-09T14:31:10","date_gmt":"2022-10-09T14:31:10","guid":{"rendered":"https:\/\/hre-official.com\/?p=2410"},"modified":"2023-05-29T15:38:08","modified_gmt":"2023-05-29T15:38:08","slug":"%d9%85%d9%82%d8%aa%d9%84-%d9%a5-%d9%85%d9%86-%d8%a7%d9%84%d8%b4%d8%b1%d8%b7%d8%a9-%d8%a7%d9%84%d8%b9%d8%b3%d9%83%d8%b1%d9%8a%d8%a9-%d8%a7%d9%84%d8%aa%d8%b1%d9%83%d9%8a%d8%a9-%d9%81%d9%8a-%d9%85%d8%af","status":"publish","type":"post","link":"https:\/\/hre-official.com\/?p=2410","title":{"rendered":"\u0645\u0642\u062a\u0644 \u0665 \u0645\u0646 \u0627\u0644\u0634\u0631\u0637\u0629 \u0627\u0644\u0639\u0633\u0643\u0631\u064a\u0629 \u0627\u0644\u062a\u0631\u0643\u064a\u0629 \u0641\u064a \u0645\u062f\u064a\u0646\u0629 \u0627\u0644\u0628\u0627\u0628"},"content":{"rendered":"\r\n<p dir=\"ltr\">Ji \u00e7apemen\u00ee \u00fb raya gi\u015ft\u00ee re<br \/>Li dij\u00ee \u00eari\u015f\u00ean ku ji aliy\u00ea art\u00ea\u015fa Tirk a dagirker \u00fb \u00e7etey\u00ean w\u00ea li hember herem\u00ean me t\u00ean lidar xistin, \u00e7alakiy\u00ean me y\u00ean bersivday\u00een\u00ea berdewam dikin. Di roj\u00ean 1 \u00fb 4\u2019\u00ea Cotmeh\u00ea de li herem\u00ean Bab, Mar\u00ea \u00fb \u015eerewa \u00e7alakiy\u00ean bersivdayin\u00ea hatin li dar xistin.<br \/>Di roja 1\u2019\u00ea Cotmeh\u00ea de, li her\u00eama Bab\u00ea li dij\u00ee baregehek art\u00ea\u015fa Tirk a dagirker \u00e7alakiyek hat lidar xistin. Di encama v\u00ea \u00e7alakiy\u00ea de 5 endam\u00ean art\u00ea\u015fa Tirk a dagirker (POH) hatin ku\u015ftin \u00fb gelek ji wan j\u00ee bir\u00eendar b\u00fbn. Di v\u00ea \u00e7alakiy\u00ea de her wiha seyareyek zirx\u00ee j\u00ee hat ruxandin. <br \/>Di roja 4\u2019\u00ea Cotmeh\u00ea de, li her\u00eama Mar\u00ea di encama \u00e7alakiyek sekvan\u00ee de \u00e7eteyek bir\u00eendar b\u00fb. Di heman roj\u00ea de li her\u00eama \u015e\u00earewa di encama \u00e7alakiyek sekvan\u00ee de \u00e7eteyek hat ku\u015ftin. <br \/>Di encama van \u00e7alakiyan de bi gi\u015ft\u00ee; 5 endam\u00ean POH \u00fb \u00e7eteyek hatin ku\u015ftin, \u00e7eteyek \u00fb gelek endam\u00ean POH bir\u00eendar b\u00fbn. <br \/>H\u00eaz\u00ean Rizgariya Efr\u00een\u00ea<br \/>09 Cotmeh 2022<\/p>\r\n\r\n\r\n\r\n<p>\u0634\u0627\u0647\u062f \u0627\u0644\u0641\u064a\u062f\u064a\u0648 \u0639\u0628\u0631 \u0627\u0644\u0631\u0627\u0628\u0637 \u0627\u0644\u062a\u0627\u0644\u064a :<\/p>\r\n\r\n\r\n\r\n<p dir=\"ltr\"><a href=\"https:\/\/t.me\/HRE_official_kurdish\/772\">t.me\/HRE_official_kurdish\/772<\/a><\/p>\r\n\r\n\r\n\r\n<p dir=\"ltr\"><a href=\"https:\/\/t.me\/HRE_official_kurdish\/773\">t.me\/HRE_official_kurdish\/77<\/a>3<\/p>\r\n","protected":false},"excerpt":{"rendered":"<p>Ji \u00e7apemen\u00ee \u00fb raya gi\u015ft\u00ee reLi dij\u00ee \u00eari\u015f\u00ean ku ji aliy\u00ea art\u00ea\u015fa Tirk a dagirker \u00fb \u00e7etey\u00ean w\u00ea li hember herem\u00ean me t\u00ean lidar xistin, \u00e7alakiy\u00ean me y\u00ean bersivday\u00een\u00ea berdewam dikin. Di roj\u00ean 1 \u00fb 4\u2019\u00ea Cotmeh\u00ea de li herem\u00ean Bab, Mar\u00ea \u00fb \u015eerewa \u00e7alakiy\u00ean bersivdayin\u00ea hatin li dar xistin.Di roja 1\u2019\u00ea Cotmeh\u00ea de, li &hellip;<\/p>\n","protected":false},"author":1,"featured_media":2409,"comment_status":"open","ping_status":"open","sticky":false,"template":"","format":"standard","meta":{"_jetpack_memberships_contains_paid_content":false,"footnotes":""},"categories":[24,25],"tags":[],"class_list":["post-2410","post","type-post","status-publish","format-standard","has-post-thumbnail","hentry","category-24","category-25"],"jetpack_featured_media_url":"https:\/\/hre-official.com\/wp-content\/uploads\/2023\/05\/Screenshot_2023-05-28-23-42-51-882-edit_org.telegram.messenger.jpg","jetpack_sharing_enabled":true,"_links":{"self":[{"href":"https:\/\/hre-official.com\/index.php?rest_route=\/wp\/v2\/posts\/2410","targetHints":{"allow":["GET"]}}],"collection":[{"href":"https:\/\/hre-official.com\/index.php?rest_route=\/wp\/v2\/posts"}],"about":[{"href":"https:\/\/hre-official.com\/index.php?rest_route=\/wp\/v2\/types\/post"}],"author":[{"embeddable":true,"href":"https:\/\/hre-official.com\/index.php?rest_route=\/wp\/v2\/users\/1"}],"replies":[{"embeddable":true,"href":"https:\/\/hre-official.com\/index.php?rest_route=%2Fwp%2Fv2%2Fcomments&post=2410"}],"version-history":[{"count":0,"href":"https:\/\/hre-official.com\/index.php?rest_route=\/wp\/v2\/posts\/2410\/revisions"}],"wp:featuredmedia":[{"embeddable":true,"href":"https:\/\/hre-official.com\/index.php?rest_route=\/wp\/v2\/media\/2409"}],"wp:attachment":[{"href":"https:\/\/hre-official.com\/index.php?rest_route=%2Fwp%2Fv2%2Fmedia&parent=2410"}],"wp:term":[{"taxonomy":"category","embeddable":true,"href":"https:\/\/hre-official.com\/index.php?rest_route=%2Fwp%2Fv2%2Fcategories&post=2410"},{"taxonomy":"post_tag","embeddable":true,"href":"https:\/\/hre-official.com\/index.php?rest_route=%2Fwp%2Fv2%2Ftags&post=2410"}],"curies":[{"name":"wp","href":"https:\/\/api.w.org\/{rel}","templated":true}]}}