{"id":2404,"date":"2022-10-08T15:41:27","date_gmt":"2022-10-08T15:41:27","guid":{"rendered":"https:\/\/hre-official.com\/?p=2404"},"modified":"2023-05-29T15:17:03","modified_gmt":"2023-05-29T15:17:03","slug":"%d8%a7%d8%b3%d8%aa%d8%b4%d9%87%d8%a7%d8%af-%d8%a7%d8%ad%d8%af-%d8%b1%d9%81%d8%a7%d9%82%d9%86%d8%a7-%d8%a7%d9%84%d8%b4%d9%87%d9%8a%d8%af-%d8%b9%d9%83%d9%8a%d8%af-%d8%b9%d9%81%d8%b1%d9%8a%d9%86","status":"publish","type":"post","link":"https:\/\/hre-official.com\/?p=2404","title":{"rendered":"\u0627\u0633\u062a\u0634\u0647\u0627\u062f \u0627\u062d\u062f \u0631\u0641\u0627\u0642\u0646\u0627 \u0627\u0644\u0634\u0647\u064a\u062f \u0639\u0643\u064a\u062f \u0639\u0641\u0631\u064a\u0646"},"content":{"rendered":"\r\n<p dir=\"ltr\">Em hevr\u00eay\u00ean xwe Eg\u00eed Efr\u00een \u00fb Zinar Tilqerah bi r\u00eazdar\u00ee bib\u00eer t\u00eenin<br \/>Ji gel\u00ea me \u00fb raya gi\u015ft\u00ee re<br \/>Di roja 7\u2019\u00ea Cotmeh\u00ea saet 6\u2019\u00ea sibeh\u00ea \u00e7etey\u00ean gir\u00eaday\u00ee dewleta Tirk a dagirker \u00ear\u00ee\u015fek li ser \u00e7eper\u00ean h\u00eaz\u00ean me y\u00ean her\u00eama Efr\u00een\u00ea p\u00eak an\u00een. Bi bersivday\u00eena \u015fervan\u00ean me re, pev\u00e7\u00fbnek dijwar qewim\u00ee. Di van pev\u00e7\u00fbnan de ku\u015ft\u00ee \u00fb bir\u00eendar\u00ean \u00e7eteyan \u00e7\u00eab\u00fbn l\u00ea agah\u00eey\u00ean zelal nehatin bidestxistin. 2 r\u00eaheval\u00ean me bi nasnav Eg\u00eed Efr\u00een \u00fb Zinar Tilqerah di encama pev\u00e7\u00fbneke dijwar de bi leheng\u00ee \u015fer kirin \u00fb \u015feh\u00eed b\u00fbn.<br \/>Hevr\u00eay\u00ea me Eg\u00eed di malbateke welatpar\u00eaz a Efr\u00een\u00ea li nav\u00e7eya Racoy\u00ea ji day\u00eek b\u00fb. Bi destp\u00eakirina \u015fore\u015fa Rojava re wek\u00ee her mirovek\u00ee xwed\u00ee bi r\u00fbmet cih\u00ea xwe di nava ref\u00ean \u015fore\u015f\u00ea de girt. Di \u015fer\u00ea me y\u00ea li dij\u00ee \u00e7etey\u00ean DAI\u015e, El N\u00fbsra \u00fb art\u00ea\u015fa Tirk a dagirker de hevr\u00eay\u00ea me Eg\u00eed bi tecr\u00fbbey\u00ean xwe y\u00ean dem\u00ea re wek\u00ee fermanderek\u00ee tevl\u00ee b\u00fb. Bi taybet di sala 2016\u2019an li \u015eehbay\u00ea \u00fb Berxwedana Serdem\u00ea ya Efr\u00een\u00ea de bi awayek\u00ee \u00e7alak tevl\u00ee van berxwedanan b\u00fb. Pi\u015ft\u00ee dagirkirina Efr\u00een\u00ea \u015feh\u00eed Eg\u00eed di eniy\u00ean berxwedan\u00ea y\u00ean her\u00ee p\u00ea\u015f de cih\u00ea xwe girt \u00fb di her \u00e7alakiyeke ku li dij\u00ee dijmin hate li darxistin bi awayek\u00ee \u00e7alak tevl\u00ee b\u00fb \u00fb roleke diyarker l\u00eest. Di \u015fer\u00ea xwe de ces\u00fbr \u00fb j\u00eahat\u00ee b\u00fb, ji bo w\u00ea di nav demeke kin de di asta fermandariya tab\u00fbr\u00ea erk girt. Berpirsyartiya w\u00ee ya li hember gel \u00fb \u015fore\u015f\u00ea her ku \u00e7\u00fb mezin b\u00fb, li gor v\u00ea rastiy\u00ea tevl\u00ee \u015fer \u00fb jiyan\u00ea b\u00fb. Di jiyan\u00ea de li ser bingeh\u00ea p\u00eevan\u00ean bilind \u00ean r\u00eahevaltiy\u00ea, bi dilnizmiyeke mezin tevl\u00ee jiyan\u00ea b\u00fb, di kar\u00ea xwe de j\u00ee b\u00ea hesab, fedekar \u00fb kedeke mezin raber dikir. Bi v\u00ee ruh\u00ea xwe y\u00ea bilind heta k\u00ealiya \u015fehadeta xwe j\u00ee derb\u00ean giran dijmin da \u00fb bi qehremaniyeke mezin tevl\u00ee karwan\u00ean \u015feh\u00eedan b\u00fb.<br \/>Hevr\u00eay\u00ea me Zinar Tilqerah ji p\u00eakhateya me ya Ereb e. Di sala 2016\u2019an de bi naskirina w\u00ee ya teko\u015f\u00eena azadiy\u00ea re be\u015fdar\u00ee nava ref\u00ean \u015fore\u015f\u00ea b\u00fb. Bi baweriya ku w\u00ea yek\u00eetiya gel\u00ean Kurd \u00fb Ereb bibe wes\u00eeleya azadiya tevah\u00ee gel\u00ean bindest \u00ean Rojhilata Nav\u00een, projeya netewa demokrat\u00eek a R\u00eaber APO hemb\u00eaz kir \u00fb ji bo w\u00ea bi kelecan \u00fb co\u015feke mezin be\u015fdar\u00ee kar \u00fb xebat\u00ean \u015fore\u015f\u00ea b\u00fb. R\u00eaheval Zinar demek\u00ea di nava yek\u00eeney\u00ean Cebhet El Ekrad de li dij\u00ee \u00e7etey\u00ean DAI\u015e\u2019\u00ea bi dilw\u00earekiyek mezin \u015fer kir \u00fb pi\u015ft\u00ee ku tevl\u00ee nava ref\u00ean me b\u00fb, bi heman ruh\u00ee li dij\u00ee hem\u00fb h\u00eaz\u00ean dagirker \u015fer kir, li berxwe da. Di berxwedana Serdem\u00ea ya Efr\u00een\u00ea de cih\u00ea xwe girt \u00fb mohra xwe li dehan destan\u00ean berxwedana serdem\u00ea da.<br \/>\u015eehadeta herd\u00fb hevr\u00eay\u00ean me w\u00ea t\u00eako\u015f\u00eena me ya li dij\u00ee dagirkeriy\u00ea xurttir \u00fb mezintir bike \u00fb teqez em\u00ea tola hevr\u00eay\u00ean xwe hil\u00eenin. Di ser\u00ee de herd\u00fb malbat\u00ean me y\u00ean h\u00eaja, malbat\u00ean \u015feh\u00eed Eg\u00eed \u00fb \u015feh\u00eed Zinar, em sersaxiy\u00ea ji tevah\u00ee gel\u00ea xwe re dixwazin \u00fb wek H\u00eaz\u00ean Rizgariya Efr\u00een\u00ea em soza xwe ya p\u00eakan\u00eena xeyal\u00ean \u015feh\u00eedan \u00fb gel\u00ea xwe ji bo avakirina welatek azad n\u00fb dikin.<br \/>Nasnameya hevr\u00eay\u00ean me y\u00ean \u015feh\u00eed wiha ye;<\/p>\r\n\r\n\r\n\r\n<p dir=\"ltr\">Nasnav: Eg\u00eed Efr\u00een<br \/>Nav \u00fb Pa\u015fnav: Mahs\u00fbm Begda\u015f<br \/>Nav\u00ea Dayik\u00ea: H\u00fbriye<br \/>Nav\u00ea Bav: Rifat<br \/>Cih \u00fb D\u00eeroka \u015eehadet\u00ea: Her\u00eama Efr\u00een\u00ea &#8211; 7\u2019\u00ea Cotmeha 2022<\/p>\r\n","protected":false},"excerpt":{"rendered":"<p>Em hevr\u00eay\u00ean xwe Eg\u00eed Efr\u00een \u00fb Zinar Tilqerah bi r\u00eazdar\u00ee bib\u00eer t\u00eeninJi gel\u00ea me \u00fb raya gi\u015ft\u00ee reDi roja 7\u2019\u00ea Cotmeh\u00ea saet 6\u2019\u00ea sibeh\u00ea \u00e7etey\u00ean gir\u00eaday\u00ee dewleta Tirk a dagirker \u00ear\u00ee\u015fek li ser \u00e7eper\u00ean h\u00eaz\u00ean me y\u00ean her\u00eama Efr\u00een\u00ea p\u00eak an\u00een. Bi bersivday\u00eena \u015fervan\u00ean me re, pev\u00e7\u00fbnek dijwar qewim\u00ee. Di van pev\u00e7\u00fbnan de ku\u015ft\u00ee \u00fb &hellip;<\/p>\n","protected":false},"author":1,"featured_media":2403,"comment_status":"open","ping_status":"open","sticky":false,"template":"","format":"standard","meta":{"_jetpack_memberships_contains_paid_content":false,"footnotes":""},"categories":[26],"tags":[],"class_list":["post-2404","post","type-post","status-publish","format-standard","has-post-thumbnail","hentry","category-26"],"jetpack_featured_media_url":"https:\/\/hre-official.com\/wp-content\/uploads\/2023\/05\/IMG_20230528_233837_626.jpg","jetpack_sharing_enabled":true,"_links":{"self":[{"href":"https:\/\/hre-official.com\/index.php?rest_route=\/wp\/v2\/posts\/2404","targetHints":{"allow":["GET"]}}],"collection":[{"href":"https:\/\/hre-official.com\/index.php?rest_route=\/wp\/v2\/posts"}],"about":[{"href":"https:\/\/hre-official.com\/index.php?rest_route=\/wp\/v2\/types\/post"}],"author":[{"embeddable":true,"href":"https:\/\/hre-official.com\/index.php?rest_route=\/wp\/v2\/users\/1"}],"replies":[{"embeddable":true,"href":"https:\/\/hre-official.com\/index.php?rest_route=%2Fwp%2Fv2%2Fcomments&post=2404"}],"version-history":[{"count":0,"href":"https:\/\/hre-official.com\/index.php?rest_route=\/wp\/v2\/posts\/2404\/revisions"}],"wp:featuredmedia":[{"embeddable":true,"href":"https:\/\/hre-official.com\/index.php?rest_route=\/wp\/v2\/media\/2403"}],"wp:attachment":[{"href":"https:\/\/hre-official.com\/index.php?rest_route=%2Fwp%2Fv2%2Fmedia&parent=2404"}],"wp:term":[{"taxonomy":"category","embeddable":true,"href":"https:\/\/hre-official.com\/index.php?rest_route=%2Fwp%2Fv2%2Fcategories&post=2404"},{"taxonomy":"post_tag","embeddable":true,"href":"https:\/\/hre-official.com\/index.php?rest_route=%2Fwp%2Fv2%2Ftags&post=2404"}],"curies":[{"name":"wp","href":"https:\/\/api.w.org\/{rel}","templated":true}]}}