{"id":2401,"date":"2022-10-03T15:40:57","date_gmt":"2022-10-03T15:40:57","guid":{"rendered":"https:\/\/hre-official.com\/?p=2401"},"modified":"2023-05-29T15:15:58","modified_gmt":"2023-05-29T15:15:58","slug":"%d8%a7%d8%b3%d8%aa%d8%b4%d9%87%d8%a7%d8%af-%d8%a7%d8%ad%d8%af-%d8%b1%d9%81%d8%a7%d9%82%d9%86%d8%a7-%d8%a7%d9%84%d8%b4%d9%87%d9%8a%d8%af-%d8%b2%d9%86%d8%a7%d8%b1-%d8%b9%d9%81%d8%b1%d9%8a%d9%86-2","status":"publish","type":"post","link":"https:\/\/hre-official.com\/?p=2401","title":{"rendered":"\u0627\u0633\u062a\u0634\u0647\u0627\u062f \u0627\u062d\u062f \u0631\u0641\u0627\u0642\u0646\u0627 \u0627\u0644\u0634\u0647\u064a\u062f \u0632\u0646\u0627\u0631 \u0639\u0641\u0631\u064a\u0646"},"content":{"rendered":"\r\n<p dir=\"ltr\">Em r\u00eaheval\u00ea xwe Zinar Efr\u00een bi r\u00eazdar\u00ee bib\u00eer t\u00eenin<br \/>Ji gel\u00ea me \u00fb raya gi\u015ft\u00ee re<br \/>R\u00eaheval\u00ea me Zinar Efr\u00een roja 2\u2019\u00ea Cotmeh\u00ea dema li ser erka xwe b\u00fb, di encama qr\u00eeza dil de gih\u00ee\u015ft \u015fehadet\u00ea.<br \/>R\u00eaheval Zinar ji bajar\u00ea Efr\u00een\u00ea ye ku bi nirx\u00ean xwe y\u00ean Kurdayet\u00eey\u00ea gir\u00eaday\u00ee ye mezin b\u00fbye. \u00c7anda welatpar\u00eaz\u00eey\u00ea a malbat\u00ea \u00fb derdor\u00ea w\u00ee li ser r\u00eaheval\u00ea me Zinar j\u00ee bi awayek\u00ee berbi\u00e7av bandor kiriye. Yek ji berxwed\u00ear \u00fb t\u00eako\u015fer\u00ea Berxwedana Serdem\u00ea a Efr\u00een\u00ea r\u00eaheval Zinar, \u00e7awa ku baya \u015eore\u015fa Rojava a ku mirov\u00ean dil\u00ea w\u00ee ji bo azad\u00eey\u00ea l\u00ea dida bandor kir ew j\u00ee ji v\u00ea bay\u00ea bandor b\u00fb. R\u00eaheval Zinar bi ruh\u00ea ciwant\u00eey\u00ea tevl\u00ee xebat\u00ean \u015fore\u015f\u00ea b\u00fb. Di roj\u00ean re\u015f \u00fb tar\u00ee, di dem\u00ean tengas\u00eey\u00ea de xwe neda k\u00ealek\u00ea \u00fb cih\u00ea xwe en\u00eeya p\u00ea\u015f da girt. Berpirsyart\u00eey\u00ean xwe y\u00ean li hember gel \u00fb erk\u00ean netewey\u00ee \u00ean parastina welat\u00ea xwe di dem \u00fb wext\u00ea xwe da p\u00eak an\u00ee. Hertim \u00ea\u015fa gel\u00ea xwe \u00ea\u015fa xwe h\u00ees kir \u00fb ji bo rizgarkirina bajar\u00ea Efr\u00een\u00ea hertim amade b\u00fb. L\u00ea mixabin dil\u00ea w\u00ee y\u00ea mezin z\u00eade li ber xwe neda.<br \/>Her \u00e7i qas me bi f\u00eez\u00eek\u00ee r\u00eaheval\u00ean xwe wenda kiribe j\u00ee me wana spart\u00eeye dil\u00ea xwe \u00fb bi ruh\u00ea wan \u00ea zind\u00ee me\u015fa xwe ya azad\u00eey\u00ea bime\u015f\u00eenin. Em wek r\u00eaheval\u00ean Zinar \u00fb \u015fopdar\u00ean leheng\u00ean xwe di w\u00ea \u00eedia \u00fb biryar\u00ea de ne ku w\u00ea rojek\u00ea hem\u00fb hev\u00eey\u00ean wan p\u00eak b\u00eenin. Soza me serkeftina me be. Em ser\u00ee da sersax\u00eey\u00ea ji malbata \u015feh\u00eed\u00ea xwe ra \u00fb gel\u00ea xwe y\u00ea bir\u00fbmet ra dixwazin.<br \/>Nasnameya hevr\u00eay\u00ea me y\u00ea \u015feh\u00eed wiha ye;<br \/>Nasnav: Zinar Efr\u00een<br \/>Nav \u00fb Pa\u015fnav: Zanyar Xel\u00eel<br \/>Nav\u00ea Dayik\u00ea: F\u00eedan<br \/>Nav\u00ea Bav: Ismet<br \/>Cih \u00fb D\u00eeroka \u015eehadet\u00ea: 2\u2019\u00ea Cotmeha 2022<br \/>H\u00eaz\u00ean Rizgariya Efr\u00een\u00ea<br \/>3\u2019\u00ea Cotmeha 2022<\/p>\r\n","protected":false},"excerpt":{"rendered":"<p>Em r\u00eaheval\u00ea xwe Zinar Efr\u00een bi r\u00eazdar\u00ee bib\u00eer t\u00eeninJi gel\u00ea me \u00fb raya gi\u015ft\u00ee reR\u00eaheval\u00ea me Zinar Efr\u00een roja 2\u2019\u00ea Cotmeh\u00ea dema li ser erka xwe b\u00fb, di encama qr\u00eeza dil de gih\u00ee\u015ft \u015fehadet\u00ea.R\u00eaheval Zinar ji bajar\u00ea Efr\u00een\u00ea ye ku bi nirx\u00ean xwe y\u00ean Kurdayet\u00eey\u00ea gir\u00eaday\u00ee ye mezin b\u00fbye. \u00c7anda welatpar\u00eaz\u00eey\u00ea a malbat\u00ea \u00fb derdor\u00ea &hellip;<\/p>\n","protected":false},"author":1,"featured_media":2400,"comment_status":"open","ping_status":"open","sticky":false,"template":"","format":"standard","meta":{"_jetpack_memberships_contains_paid_content":false,"footnotes":""},"categories":[26],"tags":[],"class_list":["post-2401","post","type-post","status-publish","format-standard","has-post-thumbnail","hentry","category-26"],"jetpack_featured_media_url":"https:\/\/hre-official.com\/wp-content\/uploads\/2023\/05\/IMG_20230528_233628_399.jpg","jetpack_sharing_enabled":true,"_links":{"self":[{"href":"https:\/\/hre-official.com\/index.php?rest_route=\/wp\/v2\/posts\/2401","targetHints":{"allow":["GET"]}}],"collection":[{"href":"https:\/\/hre-official.com\/index.php?rest_route=\/wp\/v2\/posts"}],"about":[{"href":"https:\/\/hre-official.com\/index.php?rest_route=\/wp\/v2\/types\/post"}],"author":[{"embeddable":true,"href":"https:\/\/hre-official.com\/index.php?rest_route=\/wp\/v2\/users\/1"}],"replies":[{"embeddable":true,"href":"https:\/\/hre-official.com\/index.php?rest_route=%2Fwp%2Fv2%2Fcomments&post=2401"}],"version-history":[{"count":0,"href":"https:\/\/hre-official.com\/index.php?rest_route=\/wp\/v2\/posts\/2401\/revisions"}],"wp:featuredmedia":[{"embeddable":true,"href":"https:\/\/hre-official.com\/index.php?rest_route=\/wp\/v2\/media\/2400"}],"wp:attachment":[{"href":"https:\/\/hre-official.com\/index.php?rest_route=%2Fwp%2Fv2%2Fmedia&parent=2401"}],"wp:term":[{"taxonomy":"category","embeddable":true,"href":"https:\/\/hre-official.com\/index.php?rest_route=%2Fwp%2Fv2%2Fcategories&post=2401"},{"taxonomy":"post_tag","embeddable":true,"href":"https:\/\/hre-official.com\/index.php?rest_route=%2Fwp%2Fv2%2Ftags&post=2401"}],"curies":[{"name":"wp","href":"https:\/\/api.w.org\/{rel}","templated":true}]}}