{"id":2396,"date":"2022-09-29T15:40:51","date_gmt":"2022-09-29T15:40:51","guid":{"rendered":"https:\/\/hre-official.com\/?p=2396"},"modified":"2023-05-29T15:38:18","modified_gmt":"2023-05-29T15:38:18","slug":"%d8%a7%d8%b3%d8%aa%d9%87%d8%af%d8%a7%d9%81-%d9%82%d8%a7%d8%b9%d8%af%d8%a9-%d8%b9%d8%b3%d9%83%d8%b1%d9%8a%d8%a9-%d8%aa%d8%a7%d8%a8%d8%b9%d8%a9-%d9%84%d8%ac%d9%8a%d8%b4-%d8%a7%d9%84%d8%a7%d8%ad%d8%aa-2","status":"publish","type":"post","link":"https:\/\/hre-official.com\/?p=2396","title":{"rendered":"\u0627\u0633\u062a\u0647\u062f\u0627\u0641 \u0642\u0627\u0639\u062f\u0629 \u0639\u0633\u0643\u0631\u064a\u0629 \u062a\u0627\u0628\u0639\u0629 \u0644\u062c\u064a\u0634 \u0627\u0644\u0627\u062d\u062a\u0644\u0627\u0644 \u0627\u0644\u062a\u0631\u0643\u064a \u0641\u064a \u0642\u0631\u064a\u0629 \u0643\u0648\u0628\u0644\u064a \u0627\u0644\u062a\u0627\u0628\u0639\u0629 \u0644\u0646\u0627\u062d\u064a\u0629 \u0634\u064a\u0631\u0627\u0648\u0627"},"content":{"rendered":"\r\n<p dir=\"ltr\">Ji \u00e7apemen\u00ee \u00fb raya gi\u015ft\u00ee re<br \/>Li hember \u00eari\u015f\u00ean art\u00ea\u015fa Tirk a dagirker \u00fb \u00e7etey\u00ean w\u00ea di navbera roj\u00ean 22-27\u2019\u00ea \u00celon\u00ea de, \u00e7alakiy\u00ean bersivday\u00een\u00ea hatin lidar xistin. Di v\u00ea \u00e7ar\u00e7ovey\u00ea de;<br \/>Di roja 22\u2019\u00ea \u00celon\u00ea de, li gund\u00ea Enabk\u00ea ya nav\u00e7eya \u015eera, li hember \u00e7etey\u00ean dagirker \u00e7alakiyek taybet hat lidar xistin. Di v\u00ea \u00e7alakiy\u00ea de hejmara ku\u015ft\u00ee \u00fb bir\u00eendar\u00ean dijmin nehat zelal kirin.<br \/>Di roja 26\u2019\u00ea \u00celon\u00ea de, li gund\u00ea Birc Heyder ya nav\u00e7eya \u015e\u00earawa, li hember \u00e7etey\u00ean dagirker \u00e7alakiyek berfireh ya serdagirtin\u00ea hat lidar xistin. Di l\u00eadana desp\u00eak\u00ea de 3 \u00e7ete hatin ku\u015ftin. Pi\u015ft\u00ea v\u00ea dijmin du caran xwest ku\u015ft\u00ee \u00fb bir\u00eendar\u00ean xwe rabike. Di van her du caran de j\u00ee h\u00eaz\u00ean me kom\u00ean \u00e7etey\u00ean dagirker y\u00ean ku dixwestin ku\u015ft\u00ee \u00fb br\u00eendar\u00ean xwe rabikin kirin hedef. Li vir j\u00ee 5 \u00e7ete hatin ku\u015ftin, 6 \u00e7ete j\u00ee bir\u00eendar b\u00fbn. Di encama v\u00ea \u00e7alakiy\u00ea de bi gi\u015ft\u00ee 8 \u00e7etey\u00ean dagirker hatin ku\u015ftin, her\u00ee k\u00eam 6 \u00e7ete j\u00ee bir\u00eendar b\u00fbn.<br \/>Di roja 27\u2019\u00ea \u00celon\u00ea de, li gund\u00ea Gobel\u00ea ya \u015e\u00earawa di encama \u00e7alakiyek h\u00eaz\u00ean me de 3 le\u015fker\u00ean art\u00ea\u015fa Tirk a dagirker hatin ku\u015ftin, 2 le\u015fker j\u00ee bir\u00eendar b\u00fbn.<br \/>Di encama van \u00e7alakiyan de bi gi\u015ft\u00ee, 3 le\u015fker\u00ean art\u00ea\u015fa Tirk \u00fb 8 \u00e7ete hatin ku\u015ftin, 2 le\u015fker \u00fb her\u00ee k\u00eam 6 \u00e7ete j\u00ee bir\u00eendar b\u00fbn. Li hember \u00eari\u015f\u00ean dagirkera \u00e7alakiy\u00ean me y\u00ean bersivday\u00een\u00ea w\u00ea berdewam bikin.<br \/>H\u00eaz\u00ean Rizgariya Efr\u00een\u00ea<br \/>29 \u00celon 2022<\/p>\r\n\r\n\r\n\r\n<p>\u0634\u0627\u0647\u062f \u0627\u0644\u0641\u064a\u062f\u064a\u0648 \u0639\u0628\u0631 \u0627\u0644\u0631\u0627\u0628\u0637 \u0627\u0644\u062a\u0627\u0644\u064a :<\/p>\r\n\r\n\r\n\r\n<p dir=\"ltr\"><a href=\"https:\/\/t.me\/HRE_official_kurdish\/763?single\">t.me\/HRE_official_kurdish\/763?single<\/a><\/p>\r\n\r\n\r\n\r\n<p dir=\"ltr\"><a href=\"https:\/\/t.me\/HRE_official_kurdish\/764?single\">t.me\/HRE_official_kurdish\/764?single<\/a><\/p>\r\n","protected":false},"excerpt":{"rendered":"<p>Ji \u00e7apemen\u00ee \u00fb raya gi\u015ft\u00ee reLi hember \u00eari\u015f\u00ean art\u00ea\u015fa Tirk a dagirker \u00fb \u00e7etey\u00ean w\u00ea di navbera roj\u00ean 22-27\u2019\u00ea \u00celon\u00ea de, \u00e7alakiy\u00ean bersivday\u00een\u00ea hatin lidar xistin. Di v\u00ea \u00e7ar\u00e7ovey\u00ea de;Di roja 22\u2019\u00ea \u00celon\u00ea de, li gund\u00ea Enabk\u00ea ya nav\u00e7eya \u015eera, li hember \u00e7etey\u00ean dagirker \u00e7alakiyek taybet hat lidar xistin. Di v\u00ea \u00e7alakiy\u00ea de hejmara ku\u015ft\u00ee &hellip;<\/p>\n","protected":false},"author":1,"featured_media":2398,"comment_status":"open","ping_status":"open","sticky":false,"template":"","format":"standard","meta":{"_jetpack_memberships_contains_paid_content":false,"footnotes":""},"categories":[24,25],"tags":[],"class_list":["post-2396","post","type-post","status-publish","format-standard","has-post-thumbnail","hentry","category-24","category-25"],"jetpack_featured_media_url":"https:\/\/hre-official.com\/wp-content\/uploads\/2023\/05\/IMG_20230528_233412.jpg","jetpack_sharing_enabled":true,"_links":{"self":[{"href":"https:\/\/hre-official.com\/index.php?rest_route=\/wp\/v2\/posts\/2396","targetHints":{"allow":["GET"]}}],"collection":[{"href":"https:\/\/hre-official.com\/index.php?rest_route=\/wp\/v2\/posts"}],"about":[{"href":"https:\/\/hre-official.com\/index.php?rest_route=\/wp\/v2\/types\/post"}],"author":[{"embeddable":true,"href":"https:\/\/hre-official.com\/index.php?rest_route=\/wp\/v2\/users\/1"}],"replies":[{"embeddable":true,"href":"https:\/\/hre-official.com\/index.php?rest_route=%2Fwp%2Fv2%2Fcomments&post=2396"}],"version-history":[{"count":0,"href":"https:\/\/hre-official.com\/index.php?rest_route=\/wp\/v2\/posts\/2396\/revisions"}],"wp:featuredmedia":[{"embeddable":true,"href":"https:\/\/hre-official.com\/index.php?rest_route=\/wp\/v2\/media\/2398"}],"wp:attachment":[{"href":"https:\/\/hre-official.com\/index.php?rest_route=%2Fwp%2Fv2%2Fmedia&parent=2396"}],"wp:term":[{"taxonomy":"category","embeddable":true,"href":"https:\/\/hre-official.com\/index.php?rest_route=%2Fwp%2Fv2%2Fcategories&post=2396"},{"taxonomy":"post_tag","embeddable":true,"href":"https:\/\/hre-official.com\/index.php?rest_route=%2Fwp%2Fv2%2Ftags&post=2396"}],"curies":[{"name":"wp","href":"https:\/\/api.w.org\/{rel}","templated":true}]}}