{"id":2388,"date":"2022-09-12T14:40:52","date_gmt":"2022-09-12T14:40:52","guid":{"rendered":"https:\/\/hre-official.com\/?p=2388"},"modified":"2023-05-29T15:16:16","modified_gmt":"2023-05-29T15:16:16","slug":"%d8%a7%d8%b3%d8%aa%d8%b4%d9%87%d8%a7%d8%af-%d8%a7%d8%ad%d8%af-%d8%b1%d9%81%d8%a7%d9%82%d9%86%d8%a7-%d8%a7%d9%84%d8%b4%d9%87%d9%8a%d8%af-%d8%a8%d9%8a%d9%84%d8%a7%d9%86-%d9%84%d9%8a%d9%84%d9%88%d9%86","status":"publish","type":"post","link":"https:\/\/hre-official.com\/?p=2388","title":{"rendered":"\u0627\u0633\u062a\u0634\u0647\u0627\u062f \u0627\u062d\u062f \u0631\u0641\u0627\u0642\u0646\u0627 \u0627\u0644\u0634\u0647\u064a\u062f \u0628\u064a\u0644\u0627\u0646 \u0644\u064a\u0644\u0648\u0646\u064a"},"content":{"rendered":"\r\n<p dir=\"ltr\">Em r\u00eaheval\u00ea xwe Beylan Leyl\u00fbn\u00ee bi r\u00eazdar\u00ee bib\u00eer t\u00eenin<br \/>Ji gel\u00ea me \u00fb raya gi\u015ft\u00ee re<br \/>Di \u00e7ar\u00e7oveya Qonaxa Duyem\u00een a Serdem\u00ea de r\u00eaheval\u00ea me Mihemed Cuma bi nasnav Beylan Leyl\u00fbn\u00ee roja 10\u2019\u00ea \u00celon\u00ea de dema li ser erka xwe b\u00fb \u015feh\u00eed ket.<br \/>Hevr\u00eay\u00ea me Beylan ji bajar\u00ea kelha berxwedan\u00ea a Efr\u00een\u00ea ji dayik b\u00fbye. Di destp\u00eaka \u015eore\u015fa Rojava de ji bo parastina gel\u00ea xwe \u00fb parastina nirx\u00ean mirovah\u00eey\u00ea cih\u00ea xwe hem li \u00e7eperan de hem j\u00ee di gelek kar \u00fb xebat\u00ean din de girt. Di berxwedana Serdem\u00ea a Efr\u00een\u00ea de b\u00fb \u015fahid\u00ea v\u00ea berxwedana d\u00eerok\u00ee \u00fb rola xwe ley\u00eest. Pi\u015ft\u00ee dagirkirina Efr\u00een\u00ea, hem ji bo rizgarkirina Efr\u00een\u00ea hem j\u00ee h\u00earsa xwe ya li dij\u00ee dewleta Tirk a dagirker, hevr\u00ea Beylan di nav h\u00eaz\u00ean me da c\u00eeh\u00ea xwe girt \u00fb heya k\u00eal\u00eeya \u015fehadet\u00ea j\u00ee bi fedakar\u00eeyek mezin xebat me\u015fand.<br \/>Em wek H\u00eaz\u00ean Rizgar\u00eeya Efr\u00een\u00ea di \u015fexs\u00ea hevr\u00eay\u00ea me \u015feh\u00eed Beylan de hem\u00fb leheng\u00ean xwe bi r\u00eazdar\u00ee bib\u00eer t\u00eenin. Ser\u00ee de ji malabata hevr\u00eay\u00ea xwe \u015feh\u00eed ra \u00fb gel\u00ea xwe ra dib\u00eajin ser\u00ea we sax be.<br \/>Nasnameya pakrewan\u00ea me wiha ye:<br \/>Nasnav: Beylan Leyl\u00fbn\u00ee<br \/>Nav \u00fb Pa\u015fnav: Mihemed Cuma<br \/>Nav\u00ea Dayik\u00ea: Besma<br \/>Nav\u00ea Bav: El\u00ee<br \/>Cih \u00fb D\u00eeroka \u015eehadet\u00ea: Her\u00eama Efr\u00een\u00ea \/ 10\u2019\u00ea \u00celona 2022\u2019yan<\/p>\r\n\r\n\r\n\r\n<p dir=\"ltr\">H\u00eaz\u00ean Rizgar\u00eeya Efr\u00een\u00ea<br \/>12\u2019\u00ea \u00celona 2022\u2019yan<\/p>\r\n\r\n\r\n\r\n<figure class=\"wp-block-image size-large\"><img loading=\"lazy\" decoding=\"async\" width=\"1024\" height=\"683\" class=\"wp-image-2386\" src=\"https:\/\/hre-official.com\/wp-content\/uploads\/2023\/05\/IMG_20230528_232256_569-1024x683.jpg\" alt=\"\" srcset=\"https:\/\/hre-official.com\/wp-content\/uploads\/2023\/05\/IMG_20230528_232256_569-1024x683.jpg 1024w, https:\/\/hre-official.com\/wp-content\/uploads\/2023\/05\/IMG_20230528_232256_569-300x200.jpg 300w, https:\/\/hre-official.com\/wp-content\/uploads\/2023\/05\/IMG_20230528_232256_569-768x512.jpg 768w, https:\/\/hre-official.com\/wp-content\/uploads\/2023\/05\/IMG_20230528_232256_569.jpg 1280w\" sizes=\"auto, (max-width: 1024px) 100vw, 1024px\" \/><\/figure>\r\n\r\n\r\n\r\n<figure class=\"wp-block-image\"><img loading=\"lazy\" decoding=\"async\" width=\"1024\" height=\"682\" class=\"wp-image-2385\" src=\"https:\/\/hre-official.com\/wp-content\/uploads\/2023\/05\/IMG_20230528_232256_221-1024x682.jpg\" alt=\"\" srcset=\"https:\/\/hre-official.com\/wp-content\/uploads\/2023\/05\/IMG_20230528_232256_221-1024x682.jpg 1024w, https:\/\/hre-official.com\/wp-content\/uploads\/2023\/05\/IMG_20230528_232256_221-300x200.jpg 300w, https:\/\/hre-official.com\/wp-content\/uploads\/2023\/05\/IMG_20230528_232256_221-768x512.jpg 768w, https:\/\/hre-official.com\/wp-content\/uploads\/2023\/05\/IMG_20230528_232256_221.jpg 1280w\" sizes=\"auto, (max-width: 1024px) 100vw, 1024px\" \/><\/figure>\r\n","protected":false},"excerpt":{"rendered":"<p>Em r\u00eaheval\u00ea xwe Beylan Leyl\u00fbn\u00ee bi r\u00eazdar\u00ee bib\u00eer t\u00eeninJi gel\u00ea me \u00fb raya gi\u015ft\u00ee reDi \u00e7ar\u00e7oveya Qonaxa Duyem\u00een a Serdem\u00ea de r\u00eaheval\u00ea me Mihemed Cuma bi nasnav Beylan Leyl\u00fbn\u00ee roja 10\u2019\u00ea \u00celon\u00ea de dema li ser erka xwe b\u00fb \u015feh\u00eed ket.Hevr\u00eay\u00ea me Beylan ji bajar\u00ea kelha berxwedan\u00ea a Efr\u00een\u00ea ji dayik b\u00fbye. Di destp\u00eaka \u015eore\u015fa &hellip;<\/p>\n","protected":false},"author":1,"featured_media":2387,"comment_status":"open","ping_status":"open","sticky":false,"template":"","format":"standard","meta":{"_jetpack_memberships_contains_paid_content":false,"footnotes":""},"categories":[26],"tags":[],"class_list":["post-2388","post","type-post","status-publish","format-standard","has-post-thumbnail","hentry","category-26"],"jetpack_featured_media_url":"https:\/\/hre-official.com\/wp-content\/uploads\/2023\/05\/IMG_20230528_232256_222.jpg","jetpack_sharing_enabled":true,"_links":{"self":[{"href":"https:\/\/hre-official.com\/index.php?rest_route=\/wp\/v2\/posts\/2388","targetHints":{"allow":["GET"]}}],"collection":[{"href":"https:\/\/hre-official.com\/index.php?rest_route=\/wp\/v2\/posts"}],"about":[{"href":"https:\/\/hre-official.com\/index.php?rest_route=\/wp\/v2\/types\/post"}],"author":[{"embeddable":true,"href":"https:\/\/hre-official.com\/index.php?rest_route=\/wp\/v2\/users\/1"}],"replies":[{"embeddable":true,"href":"https:\/\/hre-official.com\/index.php?rest_route=%2Fwp%2Fv2%2Fcomments&post=2388"}],"version-history":[{"count":0,"href":"https:\/\/hre-official.com\/index.php?rest_route=\/wp\/v2\/posts\/2388\/revisions"}],"wp:featuredmedia":[{"embeddable":true,"href":"https:\/\/hre-official.com\/index.php?rest_route=\/wp\/v2\/media\/2387"}],"wp:attachment":[{"href":"https:\/\/hre-official.com\/index.php?rest_route=%2Fwp%2Fv2%2Fmedia&parent=2388"}],"wp:term":[{"taxonomy":"category","embeddable":true,"href":"https:\/\/hre-official.com\/index.php?rest_route=%2Fwp%2Fv2%2Fcategories&post=2388"},{"taxonomy":"post_tag","embeddable":true,"href":"https:\/\/hre-official.com\/index.php?rest_route=%2Fwp%2Fv2%2Ftags&post=2388"}],"curies":[{"name":"wp","href":"https:\/\/api.w.org\/{rel}","templated":true}]}}