{"id":2383,"date":"2022-09-06T16:59:51","date_gmt":"2022-09-06T16:59:51","guid":{"rendered":"https:\/\/hre-official.com\/?p=2383"},"modified":"2023-05-29T15:16:37","modified_gmt":"2023-05-29T15:16:37","slug":"%d8%a7%d8%b3%d8%aa%d8%b4%d9%87%d8%a7%d8%af-%d8%a7%d8%ad%d8%af-%d8%b1%d9%81%d8%a7%d9%82%d9%86%d8%a7-%d8%a7%d9%84%d8%b4%d9%87%d9%8a%d8%af-%d8%ac%d8%b3%d9%88%d8%b1-%d8%b9%d9%81%d8%b1%d9%8a%d9%86","status":"publish","type":"post","link":"https:\/\/hre-official.com\/?p=2383","title":{"rendered":"\u0627\u0633\u062a\u0634\u0647\u0627\u062f \u0627\u062d\u062f \u0631\u0641\u0627\u0642\u0646\u0627 \u0627\u0644\u0634\u0647\u064a\u062f \u062c\u0633\u0648\u0631 \u0639\u0641\u0631\u064a\u0646"},"content":{"rendered":"\r\n<p dir=\"ltr\">Em r\u00eaheval\u00ea xwe Ces\u00fbr Efr\u00een bi r\u00eazdar\u00ee bib\u00eer t\u00eenin<br \/>Ji gel\u00ea me \u00fb raya gi\u015ft\u00ee re<br \/><br \/>Di \u00e7ar\u00e7oveya Qonaxa Duyem\u00een a Serdem\u00ea de r\u00eaheval\u00ea me Ehmed Mihemed bi nasnav Ces\u00fbr Efr\u00een roja 4\u2019\u00ea \u00celon\u00ea de dema li ser erka xwe b\u00fb \u015feh\u00eed ket.<br \/>Pi\u015ft\u00ee dagirkirina bajar\u00ea Efr\u00een\u00ea ciwan\u00ean me y\u00ean Efr\u00een\u00ea hem h\u00ears \u00fb k\u00eena xwe ya li dij\u00ee dagirker\u00eey\u00ea hem j\u00ee ji bo rizgarkirina bajar\u00ea xwe c\u00eeh\u00ea xwe di nav h\u00eaz\u00ean me de girtin. Yek ji wan r\u00eaheval Ces\u00fbr e. Hevr\u00ea Ces\u00fbr di temen\u00ean xwe y\u00ean ciwant\u00eey\u00ea de li ser axa xwe bi gel\u00ea xwe ra bi dagirker\u00eey\u00ea re r\u00fb bi r\u00fb ma l\u00ea li k\u00ealeka w\u00ee j\u00ee berxwedan\u00eeya \u015fervan\u00ean gel\u00ea xwe j\u00ee d\u00eet. Li ser v\u00ea bingeh\u00ea d\u00eet ku cih\u00ea her\u00ee rast a t\u00ea da c\u00eeh bigre k\u00ealeka \u015fervan\u00ean azad\u00eey\u00ea ye \u00fb bi v\u00ea ra dikare ji bo azad\u00eeya gel\u00ea xwe \u00fb bajar\u00ea xwe erk \u00fb berpirsyart\u00eeya xwe p\u00eak b\u00eene. R\u00eaheval Ces\u00fbr di tevl\u00eeb\u00fbna xwe ya j\u00eeyan\u00ea de kedkar \u00fb di \u015fer de \u015ferker b\u00fb. \u015eervanek\u00ee ba\u015f \u00ea gel\u00ea xwe b\u00fb.<br \/>Em wek H\u00eaz\u00ean Rizgar\u00eeya Efr\u00een\u00ea ked \u00fb xebat\u00ean w\u00ee, xewn \u00fb xeyal\u00ean w\u00ee y\u00ean mezin di t\u00eako\u015f\u00eena xwe ya azad\u00eey\u00ea de bidin j\u00eeyandin. Em di w\u00ea b\u00eer \u00fb bawer\u00eey\u00ea de ne ku hem gel\u00ea me y\u00ea Efr\u00een\u00ee \u00fb Kurdistan\u00ea hem j\u00ee ciwan\u00ean me c\u00eeh\u00ea r\u00eaheval\u00ea me Ces\u00fbr ku \u00e7eper\u00ea de girti b\u00fb vala neh\u00eal\u00eene \u00fb hertim dagirt\u00eebe. Em di \u015fexs\u00ea hevr\u00ea Ces\u00fbr de hem\u00fb heval \u00fb hogir\u00ean me y\u00ean ji bo azad\u00eey\u00ea \u015ferkirin \u00fb gih\u00ee\u015ftin \u015fehadet\u00ea bi r\u00eazdar\u00ee \u00fb bi h\u00fcrmet bib\u00eer t\u00eenin. Ser\u00ee sersax\u00eey\u00ea ji malbata \u015feh\u00eed\u00ea xwe ra dixwazin \u00fb ji gel\u00ea xwe ra dib\u00eajin ser\u00ea we sax be.<br \/>Nasnameya pakrewan\u00ea me wiha ye:<br \/>Nasnav: Ces\u00fbr Efr\u00een<br \/>Nav \u00fb Pa\u015fnav: Ehmed Mihemed<br \/>Nav\u00ea Dayik\u00ea: Em\u00eera<br \/>Nav\u00ea Bav: Loqman<br \/>Cih\u00ea ji Dayikb\u00fbn\u00ea: Efr\u00een<br \/>Cih \u00fb D\u00eeroka \u015eehadet\u00ea: Her\u00eama Efr\u00een\u00ea \/ 4\u2019\u00ea \u00celona 2022\u2019yan<\/p>\r\n\r\n\r\n\r\n<p dir=\"ltr\">H\u00eaz\u00ean Rizgar\u00eeya Efr\u00een\u00ea<br \/>6\u2019\u00ea \u00celona 2022\u2019yan<\/p>\r\n\r\n\r\n\r\n<figure class=\"wp-block-image size-large\"><img loading=\"lazy\" decoding=\"async\" width=\"1024\" height=\"682\" class=\"wp-image-2382\" src=\"https:\/\/hre-official.com\/wp-content\/uploads\/2023\/05\/IMG_20230528_224549_484-1024x682.jpg\" alt=\"\" srcset=\"https:\/\/hre-official.com\/wp-content\/uploads\/2023\/05\/IMG_20230528_224549_484-1024x682.jpg 1024w, https:\/\/hre-official.com\/wp-content\/uploads\/2023\/05\/IMG_20230528_224549_484-300x200.jpg 300w, https:\/\/hre-official.com\/wp-content\/uploads\/2023\/05\/IMG_20230528_224549_484-768x512.jpg 768w, https:\/\/hre-official.com\/wp-content\/uploads\/2023\/05\/IMG_20230528_224549_484.jpg 1280w\" sizes=\"auto, (max-width: 1024px) 100vw, 1024px\" \/><\/figure>\r\n","protected":false},"excerpt":{"rendered":"<p>Em r\u00eaheval\u00ea xwe Ces\u00fbr Efr\u00een bi r\u00eazdar\u00ee bib\u00eer t\u00eeninJi gel\u00ea me \u00fb raya gi\u015ft\u00ee reDi \u00e7ar\u00e7oveya Qonaxa Duyem\u00een a Serdem\u00ea de r\u00eaheval\u00ea me Ehmed Mihemed bi nasnav Ces\u00fbr Efr\u00een roja 4\u2019\u00ea \u00celon\u00ea de dema li ser erka xwe b\u00fb \u015feh\u00eed ket.Pi\u015ft\u00ee dagirkirina bajar\u00ea Efr\u00een\u00ea ciwan\u00ean me y\u00ean Efr\u00een\u00ea hem h\u00ears \u00fb k\u00eena xwe ya li &hellip;<\/p>\n","protected":false},"author":1,"featured_media":2381,"comment_status":"open","ping_status":"open","sticky":false,"template":"","format":"standard","meta":{"_jetpack_memberships_contains_paid_content":false,"footnotes":""},"categories":[26],"tags":[],"class_list":["post-2383","post","type-post","status-publish","format-standard","has-post-thumbnail","hentry","category-26"],"jetpack_featured_media_url":"https:\/\/hre-official.com\/wp-content\/uploads\/2023\/05\/IMG_20230528_224550_142.jpg","jetpack_sharing_enabled":true,"_links":{"self":[{"href":"https:\/\/hre-official.com\/index.php?rest_route=\/wp\/v2\/posts\/2383","targetHints":{"allow":["GET"]}}],"collection":[{"href":"https:\/\/hre-official.com\/index.php?rest_route=\/wp\/v2\/posts"}],"about":[{"href":"https:\/\/hre-official.com\/index.php?rest_route=\/wp\/v2\/types\/post"}],"author":[{"embeddable":true,"href":"https:\/\/hre-official.com\/index.php?rest_route=\/wp\/v2\/users\/1"}],"replies":[{"embeddable":true,"href":"https:\/\/hre-official.com\/index.php?rest_route=%2Fwp%2Fv2%2Fcomments&post=2383"}],"version-history":[{"count":0,"href":"https:\/\/hre-official.com\/index.php?rest_route=\/wp\/v2\/posts\/2383\/revisions"}],"wp:featuredmedia":[{"embeddable":true,"href":"https:\/\/hre-official.com\/index.php?rest_route=\/wp\/v2\/media\/2381"}],"wp:attachment":[{"href":"https:\/\/hre-official.com\/index.php?rest_route=%2Fwp%2Fv2%2Fmedia&parent=2383"}],"wp:term":[{"taxonomy":"category","embeddable":true,"href":"https:\/\/hre-official.com\/index.php?rest_route=%2Fwp%2Fv2%2Fcategories&post=2383"},{"taxonomy":"post_tag","embeddable":true,"href":"https:\/\/hre-official.com\/index.php?rest_route=%2Fwp%2Fv2%2Ftags&post=2383"}],"curies":[{"name":"wp","href":"https:\/\/api.w.org\/{rel}","templated":true}]}}