{"id":2373,"date":"2022-08-25T13:33:18","date_gmt":"2022-08-25T13:33:18","guid":{"rendered":"https:\/\/hre-official.com\/?p=2373"},"modified":"2023-05-29T15:17:22","modified_gmt":"2023-05-29T15:17:22","slug":"%d8%a7%d8%b3%d8%aa%d8%b4%d9%87%d8%a7%d8%af-%d8%a7%d8%ad%d8%af-%d8%b1%d9%81%d8%a7%d9%82%d9%86%d8%a7-%d8%a7%d9%84%d8%b4%d9%87%d9%8a%d8%af-%d8%a8%d9%88%d8%aa%d8%a7%d9%86-%d8%a8%d9%8a%d8%b1%d9%8a%d9%85","status":"publish","type":"post","link":"https:\/\/hre-official.com\/?p=2373","title":{"rendered":"\u0627\u0633\u062a\u0634\u0647\u0627\u062f \u0627\u062d\u062f \u0631\u0641\u0627\u0642\u0646\u0627 \u0627\u0644\u0634\u0647\u064a\u062f \u0628\u0648\u062a\u0627\u0646 \u0628\u064a\u0631\u064a\u0645"},"content":{"rendered":"\r\n<p dir=\"ltr\">Em r\u00eaheval\u00ea xwe Botan Bir\u00eem bi r\u00eazdar\u00ee bib\u00eer t\u00eenin<br \/>Ji \u00e7apemen\u00ee \u00fb raya gi\u015ft\u00ee re<br \/>Di \u00e7ar\u00e7oveya Qonaxa Duyem\u00een a Serdem\u00ea de \u015fer \u00fb t\u00eako\u015f\u00eena ji bo axa xwe \u00fb azad\u00eeya gel\u00ea me a li dij\u00ee dagirker\u00eeya dewleta Tirk didom\u00eenin. Di v\u00ea \u00e7ar\u00e7ovey\u00ea de hevr\u00eay\u00ea me Botan Bir\u00eem roja 24\u2019\u00ea Tebax\u00ea dema li ser erka xwe b\u00fb, gih\u00ee\u015ft \u015fehadet\u00ea.<br \/>Hevr\u00ea Botan, li bajar\u00ea Efr\u00een\u00ea ji dayik b\u00fbye \u00fb di malbateke welatpar\u00eaz mezin b\u00fb. Wek her welat\u00eeyek me y\u00ea Efr\u00een\u00ee \u00fb Kurdistan\u00ee hevr\u00ea Botan j\u00ee vegera bajar\u00ea Efr\u00een\u00ea ji xwe ra kir armanc \u00fb tevl\u00ee doza azad\u00eey\u00ea b\u00fb. Di temen\u00ea xwe y\u00ea ciwan de ko\u00e7ber\u00eey\u00ea ra r\u00fbbir\u00fb ma, b\u00ea ax ma l\u00ea \u015feref \u00fb r\u00fbmeta xwe li hember dijmin parast. H\u00eaza xwe ji fikr \u00fb raman\u00ean azad y\u00ean R\u00eaber Apo \u00fb ji berxwedan\u00eeya gel\u00ea xwe girt. Di tevl\u00eeb\u00fbna xwe ya j\u00eeyan\u00ea de dilnizm b\u00fb, di emr\u00ea xwe y\u00ea di nav t\u00eako\u015f\u00een\u00ea de kedek mezin da. Berpirsyart\u00eeya xwe ya li hember gel a bareke giran e ji bo her mirovek\u00ee, b\u00eatered\u00fbd p\u00eakan\u00ee.<br \/>Em li ser soza xwe dime\u015fin \u00fb em di w\u00ea b\u00eer \u00fb bawer\u00eey\u00ea de ne ku w\u00ea ti xeyal\u00ean \u015feh\u00eed \u00fb gel\u00ea me n\u00eev\u00e7o nem\u00eenin. Soza ku me daye \u015feh\u00eedan \u00fb gel\u00ea xwe em\u00ea bi \u00e7alak\u00eey\u00ean xwe heta dagirkerek j\u00ee li ser axa me be t\u00eabiko\u015fin \u00fb teqez dikin ku war\u00ean xwe y\u00ean dagirkir\u00ee rizgar bikin. Li ser v\u00ea esas\u00ea em sersax\u00eey\u00ea ji malbata \u015feh\u00eed Botan \u00fb gel\u00ea xwe ra dixwazin.<br \/>Nasnameya pakrewan\u00ea me wiha ye:<br \/>Nasnav: Botan Bir\u00eem<br \/>Nav \u00fb Pa\u015fnav: Hemza \u00cebrah\u00eem Bir\u00eem<br \/>Nav\u00ea Dayik\u00ea: F\u00eedan<br \/>Nav\u00ea Bav: \u00cebrah\u00eem<br \/>Cih\u00ea ji Dayikb\u00fbn\u00ea: Heleb<br \/>D\u00eeroka \u015eehadet\u00ea: 24\u2019\u00ea Tebaxa 2022\u2019yan<\/p>\r\n\r\n\r\n\r\n<p dir=\"ltr\">H\u00eaz\u00ean Rizgar\u00eeya Efr\u00een\u00ea<br \/>25\u2019\u00ea Tebaxa 2022\u2019yan<\/p>\r\n\r\n\r\n\r\n<figure class=\"wp-block-image size-large\"><img loading=\"lazy\" decoding=\"async\" width=\"1024\" height=\"682\" class=\"wp-image-2372\" src=\"https:\/\/hre-official.com\/wp-content\/uploads\/2023\/05\/IMG_20230528_223603_506-1024x682.jpg\" alt=\"\" srcset=\"https:\/\/hre-official.com\/wp-content\/uploads\/2023\/05\/IMG_20230528_223603_506-1024x682.jpg 1024w, https:\/\/hre-official.com\/wp-content\/uploads\/2023\/05\/IMG_20230528_223603_506-300x200.jpg 300w, https:\/\/hre-official.com\/wp-content\/uploads\/2023\/05\/IMG_20230528_223603_506-768x512.jpg 768w, https:\/\/hre-official.com\/wp-content\/uploads\/2023\/05\/IMG_20230528_223603_506.jpg 1280w\" sizes=\"auto, (max-width: 1024px) 100vw, 1024px\" \/><\/figure>\r\n","protected":false},"excerpt":{"rendered":"<p>Em r\u00eaheval\u00ea xwe Botan Bir\u00eem bi r\u00eazdar\u00ee bib\u00eer t\u00eeninJi \u00e7apemen\u00ee \u00fb raya gi\u015ft\u00ee reDi \u00e7ar\u00e7oveya Qonaxa Duyem\u00een a Serdem\u00ea de \u015fer \u00fb t\u00eako\u015f\u00eena ji bo axa xwe \u00fb azad\u00eeya gel\u00ea me a li dij\u00ee dagirker\u00eeya dewleta Tirk didom\u00eenin. Di v\u00ea \u00e7ar\u00e7ovey\u00ea de hevr\u00eay\u00ea me Botan Bir\u00eem roja 24\u2019\u00ea Tebax\u00ea dema li ser erka xwe b\u00fb, &hellip;<\/p>\n","protected":false},"author":1,"featured_media":2371,"comment_status":"open","ping_status":"open","sticky":false,"template":"","format":"standard","meta":{"_jetpack_memberships_contains_paid_content":false,"footnotes":""},"categories":[26],"tags":[],"class_list":["post-2373","post","type-post","status-publish","format-standard","has-post-thumbnail","hentry","category-26"],"jetpack_featured_media_url":"https:\/\/hre-official.com\/wp-content\/uploads\/2023\/05\/IMG_20230528_223603_412.jpg","jetpack_sharing_enabled":true,"_links":{"self":[{"href":"https:\/\/hre-official.com\/index.php?rest_route=\/wp\/v2\/posts\/2373","targetHints":{"allow":["GET"]}}],"collection":[{"href":"https:\/\/hre-official.com\/index.php?rest_route=\/wp\/v2\/posts"}],"about":[{"href":"https:\/\/hre-official.com\/index.php?rest_route=\/wp\/v2\/types\/post"}],"author":[{"embeddable":true,"href":"https:\/\/hre-official.com\/index.php?rest_route=\/wp\/v2\/users\/1"}],"replies":[{"embeddable":true,"href":"https:\/\/hre-official.com\/index.php?rest_route=%2Fwp%2Fv2%2Fcomments&post=2373"}],"version-history":[{"count":0,"href":"https:\/\/hre-official.com\/index.php?rest_route=\/wp\/v2\/posts\/2373\/revisions"}],"wp:featuredmedia":[{"embeddable":true,"href":"https:\/\/hre-official.com\/index.php?rest_route=\/wp\/v2\/media\/2371"}],"wp:attachment":[{"href":"https:\/\/hre-official.com\/index.php?rest_route=%2Fwp%2Fv2%2Fmedia&parent=2373"}],"wp:term":[{"taxonomy":"category","embeddable":true,"href":"https:\/\/hre-official.com\/index.php?rest_route=%2Fwp%2Fv2%2Fcategories&post=2373"},{"taxonomy":"post_tag","embeddable":true,"href":"https:\/\/hre-official.com\/index.php?rest_route=%2Fwp%2Fv2%2Ftags&post=2373"}],"curies":[{"name":"wp","href":"https:\/\/api.w.org\/{rel}","templated":true}]}}