{"id":2363,"date":"2022-08-13T16:22:46","date_gmt":"2022-08-13T16:22:46","guid":{"rendered":"https:\/\/hre-official.com\/?p=2363"},"modified":"2023-05-29T15:17:29","modified_gmt":"2023-05-29T15:17:29","slug":"%d8%a7%d8%b3%d8%aa%d8%b4%d9%87%d8%a7%d8%af-%d8%a7%d8%ad%d8%af-%d8%b1%d9%81%d8%a7%d9%82%d9%86%d8%a7-%d8%a7%d9%84%d8%b4%d9%87%d9%8a%d8%af-%d8%b9%d8%b2%d8%aa-%d8%b4%d8%b1%d8%a7","status":"publish","type":"post","link":"https:\/\/hre-official.com\/?p=2363","title":{"rendered":"\u0627\u0633\u062a\u0634\u0647\u0627\u062f \u0627\u062d\u062f \u0631\u0641\u0627\u0642\u0646\u0627 \u0627\u0644\u0634\u0647\u064a\u062f \u0639\u0632\u062a \u0634\u0631\u0627"},"content":{"rendered":"\r\n<p dir=\"ltr\">Em hevr\u00eay\u00ea xwe Izet \u015eera bi r\u00eazdar\u00ee bib\u00eer t\u00eenin<br \/>Ji \u00e7apemen\u00ee \u00fb raya gi\u015ft\u00ee re<br \/>Hevr\u00eay\u00ea me Izet \u015eera roja 12\u00ea Tebax\u00ea dema li ser erka xwe b\u00fb, di encama qr\u00eeza dil de gih\u00ee\u015ft \u015fehadet\u00ea.<br \/>Gel\u00ea me y\u00ea Efr\u00een\u00ea di tar\u00eexa \u015fore\u015fa me da cihek\u00ee xwe y\u00ea taybet heye \u00fb di teko\u015f\u00eena me ya azad\u00eey\u00ea de gelek ke\u00e7 \u00fb xort\u00ean xwe tevl\u00ee me\u015fa azad\u00eey\u00ea kirine. Gel\u00ea me y\u00ea Efr\u00een\u00ea ti dema li dij\u00ee zilm \u00fb zordar\u00eey\u00ea ser\u00ee netewand\u00eeye, tev\u00ee qirkirin \u00fb komkuj\u00eey\u00ean ku li ser wan hat me\u015fandin j\u00ee b\u00eadeng neman, helwesteke \u015fore\u015fger\u00ee ni\u015fan dan. Hevr\u00eay\u00ea me Izet j\u00ee ji nav\u00e7eya \u015eera a bajar\u00ea Efr\u00een\u00ea ye ku bi v\u00ea \u00e7anda berxwed\u00ear mezin b\u00fbye. Di tevl\u00eeb\u00fbna hevr\u00ea Izet de \u00e7anda berxwed\u00ear a gel\u00ea me bandoreke mezin \u00e7\u00eakir \u00fb tevl\u00ee me\u015fa azad\u00eeya me b\u00fb. Bi nas\u00eena fikra azad\u00eey\u00ea re h\u00een z\u00eadetir xwe nas kir \u00fb di v\u00ea \u00e7ar\u00e7ovey\u00ea de xwe p\u00ea\u015fxist. Hevr\u00eay\u00ea me Izet di tevl\u00eeb\u00fbna xwe ya j\u00eeyan\u00ea de xwed\u00ee bi ked b\u00fb. Kesayetek dilpak \u00fb mutewaz\u00ee b\u00fb. Berpirsyart\u00eeya xwe ya parastina gel\u00ea xwe \u00fb axa xwe da j\u00eeyan\u00ea da taw\u00eez neda \u00fb heta k\u00eal\u00eeya daw\u00ee a j\u00eeyana xwe j\u00ee erka xwe p\u00eak an\u00ee.<br \/>Ser\u00ee de ciwan\u00ean me y\u00ean Efr\u00een\u00ea \u00fb hem\u00fb ciwan\u00ean me y\u00ean Rojavay\u00ee p\u00eaw\u00eeste xwed\u00ee keda hevr\u00ea Izet derkevin \u00fb \u00e7eka w\u00ee erde neh\u00eal\u00eenin. Em j\u00ee wek hevr\u00eay\u00ean \u015feh\u00eed Izet ji bo armanc\u00ean w\u00ee y\u00ean mezin p\u00eak b\u00eenin soza xwe n\u00fb dikin \u00fb sersax\u00eey\u00ea ji malbata \u015feh\u00eed Izet \u00fb gel\u00ea xwe ra dixwazin.<br \/>Nasnameya hevr\u00eay\u00ea me y\u00ea \u015feh\u00eed wiha ye;<br \/>Nasnav: Izet \u015eera<br \/>Nav \u00fb Pa\u015fnav: Fer\u00eed M\u00fbsil\u00ee<br \/>Nav\u00ea Dayik\u00ea: Remziye<br \/>Nav\u00ea Bav: Ehmed<br \/>Cih \u00fb D\u00eeroka \u015eehadet\u00ea: Her\u00eama Efr\u00een\u00ea \/ 12\u2019\u00ea Tebaxa 2022\u2019yan<br \/>H\u00eaz\u00ean Rizgar\u00eeya Efr\u00een\u00ea<br \/>13\u2019\u00ea Tebaxa 2022\u2019yan<\/p>\r\n","protected":false},"excerpt":{"rendered":"<p>Em hevr\u00eay\u00ea xwe Izet \u015eera bi r\u00eazdar\u00ee bib\u00eer t\u00eeninJi \u00e7apemen\u00ee \u00fb raya gi\u015ft\u00ee reHevr\u00eay\u00ea me Izet \u015eera roja 12\u00ea Tebax\u00ea dema li ser erka xwe b\u00fb, di encama qr\u00eeza dil de gih\u00ee\u015ft \u015fehadet\u00ea.Gel\u00ea me y\u00ea Efr\u00een\u00ea di tar\u00eexa \u015fore\u015fa me da cihek\u00ee xwe y\u00ea taybet heye \u00fb di teko\u015f\u00eena me ya azad\u00eey\u00ea de gelek ke\u00e7 &hellip;<\/p>\n","protected":false},"author":1,"featured_media":2362,"comment_status":"open","ping_status":"open","sticky":false,"template":"","format":"standard","meta":{"_jetpack_memberships_contains_paid_content":false,"footnotes":""},"categories":[26],"tags":[],"class_list":["post-2363","post","type-post","status-publish","format-standard","has-post-thumbnail","hentry","category-26"],"jetpack_featured_media_url":"https:\/\/hre-official.com\/wp-content\/uploads\/2023\/05\/IMG_20230528_222214_205.jpg","jetpack_sharing_enabled":true,"_links":{"self":[{"href":"https:\/\/hre-official.com\/index.php?rest_route=\/wp\/v2\/posts\/2363","targetHints":{"allow":["GET"]}}],"collection":[{"href":"https:\/\/hre-official.com\/index.php?rest_route=\/wp\/v2\/posts"}],"about":[{"href":"https:\/\/hre-official.com\/index.php?rest_route=\/wp\/v2\/types\/post"}],"author":[{"embeddable":true,"href":"https:\/\/hre-official.com\/index.php?rest_route=\/wp\/v2\/users\/1"}],"replies":[{"embeddable":true,"href":"https:\/\/hre-official.com\/index.php?rest_route=%2Fwp%2Fv2%2Fcomments&post=2363"}],"version-history":[{"count":0,"href":"https:\/\/hre-official.com\/index.php?rest_route=\/wp\/v2\/posts\/2363\/revisions"}],"wp:featuredmedia":[{"embeddable":true,"href":"https:\/\/hre-official.com\/index.php?rest_route=\/wp\/v2\/media\/2362"}],"wp:attachment":[{"href":"https:\/\/hre-official.com\/index.php?rest_route=%2Fwp%2Fv2%2Fmedia&parent=2363"}],"wp:term":[{"taxonomy":"category","embeddable":true,"href":"https:\/\/hre-official.com\/index.php?rest_route=%2Fwp%2Fv2%2Fcategories&post=2363"},{"taxonomy":"post_tag","embeddable":true,"href":"https:\/\/hre-official.com\/index.php?rest_route=%2Fwp%2Fv2%2Ftags&post=2363"}],"curies":[{"name":"wp","href":"https:\/\/api.w.org\/{rel}","templated":true}]}}