{"id":2354,"date":"2022-07-02T14:30:13","date_gmt":"2022-07-02T14:30:13","guid":{"rendered":"https:\/\/hre-official.com\/?p=2354"},"modified":"2023-05-29T15:39:55","modified_gmt":"2023-05-29T15:39:55","slug":"%d9%86%d8%ad%d9%86-%d9%83%d9%82%d9%88%d8%a7%d8%aa-%d8%aa%d8%ad%d8%b1%d9%8a%d8%b1-%d8%b9%d9%81%d8%b1%d9%8a%d9%86-%d9%83%d9%85%d8%af%d8%a7%d9%81%d8%b9%d9%8a%d9%86-%d8%b9%d9%86-%d8%b4%d8%b9%d8%a8%d9%86","status":"publish","type":"post","link":"https:\/\/hre-official.com\/?p=2354","title":{"rendered":"\u0646\u062d\u0646 \u0643\u0642\u0648\u0627\u062a \u062a\u062d\u0631\u064a\u0631 \u0639\u0641\u0631\u064a\u0646 \u0643\u0645\u062f\u0627\u0641\u0639\u064a\u0646 \u0639\u0646 \u0634\u0639\u0628\u0646\u0627 \u0646\u0628\u062f\u062f \u062c\u0647\u0648\u062f \u0627\u0644\u0639\u0635\u0627\u0628\u0627\u062a \u0627\u0644\u063a\u0627\u0632\u064a\u0629 \u0627\u0644\u0648\u0627\u062d\u062f\u0629 \u062a\u0644\u0648 \u0627\u0644\u0623\u062e\u0631\u0649 \u0648\u0646\u0648\u062c\u0647 \u0636\u0631\u0628\u0627\u062a \u0642\u0627\u0633\u064a\u0629 \u0644\u0644\u063a\u0632\u0627\u0629."},"content":{"rendered":"\r\n<p dir=\"ltr\">Ji \u00e7apemen\u00ee \u00fb raya gi\u015ft\u00ee re<br \/>Art\u00ea\u015fa Tirk a dagirker \u00fb \u00e7etey\u00ean gir\u00eaday\u00ee w\u00ea, her roj li her\u00eam\u00ea \u00ear\u00ee\u015f\u00ean dijwar li dar dixin. Gel\u00ea me y\u00ea ku pi\u015ft\u00ee dagirkirina bajar\u00ea Efr\u00een\u00ea ne\u00e7ar man ku ko\u00e7ber bibin, di v\u00ea ko\u00e7beriy\u00ea de j\u00ee dibin hedef\u00ea \u00ear\u00ee\u015f\u00ean art\u00ea\u015fa dagirker. Bi gef\u00ean dewleta Tirk a fa\u015f\u00eest ku bi taybet\u00ee di dem\u00ean daw\u00ee de li hember her\u00eam\u00ea \u00fb gel\u00ea her\u00eam\u00ea t\u00ea kirin, \u00ear\u00ee\u015f\u00ean \u00e7etey\u00ean art\u00ea\u015fa Tirk j\u00ee z\u00eadetir b\u00fbne. Em wek\u00ee H\u00eaz\u00ean Rizgariya Efr\u00een\u00ea, wek\u00ee par\u00eazvan\u00ean gel\u00ea xwe, ev hewldan\u00ean \u00e7etey\u00ean dagirker yek bi yek b\u00ea bandor dikin \u00fb derb\u00ean giran li dagirkeran dixin. Di v\u00ea \u00e7ar\u00e7ovey\u00ea de di roj\u00ean 26 \u00fb 28\u2019\u00ea P\u00fb\u015fper\u00ea de, li her\u00eam\u00ean Bab \u00fb Ezaz\u00ea derb\u00ean giran li \u00e7etey\u00ean dagirker hate xistin.<br \/>Di roja 26\u2019\u00ea P\u00fb\u015fper\u00ea de, li her\u00eama Bab\u00ea, konvoyek \u00e7etey\u00ean gir\u00eaday\u00ee koma Ehrar El \u015eam ku ji bo teqwiya \u00ear\u00ee\u015fek\u00ea di nava liv \u00fb tevger\u00ea de b\u00fb, hate hedef girtin. Di encam\u00ea de 2 ma\u015f\u00eeney\u00ean \u00e7eteyan hatin r\u00fbxandin. 2 \u00e7ete hatin ku\u015ftin, 3 \u00e7ete j\u00ee bir\u00eendar b\u00fbn.<br \/>Di 28\u2019\u00ea P\u00fb\u015fper\u00ea de, li her\u00eama Ezaz\u00ea dema ku gr\u00fbbek \u00e7ete amadekariya \u00ear\u00ee\u015f\u00ea dikirin, ji aliy\u00ea yek\u00eeneya me ve hate ferq kirin \u00fb di encam\u00ea de \u00e7eteyek hate ku\u015ftin.<br \/>H\u00eaz\u00ean Rizgariya Efr\u00een\u00ea<br \/>02 T\u00eermeh 2022<\/p>\r\n\r\n\r\n\r\n<p>\u0634\u0627\u0647\u062f \u0627\u0644\u0641\u064a\u062f\u064a\u0648 \u0639\u0628\u0631 \u0627\u0644\u0631\u0627\u0628\u0637 \u0627\u0644\u062a\u0627\u0644\u064a :<\/p>\r\n\r\n\r\n\r\n<p dir=\"ltr\"><a href=\"https:\/\/t.me\/HRE_official_kurdish\/719\">t.me\/HRE_official_kurdish\/719<\/a><\/p>\r\n","protected":false},"excerpt":{"rendered":"<p>Ji \u00e7apemen\u00ee \u00fb raya gi\u015ft\u00ee reArt\u00ea\u015fa Tirk a dagirker \u00fb \u00e7etey\u00ean gir\u00eaday\u00ee w\u00ea, her roj li her\u00eam\u00ea \u00ear\u00ee\u015f\u00ean dijwar li dar dixin. Gel\u00ea me y\u00ea ku pi\u015ft\u00ee dagirkirina bajar\u00ea Efr\u00een\u00ea ne\u00e7ar man ku ko\u00e7ber bibin, di v\u00ea ko\u00e7beriy\u00ea de j\u00ee dibin hedef\u00ea \u00ear\u00ee\u015f\u00ean art\u00ea\u015fa dagirker. Bi gef\u00ean dewleta Tirk a fa\u015f\u00eest ku bi taybet\u00ee di &hellip;<\/p>\n","protected":false},"author":1,"featured_media":2353,"comment_status":"open","ping_status":"open","sticky":false,"template":"","format":"standard","meta":{"_jetpack_memberships_contains_paid_content":false,"footnotes":""},"categories":[24,25],"tags":[],"class_list":["post-2354","post","type-post","status-publish","format-standard","has-post-thumbnail","hentry","category-24","category-25"],"jetpack_featured_media_url":"https:\/\/hre-official.com\/wp-content\/uploads\/2023\/05\/Screenshot_2023-05-28-22-02-01-470-edit_org.telegram.messenger.jpg","jetpack_sharing_enabled":true,"_links":{"self":[{"href":"https:\/\/hre-official.com\/index.php?rest_route=\/wp\/v2\/posts\/2354","targetHints":{"allow":["GET"]}}],"collection":[{"href":"https:\/\/hre-official.com\/index.php?rest_route=\/wp\/v2\/posts"}],"about":[{"href":"https:\/\/hre-official.com\/index.php?rest_route=\/wp\/v2\/types\/post"}],"author":[{"embeddable":true,"href":"https:\/\/hre-official.com\/index.php?rest_route=\/wp\/v2\/users\/1"}],"replies":[{"embeddable":true,"href":"https:\/\/hre-official.com\/index.php?rest_route=%2Fwp%2Fv2%2Fcomments&post=2354"}],"version-history":[{"count":0,"href":"https:\/\/hre-official.com\/index.php?rest_route=\/wp\/v2\/posts\/2354\/revisions"}],"wp:featuredmedia":[{"embeddable":true,"href":"https:\/\/hre-official.com\/index.php?rest_route=\/wp\/v2\/media\/2353"}],"wp:attachment":[{"href":"https:\/\/hre-official.com\/index.php?rest_route=%2Fwp%2Fv2%2Fmedia&parent=2354"}],"wp:term":[{"taxonomy":"category","embeddable":true,"href":"https:\/\/hre-official.com\/index.php?rest_route=%2Fwp%2Fv2%2Fcategories&post=2354"},{"taxonomy":"post_tag","embeddable":true,"href":"https:\/\/hre-official.com\/index.php?rest_route=%2Fwp%2Fv2%2Ftags&post=2354"}],"curies":[{"name":"wp","href":"https:\/\/api.w.org\/{rel}","templated":true}]}}