{"id":2351,"date":"2022-06-29T14:35:07","date_gmt":"2022-06-29T14:35:07","guid":{"rendered":"https:\/\/hre-official.com\/?p=2351"},"modified":"2023-05-29T15:40:44","modified_gmt":"2023-05-29T15:40:44","slug":"%d8%a3%d8%ad%d8%a8%d8%b7%d8%aa-%d9%82%d9%88%d8%a7%d8%aa%d9%86%d8%a7-%d9%87%d8%ac%d9%88%d9%85%d9%8a%d9%86-%d9%84%d9%84%d8%ac%d9%8a%d8%b4-%d8%a7%d9%84%d8%aa%d8%b1%d9%83%d9%8a","status":"publish","type":"post","link":"https:\/\/hre-official.com\/?p=2351","title":{"rendered":"\u0623\u062d\u0628\u0637\u062a \u0642\u0648\u0627\u062a\u0646\u0627 \u0647\u062c\u0648\u0645\u064a\u0646 \u0644\u0644\u062c\u064a\u0634 \u0627\u0644\u062a\u0631\u0643\u064a."},"content":{"rendered":"\r\n<p dir=\"ltr\">Ji \u00e7apemen\u00ee \u00fb raya gi\u015ft\u00ee re<br \/>Art\u00ea\u015fa Tirk a dagirker her roj \u00eari\u015f\u00ean xwe y\u00ean li ser her\u00eam\u00ea z\u00eadetir dike \u00fb di wan \u00eari\u015fan de bi taybet\u00ee n\u00ee\u015ftec\u00eeh\u00ean herem\u00ea t\u00ean hedefgirtin. Di roj\u00ean 21 \u00fb 25\u00ea P\u00fb\u015fper\u00ea de, ji aliy\u00ea h\u00eaz\u00ean me ve p\u00ea\u015fiya du \u00eari\u015f\u00ean art\u00ea\u015fa Tirk hatin girtin. <br \/>Di roja 21\u00ea P\u00fb\u015fper\u00ea de, li her\u00eama Mar\u00ea, dema yek\u00eeneyek art\u00ea\u015fa Tirk a dagirker hewldida sizme bike, h\u00eaz\u00ean me wana ferq kirin \u00fb p\u00eav\u00e7\u00fbn qewim\u00ee. Di encama v\u00ea p\u00eav\u00e7\u00fbn\u00ea de 5 le\u015fker\u00ean art\u00ea\u015fa Tirk a dagirker hatin ku\u015ftin, 5 le\u015fker j\u00ee bir\u00eendar b\u00fbn. <br \/>Di roja 25\u00ea P\u00fb\u015fper\u00ea de, li her\u00eama \u015e\u00earawa, di encama \u00eari\u015fa dijmin de di navbera yekineyek me \u00fb yek\u00eeneyek dijmin de p\u00eav\u00e7\u00fbn derket. Di v\u00ea p\u00eav\u00e7\u00fbn\u00ea de 3 le\u015fker hatin ku\u015ftin. Herwiha bir\u00eendar\u00ean dijmin j\u00ee hene l\u00ea hejmara bir\u00eendaran nehat zelal kirin. <br \/>Bi gi\u015ft\u00ee di encama van herdu pev\u00e7\u00fbnan de; 8 le\u015fker\u00ean art\u00ea\u015fa Tirk a dagirker hatin ku\u015ftin, her\u00ee k\u00eam 5 le\u015fker j\u00ee bir\u00eendar b\u00fbn.<br \/>H\u00eaz\u00ean Rizgariya Efr\u00een\u00ea<br \/>29 P\u00fb\u015fper 2022<\/p>\r\n","protected":false},"excerpt":{"rendered":"<p>Ji \u00e7apemen\u00ee \u00fb raya gi\u015ft\u00ee reArt\u00ea\u015fa Tirk a dagirker her roj \u00eari\u015f\u00ean xwe y\u00ean li ser her\u00eam\u00ea z\u00eadetir dike \u00fb di wan \u00eari\u015fan de bi taybet\u00ee n\u00ee\u015ftec\u00eeh\u00ean herem\u00ea t\u00ean hedefgirtin. Di roj\u00ean 21 \u00fb 25\u00ea P\u00fb\u015fper\u00ea de, ji aliy\u00ea h\u00eaz\u00ean me ve p\u00ea\u015fiya du \u00eari\u015f\u00ean art\u00ea\u015fa Tirk hatin girtin. Di roja 21\u00ea P\u00fb\u015fper\u00ea de, li &hellip;<\/p>\n","protected":false},"author":1,"featured_media":2350,"comment_status":"open","ping_status":"open","sticky":false,"template":"","format":"standard","meta":{"_jetpack_memberships_contains_paid_content":false,"footnotes":""},"categories":[24],"tags":[],"class_list":["post-2351","post","type-post","status-publish","format-standard","has-post-thumbnail","hentry","category-24"],"jetpack_featured_media_url":"https:\/\/hre-official.com\/wp-content\/uploads\/2023\/05\/IMG_20230528_211223_205.jpg","jetpack_sharing_enabled":true,"_links":{"self":[{"href":"https:\/\/hre-official.com\/index.php?rest_route=\/wp\/v2\/posts\/2351","targetHints":{"allow":["GET"]}}],"collection":[{"href":"https:\/\/hre-official.com\/index.php?rest_route=\/wp\/v2\/posts"}],"about":[{"href":"https:\/\/hre-official.com\/index.php?rest_route=\/wp\/v2\/types\/post"}],"author":[{"embeddable":true,"href":"https:\/\/hre-official.com\/index.php?rest_route=\/wp\/v2\/users\/1"}],"replies":[{"embeddable":true,"href":"https:\/\/hre-official.com\/index.php?rest_route=%2Fwp%2Fv2%2Fcomments&post=2351"}],"version-history":[{"count":0,"href":"https:\/\/hre-official.com\/index.php?rest_route=\/wp\/v2\/posts\/2351\/revisions"}],"wp:featuredmedia":[{"embeddable":true,"href":"https:\/\/hre-official.com\/index.php?rest_route=\/wp\/v2\/media\/2350"}],"wp:attachment":[{"href":"https:\/\/hre-official.com\/index.php?rest_route=%2Fwp%2Fv2%2Fmedia&parent=2351"}],"wp:term":[{"taxonomy":"category","embeddable":true,"href":"https:\/\/hre-official.com\/index.php?rest_route=%2Fwp%2Fv2%2Fcategories&post=2351"},{"taxonomy":"post_tag","embeddable":true,"href":"https:\/\/hre-official.com\/index.php?rest_route=%2Fwp%2Fv2%2Ftags&post=2351"}],"curies":[{"name":"wp","href":"https:\/\/api.w.org\/{rel}","templated":true}]}}