{"id":2348,"date":"2022-06-27T13:35:00","date_gmt":"2022-06-27T13:35:00","guid":{"rendered":"https:\/\/hre-official.com\/?p=2348"},"modified":"2023-05-29T15:17:33","modified_gmt":"2023-05-29T15:17:33","slug":"%d8%a7%d8%b3%d8%aa%d8%b4%d9%87%d8%a7%d8%af-%d8%a7%d8%ad%d8%af-%d8%b1%d9%81%d8%a7%d9%82%d9%86%d8%a7-%d8%a7%d9%84%d8%b4%d9%87%d9%8a%d8%af-%d8%a8%d8%b1%d8%ae%d8%af%d8%a7%d9%86-%d8%b9%d9%81%d8%b1%d9%8a","status":"publish","type":"post","link":"https:\/\/hre-official.com\/?p=2348","title":{"rendered":"\u0627\u0633\u062a\u0634\u0647\u0627\u062f \u0627\u062d\u062f \u0631\u0641\u0627\u0642\u0646\u0627 \u0627\u0644\u0634\u0647\u064a\u062f \u0628\u0631\u062e\u062f\u0627\u0646 \u0639\u0641\u0631\u064a\u0646"},"content":{"rendered":"\r\n<p dir=\"ltr\">Em hevr\u00eay\u00ea xwe Berxwedan Efr\u00een bi r\u00eazdar\u00ee bib\u00eer t\u00eenin<br \/>Ji \u00e7apemen\u00ee \u00fb raya gi\u015ft\u00ee re<br \/>Hevr\u00eay\u00ea me Berxwedan Efr\u00een roja 26\u00ea P\u00fb\u015fper\u00ea dema li ser erka xwe b\u00fb, di encama qr\u00eeza dil de gih\u00ee\u015ft \u015fehadet\u00ea.<br \/>Hevr\u00eay\u00ea me Berxwedan li bajar\u00ea Efr\u00een\u00ea ji dayik b\u00fbye \u00fb li nava malbateke welatpar\u00eaz de mezin b\u00fb. Dagirkirina Efr\u00een\u00ea ji bo her Kurdek\u00ee \u00ea\u015feke mezin e l\u00ea ji bo \u00ea ku ji Efr\u00een\u00ea be h\u00een b\u00eahtir \u00ea\u015feke mezin e. Ji ber ku mirov cih\u00ea ku l\u00ea \u00e7\u00eabibe \u00fb mezin bibe, hem\u00fb b\u00eeran\u00een\u00ean w\u00ea ew der e \u00fb dema ku ew der hat windakirin ji bo stendina w\u00ee der\u00ea \u00e7i p\u00eaw\u00eest be t\u00ea kirin. Hevr\u00eay\u00ea me Berxwedan j\u00ee ji bo rizgarkirina bajar\u00ea xwe pi\u015ft\u00ee dagirkirina Efr\u00een\u00ea tevl\u00ee nav ref\u00ean h\u00eaz\u00ean me b\u00fb. Her \u00e7i qas temen\u00ea w\u00ea li gor hevr\u00eay\u00ean w\u00ea mezin e j\u00ee tevl\u00eeb\u00fbna w\u00ee ya li nav xebat\u00ea neb\u00fb asteng \u00fb hertim bi co\u015f \u00fb kelecanek mezin tevl\u00ee j\u00eeyan\u00ea b\u00fb. Hevalek\u00ee fedakar \u00fb kedkar b\u00fb. Armanca w\u00ee ya yekem rizgarkirina Efr\u00een\u00ea \u00fb bajar\u00ean din y\u00ean dagirkir\u00ee b\u00fb. <br \/>Dil\u00ea w\u00ee y\u00ea ji bo azad\u00eeya Efr\u00een\u00ea l\u00eadida her \u00e7i qas bi f\u00eez\u00eek\u00ee sekin\u00eebe j\u00ee em wek hevr\u00eay\u00ean w\u00ea ji bo armanca w\u00ee ya mezin p\u00eak b\u00eenin soza xwe n\u00fb dikin \u00fb sersax\u00eey\u00ea ji malbata \u015feh\u00eed Berxwedan \u00fb gele xwe ra dixwazin.<br \/>Nasnameya hevr\u00eay\u00ea me y\u00ea \u015feh\u00eed wiha ye;<br \/>Nasnav: Berxwedan Efr\u00een<br \/>Nav \u00fb Pa\u015fnav: El\u00ee Cabo<br \/>Nav\u00ea Dayik\u00ea: Islim<br \/>Nav\u00ea Bav: El\u00ee<br \/>Cih\u00ea Ji Dayikb\u00fbn\u00ea: Efr\u00een<br \/>Cih \u00fb D\u00eeroka \u015eehadet\u00ea: 26\u00ea P\u00fb\u015fper\u00ea 2022\u2019an<br \/>H\u00eaz\u00ean Rizgariya Efr\u00een\u00ea<br \/>27 p\u00fb\u015fper 2022<\/p>\r\n\r\n\r\n\r\n<figure class=\"wp-block-image size-large\"><img loading=\"lazy\" decoding=\"async\" width=\"1024\" height=\"682\" class=\"wp-image-2346\" src=\"https:\/\/hre-official.com\/wp-content\/uploads\/2023\/05\/IMG_20230528_215953_664-1024x682.jpg\" alt=\"\" srcset=\"https:\/\/hre-official.com\/wp-content\/uploads\/2023\/05\/IMG_20230528_215953_664-1024x682.jpg 1024w, https:\/\/hre-official.com\/wp-content\/uploads\/2023\/05\/IMG_20230528_215953_664-300x200.jpg 300w, https:\/\/hre-official.com\/wp-content\/uploads\/2023\/05\/IMG_20230528_215953_664-768x512.jpg 768w, https:\/\/hre-official.com\/wp-content\/uploads\/2023\/05\/IMG_20230528_215953_664.jpg 1280w\" sizes=\"auto, (max-width: 1024px) 100vw, 1024px\" \/><\/figure>\r\n","protected":false},"excerpt":{"rendered":"<p>Em hevr\u00eay\u00ea xwe Berxwedan Efr\u00een bi r\u00eazdar\u00ee bib\u00eer t\u00eeninJi \u00e7apemen\u00ee \u00fb raya gi\u015ft\u00ee reHevr\u00eay\u00ea me Berxwedan Efr\u00een roja 26\u00ea P\u00fb\u015fper\u00ea dema li ser erka xwe b\u00fb, di encama qr\u00eeza dil de gih\u00ee\u015ft \u015fehadet\u00ea.Hevr\u00eay\u00ea me Berxwedan li bajar\u00ea Efr\u00een\u00ea ji dayik b\u00fbye \u00fb li nava malbateke welatpar\u00eaz de mezin b\u00fb. Dagirkirina Efr\u00een\u00ea ji bo her Kurdek\u00ee &hellip;<\/p>\n","protected":false},"author":1,"featured_media":2347,"comment_status":"open","ping_status":"open","sticky":false,"template":"","format":"standard","meta":{"_jetpack_memberships_contains_paid_content":false,"footnotes":""},"categories":[26],"tags":[],"class_list":["post-2348","post","type-post","status-publish","format-standard","has-post-thumbnail","hentry","category-26"],"jetpack_featured_media_url":"https:\/\/hre-official.com\/wp-content\/uploads\/2023\/05\/IMG_20230528_215953_813.jpg","jetpack_sharing_enabled":true,"_links":{"self":[{"href":"https:\/\/hre-official.com\/index.php?rest_route=\/wp\/v2\/posts\/2348","targetHints":{"allow":["GET"]}}],"collection":[{"href":"https:\/\/hre-official.com\/index.php?rest_route=\/wp\/v2\/posts"}],"about":[{"href":"https:\/\/hre-official.com\/index.php?rest_route=\/wp\/v2\/types\/post"}],"author":[{"embeddable":true,"href":"https:\/\/hre-official.com\/index.php?rest_route=\/wp\/v2\/users\/1"}],"replies":[{"embeddable":true,"href":"https:\/\/hre-official.com\/index.php?rest_route=%2Fwp%2Fv2%2Fcomments&post=2348"}],"version-history":[{"count":0,"href":"https:\/\/hre-official.com\/index.php?rest_route=\/wp\/v2\/posts\/2348\/revisions"}],"wp:featuredmedia":[{"embeddable":true,"href":"https:\/\/hre-official.com\/index.php?rest_route=\/wp\/v2\/media\/2347"}],"wp:attachment":[{"href":"https:\/\/hre-official.com\/index.php?rest_route=%2Fwp%2Fv2%2Fmedia&parent=2348"}],"wp:term":[{"taxonomy":"category","embeddable":true,"href":"https:\/\/hre-official.com\/index.php?rest_route=%2Fwp%2Fv2%2Fcategories&post=2348"},{"taxonomy":"post_tag","embeddable":true,"href":"https:\/\/hre-official.com\/index.php?rest_route=%2Fwp%2Fv2%2Ftags&post=2348"}],"curies":[{"name":"wp","href":"https:\/\/api.w.org\/{rel}","templated":true}]}}