{"id":2332,"date":"2022-05-13T14:40:27","date_gmt":"2022-05-13T14:40:27","guid":{"rendered":"https:\/\/hre-official.com\/?p=2332"},"modified":"2023-05-29T15:41:59","modified_gmt":"2023-05-29T15:41:59","slug":"%d9%86%d9%81%d8%b0%d8%aa-%d9%82%d9%88%d8%a7%d8%aa%d9%86%d8%a7-%d8%ba%d8%a7%d8%b1%d8%a9-%d8%b9%d9%84%d9%89-%d9%85%d8%b1%d8%aa%d8%b2%d9%82%d8%a9-%d8%a7%d9%84%d8%a7%d8%ad%d8%aa%d9%84%d8%a7%d9%84-%d8%a7","status":"publish","type":"post","link":"https:\/\/hre-official.com\/?p=2332","title":{"rendered":"\u0646\u0641\u0630\u062a \u0642\u0648\u0627\u062a\u0646\u0627 \u063a\u0627\u0631\u0629 \u0639\u0644\u0649 \u0645\u0631\u062a\u0632\u0642\u0629 \u0627\u0644\u0627\u062d\u062a\u0644\u0627\u0644 \u0627\u0644\u062a\u0631\u0643\u064a \u0641\u064a \u0642\u0631\u064a\u0629 \u0645\u0631\u064a\u0645\u064a\u0646 \u0627\u0644\u062a\u0627\u0628\u0639\u0629 \u0644\u0646\u0627\u062d\u064a\u0629 \u0634\u0631\u0627."},"content":{"rendered":"\r\n<p dir=\"ltr\">Ji \u00e7apemen\u00ee \u00fb raya gi\u015ft\u00ee re<br \/>Art\u00ea\u015fa Tirk a dagirker \u00fb \u00e7etey\u00ean w\u00ea \u00eari\u015f\u00ean xwe y\u00ean li hember herem\u00ea bi awayek dijwartir didom\u00eenin. Di wan \u00eari\u015fan de gelek gund \u00fb n\u00ee\u015ftecih\u00ean wan gundan t\u00ean hedefgirtin. \u00c7alakiy\u00ean me y\u00ean bersivdayin\u00ea li hember wan \u00eari\u015fan berdewam dikin. Di v\u00ea \u00e7ar\u00e7ovey\u00ea de li roj\u00ean 9 \u00fb 10\u00ea Gulan\u00ea, ji aliy\u00ea h\u00eaz\u00ean me ve li hember \u00e7etey\u00ean dagirker \u00e7alakiy\u00ean bibandor ya bersivday\u00een\u00ea hatin lidar xistin. <br \/>Li roja 9\u00ea Gulan\u00ea, li gund\u00ea Meryem\u00een\u00ea ya gir\u00eaday\u00ee nav\u00e7eya \u015eera, li hember \u00e7etey\u00ean dagirker \u00e7alakiyek serdagirtin\u00ea hat lidar xistin. Di encama v\u00ea \u00e7alakiy\u00ea de 2 \u00e7ete hatin ku\u015ftin, 1 \u00e7ete j\u00ee br\u00eendar b\u00fb. Herwiha \u00e7ekek bi cureya AK-47 hat desteserkirin. <br \/>Li roja 10\u00ea Gulan\u00ea, li bajaroka Mar\u00ea di encama \u00e7alakiyek sekvan\u00ee de 1 \u00e7ete hat ku\u015ftin. <br \/>Di wan \u00e7alakiy\u00ean 2 rojan de bi gi\u015ft\u00ee 3 \u00e7etey\u00ean dagirker hatin ku\u015ftin, 1 j\u00ee hat br\u00eendar kirin.<br \/>H\u00eaz\u00ean Rizgariya Efr\u00een\u00ea<br \/>13 Gulan 2022<\/p>\r\n\r\n\r\n\r\n<p>\u0634\u0627\u0647\u062f \u0627\u0644\u0641\u064a\u062f\u064a\u0648 \u0639\u0628\u0631 \u0627\u0644\u0631\u0627\u0628\u0637 \u0627\u0644\u062a\u0627\u0644\u064a :<\/p>\r\n\r\n\r\n\r\n<p dir=\"ltr\"><a href=\"https:\/\/t.me\/HRE_official_kurdish\/708\">t.me\/HRE_official_kurdish\/708<\/a><\/p>\r\n","protected":false},"excerpt":{"rendered":"<p>Ji \u00e7apemen\u00ee \u00fb raya gi\u015ft\u00ee reArt\u00ea\u015fa Tirk a dagirker \u00fb \u00e7etey\u00ean w\u00ea \u00eari\u015f\u00ean xwe y\u00ean li hember herem\u00ea bi awayek dijwartir didom\u00eenin. Di wan \u00eari\u015fan de gelek gund \u00fb n\u00ee\u015ftecih\u00ean wan gundan t\u00ean hedefgirtin. \u00c7alakiy\u00ean me y\u00ean bersivdayin\u00ea li hember wan \u00eari\u015fan berdewam dikin. Di v\u00ea \u00e7ar\u00e7ovey\u00ea de li roj\u00ean 9 \u00fb 10\u00ea Gulan\u00ea, ji &hellip;<\/p>\n","protected":false},"author":1,"featured_media":2331,"comment_status":"open","ping_status":"open","sticky":false,"template":"","format":"standard","meta":{"_jetpack_memberships_contains_paid_content":false,"footnotes":""},"categories":[24,25],"tags":[],"class_list":["post-2332","post","type-post","status-publish","format-standard","has-post-thumbnail","hentry","category-24","category-25"],"jetpack_featured_media_url":"https:\/\/hre-official.com\/wp-content\/uploads\/2023\/05\/Screenshot_2023-05-28-21-31-39-978-edit_org.telegram.messenger.jpg","jetpack_sharing_enabled":true,"_links":{"self":[{"href":"https:\/\/hre-official.com\/index.php?rest_route=\/wp\/v2\/posts\/2332","targetHints":{"allow":["GET"]}}],"collection":[{"href":"https:\/\/hre-official.com\/index.php?rest_route=\/wp\/v2\/posts"}],"about":[{"href":"https:\/\/hre-official.com\/index.php?rest_route=\/wp\/v2\/types\/post"}],"author":[{"embeddable":true,"href":"https:\/\/hre-official.com\/index.php?rest_route=\/wp\/v2\/users\/1"}],"replies":[{"embeddable":true,"href":"https:\/\/hre-official.com\/index.php?rest_route=%2Fwp%2Fv2%2Fcomments&post=2332"}],"version-history":[{"count":0,"href":"https:\/\/hre-official.com\/index.php?rest_route=\/wp\/v2\/posts\/2332\/revisions"}],"wp:featuredmedia":[{"embeddable":true,"href":"https:\/\/hre-official.com\/index.php?rest_route=\/wp\/v2\/media\/2331"}],"wp:attachment":[{"href":"https:\/\/hre-official.com\/index.php?rest_route=%2Fwp%2Fv2%2Fmedia&parent=2332"}],"wp:term":[{"taxonomy":"category","embeddable":true,"href":"https:\/\/hre-official.com\/index.php?rest_route=%2Fwp%2Fv2%2Fcategories&post=2332"},{"taxonomy":"post_tag","embeddable":true,"href":"https:\/\/hre-official.com\/index.php?rest_route=%2Fwp%2Fv2%2Ftags&post=2332"}],"curies":[{"name":"wp","href":"https:\/\/api.w.org\/{rel}","templated":true}]}}