{"id":2329,"date":"2022-05-10T15:39:41","date_gmt":"2022-05-10T15:39:41","guid":{"rendered":"https:\/\/hre-official.com\/?p=2329"},"modified":"2023-05-29T15:42:14","modified_gmt":"2023-05-29T15:42:14","slug":"%d8%a5%d8%b3%d9%82%d8%a7%d8%b7-%d8%af%d8%b1%d9%88%d9%86-%d8%aa%d8%a7%d8%a8%d8%b9-%d9%84%d8%ac%d9%8a%d8%b4-%d8%a7%d9%84%d8%a7%d8%ad%d8%aa%d9%84%d8%a7%d9%84-%d8%a7%d9%84%d8%aa%d8%b1%d9%83%d9%8a-%d9%81","status":"publish","type":"post","link":"https:\/\/hre-official.com\/?p=2329","title":{"rendered":"\u0625\u0633\u0642\u0627\u0637 \u062f\u0631\u0648\u0646 \u062a\u0627\u0628\u0639 \u0644\u062c\u064a\u0634 \u0627\u0644\u0627\u062d\u062a\u0644\u0627\u0644 \u0627\u0644\u062a\u0631\u0643\u064a \u0641\u064a \u0639\u0641\u0631\u064a\u0646"},"content":{"rendered":"\r\n<p dir=\"ltr\">Ji \u00e7apemen\u00ee \u00fb raya gi\u015ft\u00ee re<br \/>Li roj\u00ean 6 \u00fb 7\u00ea Gulan\u00ea, li hember art\u00ea\u015fa Tirk a dagirker \u00fb \u00e7etey\u00ean w\u00ea \u00e7alakiy\u00ean bersivdayin\u00ea hatin lidar xistin.<br \/>Li roja 6\u00ea Gulan\u00ea li her\u00eama Bab\u00ea baregehek art\u00ea\u015fa Tirk bi du \u00e7alakiyan hat hedef kirin. Di wan her du \u00e7alakiyan de 3 le\u015fker\u00ean dagirker hatin ku\u015ftin.<br \/>Li roja 7\u00ea Gulan\u00ea li her\u00eama Bab\u00ea baregehek din j\u00ee hat hedef girtin. Di v\u00ea \u00e7alakiy\u00ea de 2 le\u015fker\u00ean dagirker hatin ku\u015ftin.<br \/>Li heman roj\u00ea li xeta Mar\u00ea \u00e7alakiyek sekvan\u00ee hat lidar xistin. Di v\u00ea \u00e7alakiy\u00ea de 1 \u00e7ete hat ku\u015ftin.<br \/>D\u00eesa li roja 7\u00ea Gulan\u00ea li her\u00eama Efr\u00een\u00ea dronek art\u00ea\u015fa Tirk hat xistin.<br \/>Di wan \u00e7alakiyan de bi gi\u015ft\u00ee, 5 le\u015fker\u00ean Tirk \u00fb 1 \u00e7ete hatin ku\u015ftin.<br \/>H\u00eaz\u00ean Rizgariya Efr\u00een\u00ea<br \/>10 Gulan 2022<\/p>\r\n","protected":false},"excerpt":{"rendered":"<p>Ji \u00e7apemen\u00ee \u00fb raya gi\u015ft\u00ee reLi roj\u00ean 6 \u00fb 7\u00ea Gulan\u00ea, li hember art\u00ea\u015fa Tirk a dagirker \u00fb \u00e7etey\u00ean w\u00ea \u00e7alakiy\u00ean bersivdayin\u00ea hatin lidar xistin.Li roja 6\u00ea Gulan\u00ea li her\u00eama Bab\u00ea baregehek art\u00ea\u015fa Tirk bi du \u00e7alakiyan hat hedef kirin. Di wan her du \u00e7alakiyan de 3 le\u015fker\u00ean dagirker hatin ku\u015ftin.Li roja 7\u00ea Gulan\u00ea li &hellip;<\/p>\n","protected":false},"author":1,"featured_media":2328,"comment_status":"open","ping_status":"open","sticky":false,"template":"","format":"standard","meta":{"_jetpack_memberships_contains_paid_content":false,"footnotes":""},"categories":[24,25],"tags":[],"class_list":["post-2329","post","type-post","status-publish","format-standard","has-post-thumbnail","hentry","category-24","category-25"],"jetpack_featured_media_url":"https:\/\/hre-official.com\/wp-content\/uploads\/2023\/05\/IMG_20230528_213028_973.jpg","jetpack_sharing_enabled":true,"_links":{"self":[{"href":"https:\/\/hre-official.com\/index.php?rest_route=\/wp\/v2\/posts\/2329","targetHints":{"allow":["GET"]}}],"collection":[{"href":"https:\/\/hre-official.com\/index.php?rest_route=\/wp\/v2\/posts"}],"about":[{"href":"https:\/\/hre-official.com\/index.php?rest_route=\/wp\/v2\/types\/post"}],"author":[{"embeddable":true,"href":"https:\/\/hre-official.com\/index.php?rest_route=\/wp\/v2\/users\/1"}],"replies":[{"embeddable":true,"href":"https:\/\/hre-official.com\/index.php?rest_route=%2Fwp%2Fv2%2Fcomments&post=2329"}],"version-history":[{"count":0,"href":"https:\/\/hre-official.com\/index.php?rest_route=\/wp\/v2\/posts\/2329\/revisions"}],"wp:featuredmedia":[{"embeddable":true,"href":"https:\/\/hre-official.com\/index.php?rest_route=\/wp\/v2\/media\/2328"}],"wp:attachment":[{"href":"https:\/\/hre-official.com\/index.php?rest_route=%2Fwp%2Fv2%2Fmedia&parent=2329"}],"wp:term":[{"taxonomy":"category","embeddable":true,"href":"https:\/\/hre-official.com\/index.php?rest_route=%2Fwp%2Fv2%2Fcategories&post=2329"},{"taxonomy":"post_tag","embeddable":true,"href":"https:\/\/hre-official.com\/index.php?rest_route=%2Fwp%2Fv2%2Ftags&post=2329"}],"curies":[{"name":"wp","href":"https:\/\/api.w.org\/{rel}","templated":true}]}}