{"id":2317,"date":"2022-05-03T14:39:07","date_gmt":"2022-05-03T14:39:07","guid":{"rendered":"https:\/\/hre-official.com\/?p=2317"},"modified":"2023-05-29T15:42:39","modified_gmt":"2023-05-29T15:42:39","slug":"%d9%85%d9%82%d8%aa%d9%84-%d9%a7-%d9%85%d9%86-%d9%85%d8%b1%d8%aa%d8%b2%d9%82%d8%a9-%d8%a7%d9%84%d8%a7%d8%ad%d8%aa%d9%84%d8%a7%d9%84-%d8%a7%d9%84%d8%aa%d8%b1%d9%83%d9%8a-%d9%81%d9%8a-%d9%82%d8%b1%d9%8a","status":"publish","type":"post","link":"https:\/\/hre-official.com\/?p=2317","title":{"rendered":"\u0645\u0642\u062a\u0644 \u0667 \u0645\u0646 \u0645\u0631\u062a\u0632\u0642\u0629 \u0627\u0644\u0627\u062d\u062a\u0644\u0627\u0644 \u0627\u0644\u062a\u0631\u0643\u064a \u0641\u064a \u0642\u0631\u064a\u0629 \u0643\u064a\u0645\u0627\u0631 \u0627\u0644\u062a\u0627\u0628\u0639\u0629 \u0644\u0646\u0627\u062d\u064a\u0629 \u0634\u064a\u0631\u0627\u0648\u0627"},"content":{"rendered":"\r\n<p dir=\"ltr\">Ji \u00e7apemen\u00ee \u00fb raya gi\u015ft\u00ee re<br \/>Li hember \u00eari\u015f\u00ean dewleta Tirk a dagirker \u00fb \u00e7etey\u00ean w\u00ea ku her roj z\u00eadetir dibin, \u00e7alakiy\u00ean bersivdayin\u00ea ya h\u00eaz\u00ean me berdewam dikin. Di v\u00ea \u00e7ar\u00e7ovey\u00ea de;<br \/>Li roja 23\u00ea N\u00eesan\u00ea, li gund\u00ea Cilbir\u00ea ya gir\u00eaday\u00ee nav\u00e7eya \u015e\u00earawa, li hember ma\u015fineyek kar ya \u00e7etey\u00ean dagirker \u00e7alakiyek hat lidar xistin. Di encam\u00ea de ev ma\u015f\u00eene hat ruxandin. <br \/>Li heman roj\u00ea 2 \u00e7alakiy\u00ean sekvan\u00ee li p\u00ea\u015fiya gund\u00ea Malikiye hatin lidar xistin. Di wan herdu \u00e7alakiyan de 2 \u00e7ete hatin ku\u015ftin. <br \/>Li roja 24\u00ea N\u00eesan\u00ea, h\u00eaz\u00ean me li p\u00ea\u015fiya sedd\u00ea \u015eehba, li hember baregehek \u00e7etey\u00ean dagirker \u00e7alakiyek lidar xistin. Di v\u00ea \u00e7alakiy\u00ea de 4 \u00e7ete hatin ku\u015ftin, 2 j\u00ee hatin br\u00eendar kirin. <br \/>Li heman roj\u00ea, di \u00e7alakiyek sekvan\u00ee ya li gund\u00ea Samuqa hat lidar xistin de 1 \u00e7ete hat ku\u015ftin. <br \/>Li roja 30\u00ea N\u00eesan\u00ea, li gund\u00ea K\u00eemar\u00ea, h\u00eaz\u00ean me li hember baregehek art\u00ea\u015fa Tirk a dagirker \u00e7alakiyek serdagirtin\u00ea lidar xistin. Di encama v\u00ea \u00e7alakiy\u00ea de 7 dagirker hatin ku\u015ftin, gelek dagirker j\u00ee hatin br\u00eendar kirin. Hejmara br\u00eendaran nehat zelalkirin. Di v\u00ea \u00e7alakiy\u00ea baregeh \u00fb \u00e7eper\u00ean dagirkeran hatin ruxandin. Herwiha 2 \u00e7ek\u00ean AK-47 \u00fb hinek alav\u00ean tekn\u00eek\u00ee hatin desteser kirin. <br \/>Di encama wan \u00e7alakiyan de bi gi\u015ft\u00ee; 14 dagirker hatin ku\u015ftin, her\u00ee k\u00eam 2 dagirker j\u00ee hatin br\u00eendar kirin.<br \/>H\u00eaz\u00ean Rizgariya Efr\u00een\u00ea<br \/>3 Gulan 2022<\/p>\r\n\r\n\r\n\r\n<p>\u0634\u0627\u0647\u062f \u0627\u0644\u0641\u064a\u062f\u064a\u0648 \u0639\u0628\u0631 \u0627\u0644\u0631\u0627\u0628\u0637 \u0627\u0644\u062a\u0627\u0644\u064a :<\/p>\r\n\r\n\r\n\r\n<p dir=\"ltr\"><a href=\"https:\/\/t.me\/HRE_official_kurdish\/700\">t.me\/HRE_official_kurdish\/700<\/a><\/p>\r\n\r\n\r\n\r\n<p dir=\"ltr\"><a href=\"https:\/\/t.me\/HRE_official_kurdish\/701\">t.me\/HRE_official_kurdish\/701<\/a><\/p>\r\n\r\n\r\n\r\n<p>&nbsp;<\/p>\r\n","protected":false},"excerpt":{"rendered":"<p>Ji \u00e7apemen\u00ee \u00fb raya gi\u015ft\u00ee reLi hember \u00eari\u015f\u00ean dewleta Tirk a dagirker \u00fb \u00e7etey\u00ean w\u00ea ku her roj z\u00eadetir dibin, \u00e7alakiy\u00ean bersivdayin\u00ea ya h\u00eaz\u00ean me berdewam dikin. Di v\u00ea \u00e7ar\u00e7ovey\u00ea de;Li roja 23\u00ea N\u00eesan\u00ea, li gund\u00ea Cilbir\u00ea ya gir\u00eaday\u00ee nav\u00e7eya \u015e\u00earawa, li hember ma\u015fineyek kar ya \u00e7etey\u00ean dagirker \u00e7alakiyek hat lidar xistin. Di encam\u00ea de &hellip;<\/p>\n","protected":false},"author":1,"featured_media":2316,"comment_status":"open","ping_status":"open","sticky":false,"template":"","format":"standard","meta":{"_jetpack_memberships_contains_paid_content":false,"footnotes":""},"categories":[24,25],"tags":[],"class_list":["post-2317","post","type-post","status-publish","format-standard","has-post-thumbnail","hentry","category-24","category-25"],"jetpack_featured_media_url":"https:\/\/hre-official.com\/wp-content\/uploads\/2023\/05\/Screenshot_2023-05-28-21-12-39-010-edit_org.telegram.messenger.jpg","jetpack_sharing_enabled":true,"_links":{"self":[{"href":"https:\/\/hre-official.com\/index.php?rest_route=\/wp\/v2\/posts\/2317","targetHints":{"allow":["GET"]}}],"collection":[{"href":"https:\/\/hre-official.com\/index.php?rest_route=\/wp\/v2\/posts"}],"about":[{"href":"https:\/\/hre-official.com\/index.php?rest_route=\/wp\/v2\/types\/post"}],"author":[{"embeddable":true,"href":"https:\/\/hre-official.com\/index.php?rest_route=\/wp\/v2\/users\/1"}],"replies":[{"embeddable":true,"href":"https:\/\/hre-official.com\/index.php?rest_route=%2Fwp%2Fv2%2Fcomments&post=2317"}],"version-history":[{"count":0,"href":"https:\/\/hre-official.com\/index.php?rest_route=\/wp\/v2\/posts\/2317\/revisions"}],"wp:featuredmedia":[{"embeddable":true,"href":"https:\/\/hre-official.com\/index.php?rest_route=\/wp\/v2\/media\/2316"}],"wp:attachment":[{"href":"https:\/\/hre-official.com\/index.php?rest_route=%2Fwp%2Fv2%2Fmedia&parent=2317"}],"wp:term":[{"taxonomy":"category","embeddable":true,"href":"https:\/\/hre-official.com\/index.php?rest_route=%2Fwp%2Fv2%2Fcategories&post=2317"},{"taxonomy":"post_tag","embeddable":true,"href":"https:\/\/hre-official.com\/index.php?rest_route=%2Fwp%2Fv2%2Ftags&post=2317"}],"curies":[{"name":"wp","href":"https:\/\/api.w.org\/{rel}","templated":true}]}}