{"id":2311,"date":"2022-04-14T14:33:12","date_gmt":"2022-04-14T14:33:12","guid":{"rendered":"https:\/\/hre-official.com\/?p=2311"},"modified":"2023-05-29T15:25:13","modified_gmt":"2023-05-29T15:25:13","slug":"%d8%a7%d8%b3%d8%aa%d8%b4%d9%87%d8%a7%d8%af-%d8%a7%d8%ad%d8%af-%d8%b1%d9%81%d8%a7%d9%82%d9%86%d8%a7-%d8%a7%d9%84%d8%b4%d9%87%d9%8a%d8%af-%d8%ac%d9%8a%d9%84%d9%88-%d8%b9%d9%81%d8%b1%d9%8a%d9%86","status":"publish","type":"post","link":"https:\/\/hre-official.com\/?p=2311","title":{"rendered":"\u0627\u0633\u062a\u0634\u0647\u0627\u062f \u0627\u062d\u062f \u0631\u0641\u0627\u0642\u0646\u0627 \u0627\u0644\u0634\u0647\u064a\u062f \u062c\u064a\u0644\u0648 \u0639\u0641\u0631\u064a\u0646"},"content":{"rendered":"\r\n<p dir=\"ltr\">Em hevr\u00eay\u00ea xwe C\u00eelo Efr\u00een bi r\u00eazdar\u00ee bib\u00eer t\u00eenin<br \/>Ji \u00e7apemen\u00ee \u00fb raya gi\u015ft\u00ee re<br \/>Hevr\u00eay\u00ea me C\u00eelo Efr\u00een roja 13\u00ea Nisan\u00ea dema li ser erka xwe b\u00fb, gih\u00ee\u015ft \u015fehadet\u00ea.<br \/>Hevr\u00eay\u00ea me C\u00eelo li her\u00eama berxwedan\u00ea y\u00ea Efr\u00een\u00ea li nava malbateke welatpar\u00eaz mezin b\u00fb. Welatpar\u00eaz\u00ee wek \u00e7andek e di nav gel\u00ea me de \u00fb hevr\u00eay\u00ea me j\u00ee bi v\u00ea \u00e7and\u00ea hem mezin b\u00fb hem j\u00ee dema p\u00eaw\u00eest b\u00fb ji bo parastina xaka xwe hertim amade b\u00fb. \u00c7awa ku armanca her welatpar\u00eazek\u00ee welat\u00ea xwe ji dagirkeran rizgarkirin be ji bo hevr\u00eay\u00ea me C\u00eelo j\u00ee armanca yekem Efr\u00een \u00fb c\u00eeh\u00ean din ji dagirker\u00eey\u00ea re paqijkirin \u00fb azadkirin b\u00fb. Bi v\u00ea \u00e7anda berxwedan\u00ea tevl\u00ee j\u00eeyan \u00fb t\u00eako\u015f\u00eena azad\u00eey\u00ea b\u00fb.<br \/>Em\u00ea xewn \u00fb xeyal\u00ean her \u015feh\u00eedek\u00ee xwe bi azadkirina welat\u00ea tac\u00eedarkirin bikin \u00fb soza ku me daye wan careke din n\u00fb dikin. Em di \u015fexs\u00ea hevr\u00ea C\u00eelo de tevah\u00ee \u015feh\u00eed\u00ean xwe y\u00ean leheng bi r\u00eazdar\u00ee bib\u00eer t\u00eenin. Ji malbata \u015feh\u00eed\u00ea xwe \u00fb ji gel\u00ea xwe re sersaxiy\u00ea dixwazin.<br \/>Nasnameya hevr\u00eay\u00ea me y\u00ea \u015feh\u00eed wiha ye;<br \/>Nasnav: C\u00eelo Efr\u00een<br \/>Nav \u00fb Pa\u015fnav: Celal El\u00ee<br \/>Nav\u00ea Dayik\u00ea: Xed\u00eece<br \/>Nav\u00ea Bav: Yaqub<br \/>Cih\u00ea ji Dayikb\u00fbn\u00ea: Efr\u00een<br \/>D\u00eeroka \u015eehadet\u00ea: 13\u00ea N\u00eesana 2022<\/p>\r\n\r\n\r\n\r\n<p dir=\"ltr\">H\u00eaz\u00ean Rizgariya Efr\u00een\u00ea<br \/>14 N\u00eesan 2022<\/p>\r\n","protected":false},"excerpt":{"rendered":"<p>Em hevr\u00eay\u00ea xwe C\u00eelo Efr\u00een bi r\u00eazdar\u00ee bib\u00eer t\u00eeninJi \u00e7apemen\u00ee \u00fb raya gi\u015ft\u00ee reHevr\u00eay\u00ea me C\u00eelo Efr\u00een roja 13\u00ea Nisan\u00ea dema li ser erka xwe b\u00fb, gih\u00ee\u015ft \u015fehadet\u00ea.Hevr\u00eay\u00ea me C\u00eelo li her\u00eama berxwedan\u00ea y\u00ea Efr\u00een\u00ea li nava malbateke welatpar\u00eaz mezin b\u00fb. Welatpar\u00eaz\u00ee wek \u00e7andek e di nav gel\u00ea me de \u00fb hevr\u00eay\u00ea me j\u00ee bi &hellip;<\/p>\n","protected":false},"author":1,"featured_media":2310,"comment_status":"open","ping_status":"open","sticky":false,"template":"","format":"standard","meta":{"_jetpack_memberships_contains_paid_content":false,"footnotes":""},"categories":[26],"tags":[],"class_list":["post-2311","post","type-post","status-publish","format-standard","has-post-thumbnail","hentry","category-26"],"jetpack_featured_media_url":"https:\/\/hre-official.com\/wp-content\/uploads\/2023\/05\/IMG_20230528_210218_675.jpg","jetpack_sharing_enabled":true,"_links":{"self":[{"href":"https:\/\/hre-official.com\/index.php?rest_route=\/wp\/v2\/posts\/2311","targetHints":{"allow":["GET"]}}],"collection":[{"href":"https:\/\/hre-official.com\/index.php?rest_route=\/wp\/v2\/posts"}],"about":[{"href":"https:\/\/hre-official.com\/index.php?rest_route=\/wp\/v2\/types\/post"}],"author":[{"embeddable":true,"href":"https:\/\/hre-official.com\/index.php?rest_route=\/wp\/v2\/users\/1"}],"replies":[{"embeddable":true,"href":"https:\/\/hre-official.com\/index.php?rest_route=%2Fwp%2Fv2%2Fcomments&post=2311"}],"version-history":[{"count":0,"href":"https:\/\/hre-official.com\/index.php?rest_route=\/wp\/v2\/posts\/2311\/revisions"}],"wp:featuredmedia":[{"embeddable":true,"href":"https:\/\/hre-official.com\/index.php?rest_route=\/wp\/v2\/media\/2310"}],"wp:attachment":[{"href":"https:\/\/hre-official.com\/index.php?rest_route=%2Fwp%2Fv2%2Fmedia&parent=2311"}],"wp:term":[{"taxonomy":"category","embeddable":true,"href":"https:\/\/hre-official.com\/index.php?rest_route=%2Fwp%2Fv2%2Fcategories&post=2311"},{"taxonomy":"post_tag","embeddable":true,"href":"https:\/\/hre-official.com\/index.php?rest_route=%2Fwp%2Fv2%2Ftags&post=2311"}],"curies":[{"name":"wp","href":"https:\/\/api.w.org\/{rel}","templated":true}]}}