{"id":2308,"date":"2022-04-02T14:40:54","date_gmt":"2022-04-02T14:40:54","guid":{"rendered":"https:\/\/hre-official.com\/?p=2308"},"modified":"2023-05-29T15:25:27","modified_gmt":"2023-05-29T15:25:27","slug":"%d8%a7%d8%b3%d8%aa%d8%b4%d9%87%d8%a7%d8%af-%d8%a7%d8%ad%d8%af-%d8%b1%d9%81%d8%a7%d9%82%d9%86%d8%a7-%d8%a7%d9%84%d8%b4%d9%87%d9%8a%d8%af-%d8%a7%d8%ad%d9%85%d8%af-%d8%ba%d9%8a%d9%84%d9%8a","status":"publish","type":"post","link":"https:\/\/hre-official.com\/?p=2308","title":{"rendered":"\u0627\u0633\u062a\u0634\u0647\u0627\u062f \u0627\u062d\u062f \u0631\u0641\u0627\u0642\u0646\u0627 \u0627\u0644\u0634\u0647\u064a\u062f \u0627\u062d\u0645\u062f \u063a\u064a\u0644\u064a"},"content":{"rendered":"\r\n<p dir=\"ltr\">Em hevr\u00eay\u00ea xwe Mazl\u00fbm Ta\u2019an\u00ee bi r\u00eazdar\u00ee bib\u00eer t\u00eenin<br \/>Ji \u00e7apemen\u00ee \u00fb raya gi\u015ft\u00ee re<br \/>Hevr\u00eay\u00ea me Mazl\u00fbm Ta\u2019an\u00ee di d\u00eeroka 1\u00ea Nisana 2022an de, dema li ser erka xwe b\u00fb, di encama qezayek\u00ea gih\u00ee\u015ft \u015fehadet\u00ea.<br \/>Hevr\u00eay\u00ea me Mazl\u00fbm li her\u00eama berxwedan\u00ea y\u00ea \u015eehbay\u00ea li nava malbateke welatpar\u00eaz ji dayik b\u00fb. Ji ber ku derdora l\u00ea mezin b\u00fb welatpar\u00eaz b\u00fb \u00fb cihek\u00ee \u015fer\u00ea me y\u00ea azadiy\u00ea hatib\u00fb me\u015fandin, hevr\u00eay\u00ea me Mazl\u00fbm j\u00ee firsend d\u00eet ku h\u00eaz \u00fb teko\u015f\u00eena me nas bike. Her wiha ji ber welatpar\u00eaziya her\u00eama l\u00ea mezin b\u00fbye, li \u015eehbay\u00ea \u00fb pi\u015ft\u00ee dagirkirina Efr\u00een\u00ea gel\u00ean me y\u00ean Efr\u00een\u00ea li \u015eehbay\u00ea bi c\u00eeh b\u00fbn bandor li ser w\u00ee kir. Hevr\u00eay\u00ea me Mazl\u00fbm j\u00ee pi\u015ft\u00ee dagirkirina Efr\u00een\u00ea sala 2019an biryar da ku tevl\u00ee nav t\u00eako\u015f\u00eena me ya azad\u00eey\u00ea bibe \u00fb ji bo azad\u00eeya her\u00eama Efr\u00een\u00ea hewildaneke mezin da ku bibe \u015fervanek\u00ee j\u00eer ji gel\u00ea xwe ra. J\u00eeyana xwe ya 3 salan a \u015fore\u015fger\u00eey\u00ea de di hem kesayet\u00ea xwe da guhertinek \u00e7\u00eakir hem j\u00ee \u015fervant\u00eey\u00ea de xwe p\u00ea\u015f xist. <br \/>T\u00eako\u015f\u00eena me ya azad\u00eey\u00ea de me gelek heval\u00ean leheng di encama t\u00eako\u015f\u00eena lehengane de spartin ax\u00ea \u00fb dil\u00ea xwe. L\u00ea hin qezay\u00ean \u00e7\u00eadibin de r\u00ea li ber \u015fehadeta heval\u00ean me de encam dibe me xemg\u00een bike j\u00ee, em\u00ea ked \u00fb b\u00eeran\u00een\u00ean hevr\u00eay\u00ea me \u015feh\u00eed Mazl\u00fbm t\u00eako\u015f\u00eena me ya azad\u00eey\u00ea de hertim bidin jiy\u00een. <br \/>Em di \u015fexs\u00ea heval Mazl\u00fbm de tevah\u00ee \u015feh\u00eed\u00ean xwe y\u00ean leheng bi r\u00eazdar\u00ee bib\u00eer t\u00eenin. Ji malbata \u015feh\u00eed\u00ea xwe \u00fb ji gel\u00ea xwe re sersaxiy\u00ea dixwazin.<br \/>Nasnameya r\u00eaheval\u00ea me y\u00ea \u015feh\u00eed wiha ye;<br \/>Nasnav: Mazl\u00fbm Ta\u2019an\u00ee<br \/>Nav \u00fb Pa\u015fnav: Ehmed Gill\u00ee<br \/>Nav\u00ea Dayik\u00ea: Edla<br \/>Nav\u00ea Bav: Mihemed<br \/>Cih\u00ea ji Dayikb\u00fbn\u00ea: \u015eehba<br \/>D\u00eeroka \u015eehadet\u00ea: 1\u00ea N\u00eesana 2022<br \/><br \/>H\u00eaz\u00ean Rizgariya Efr\u00een\u00ea<br \/>02 N\u00eesan 2022<\/p>\r\n","protected":false},"excerpt":{"rendered":"<p>Em hevr\u00eay\u00ea xwe Mazl\u00fbm Ta\u2019an\u00ee bi r\u00eazdar\u00ee bib\u00eer t\u00eeninJi \u00e7apemen\u00ee \u00fb raya gi\u015ft\u00ee reHevr\u00eay\u00ea me Mazl\u00fbm Ta\u2019an\u00ee di d\u00eeroka 1\u00ea Nisana 2022an de, dema li ser erka xwe b\u00fb, di encama qezayek\u00ea gih\u00ee\u015ft \u015fehadet\u00ea.Hevr\u00eay\u00ea me Mazl\u00fbm li her\u00eama berxwedan\u00ea y\u00ea \u015eehbay\u00ea li nava malbateke welatpar\u00eaz ji dayik b\u00fb. Ji ber ku derdora l\u00ea mezin b\u00fb &hellip;<\/p>\n","protected":false},"author":1,"featured_media":2307,"comment_status":"open","ping_status":"open","sticky":false,"template":"","format":"standard","meta":{"_jetpack_memberships_contains_paid_content":false,"footnotes":""},"categories":[26],"tags":[],"class_list":["post-2308","post","type-post","status-publish","format-standard","has-post-thumbnail","hentry","category-26"],"jetpack_featured_media_url":"https:\/\/hre-official.com\/wp-content\/uploads\/2023\/05\/IMG_20230528_210201_435.jpg","jetpack_sharing_enabled":true,"_links":{"self":[{"href":"https:\/\/hre-official.com\/index.php?rest_route=\/wp\/v2\/posts\/2308","targetHints":{"allow":["GET"]}}],"collection":[{"href":"https:\/\/hre-official.com\/index.php?rest_route=\/wp\/v2\/posts"}],"about":[{"href":"https:\/\/hre-official.com\/index.php?rest_route=\/wp\/v2\/types\/post"}],"author":[{"embeddable":true,"href":"https:\/\/hre-official.com\/index.php?rest_route=\/wp\/v2\/users\/1"}],"replies":[{"embeddable":true,"href":"https:\/\/hre-official.com\/index.php?rest_route=%2Fwp%2Fv2%2Fcomments&post=2308"}],"version-history":[{"count":0,"href":"https:\/\/hre-official.com\/index.php?rest_route=\/wp\/v2\/posts\/2308\/revisions"}],"wp:featuredmedia":[{"embeddable":true,"href":"https:\/\/hre-official.com\/index.php?rest_route=\/wp\/v2\/media\/2307"}],"wp:attachment":[{"href":"https:\/\/hre-official.com\/index.php?rest_route=%2Fwp%2Fv2%2Fmedia&parent=2308"}],"wp:term":[{"taxonomy":"category","embeddable":true,"href":"https:\/\/hre-official.com\/index.php?rest_route=%2Fwp%2Fv2%2Fcategories&post=2308"},{"taxonomy":"post_tag","embeddable":true,"href":"https:\/\/hre-official.com\/index.php?rest_route=%2Fwp%2Fv2%2Ftags&post=2308"}],"curies":[{"name":"wp","href":"https:\/\/api.w.org\/{rel}","templated":true}]}}