{"id":2302,"date":"2021-09-12T14:45:39","date_gmt":"2021-09-12T14:45:39","guid":{"rendered":"https:\/\/hre-official.com\/?p=2302"},"modified":"2023-05-29T15:42:54","modified_gmt":"2023-05-29T15:42:54","slug":"%d8%aa%d9%85-%d8%aa%d9%86%d9%81%d9%8a%d8%b0-%d8%b9%d8%af%d8%a9-%d8%b9%d9%85%d9%84%d9%8a%d8%a7%d8%aa-%d9%86%d9%88%d8%b9%d9%8a%d8%a9-%d8%a7%d8%b3%d8%aa%d8%ac%d8%a7%d8%a8%d8%a9-%d9%84%d8%a5%d8%ad%d9%8a","status":"publish","type":"post","link":"https:\/\/hre-official.com\/?p=2302","title":{"rendered":"\u062a\u0645 \u062a\u0646\u0641\u064a\u0630 \u0639\u062f\u0629 \u0639\u0645\u0644\u064a\u0627\u062a \u0646\u0648\u0639\u064a\u0629 \u0627\u0633\u062a\u062c\u0627\u0628\u0629 \u0644\u0625\u062d\u064a\u0627\u0621 \u0630\u0643\u0631\u0649 \u0627\u0644\u0634\u0647\u064a\u062f \u0634\u064a\u0627\u0631 \u062f\u0646\u064a\u0632 \u0648\u0623\u064a\u0636\u064b\u0627 \u0644\u0644\u0627\u0646\u062a\u0642\u0627\u0645 \u0645\u0646 \u0627\u0644\u0645\u0645\u0627\u0631\u0633\u0627\u062a \u0627\u0644\u0644\u0627\u0625\u0646\u0633\u0627\u0646\u064a\u0629 \u0644\u0644\u062f\u0648\u0644\u0629 \u0627\u0644\u062a\u0631\u0643\u064a\u0629 \u0627\u0644\u0645\u062d\u062a\u0644\u0629"},"content":{"rendered":"\r\n<p dir=\"ltr\">Ji \u00e7apemen\u00ee \u00fb raya gi\u015ft\u00ee re<br \/>Di navbera roj\u00ean 07 \u00fb 10\u00ea \u00celon\u00ea de, ji bo b\u00eeran\u00eena \u015eeh\u00eed \u015eiyar Den\u00eez \u00fb herwiha ji bo tolhildana p\u00eakan\u00een\u00ean dervey\u00ee mirovah\u00ee ya dewleta Tirk a dagirker \u00e7alakiy\u00ean bersivdayin\u00ea hatin lidar xistin. Di v\u00ea \u00e7ar\u00e7ovey\u00ea de;<br \/>Li roja 7\u00ea \u00celon\u00ea, h\u00eaz\u00ean me li nav\u00e7eya \u015eera, li hember baregehek art\u00ea\u015fa dagirker \u00e7alakiyek serdagirtin\u00ea lidar xistin. Di encama v\u00ea \u00e7alakiy\u00ea de, 5 \u00e7ete hatin ku\u015ftin, 2 \u00e7ete bir\u00eendar b\u00fbn, motorek \u00fb do\u00e7kayek hatin ruxandin. Di v\u00ea \u00e7alakiy\u00ea de herwiha 2 \u00e7ek\u00ean AK-47, 1 \u00e7eka BKC, 1 termal, 1 telefon, 1 b\u00eat\u00eal \u00fb nasnamey\u00ean \u00e7eteyan hatin bidestxistin. <br \/>Li roja 9\u00ea \u00celon\u00ea, li gund\u00ea Til Mal\u00eed ya nav\u00e7eya Mar\u00ea, di encama \u00e7alakiyek de 3 \u00e7ete hatin ku\u015ftin \u00fb \u00e7eteyek j\u00ee bir\u00eendar b\u00fb. <br \/>Li roja 10\u00ea \u00celon\u00ea, li gund\u00ea Kil Cibr\u00een ya Ezaz\u00ea, di encama \u00e7alakiyek taybet de 3 \u00e7ete hatin ku\u015ftin \u00fb \u00e7eteyek j\u00ee bir\u00eendar b\u00fb. <br \/>Di wan \u00e7alakiyan de bi gi\u015ft\u00ee; 11 \u00e7ete hatin ku\u015ftin, 4 \u00e7ete j\u00ee bir\u00eendar b\u00fbn. <br \/>H\u00eaz\u00ean Rizgariya Efr\u00een\u00ea<br \/>12 \u00celon 2021<\/p>\r\n\r\n\r\n\r\n<p>\u0634\u0627\u0647\u062f \u0627\u0644\u0641\u064a\u062f\u064a\u0648 \u0639\u0628\u0631 \u0627\u0644\u0631\u0627\u0628\u0637 \u0627\u0644\u062a\u0627\u0644\u064a :<\/p>\r\n\r\n\r\n\r\n<p dir=\"ltr\"><a href=\"https:\/\/t.me\/HRE_official_kurdish\/689\">t.me\/HRE_official_kurdish\/689<\/a><\/p>\r\n\r\n\r\n\r\n<p dir=\"ltr\"><a href=\"https:\/\/t.me\/HRE_official_kurdish\/690\">t.me\/HRE_official_kurdish\/690<\/a><\/p>\r\n","protected":false},"excerpt":{"rendered":"<p>Ji \u00e7apemen\u00ee \u00fb raya gi\u015ft\u00ee reDi navbera roj\u00ean 07 \u00fb 10\u00ea \u00celon\u00ea de, ji bo b\u00eeran\u00eena \u015eeh\u00eed \u015eiyar Den\u00eez \u00fb herwiha ji bo tolhildana p\u00eakan\u00een\u00ean dervey\u00ee mirovah\u00ee ya dewleta Tirk a dagirker \u00e7alakiy\u00ean bersivdayin\u00ea hatin lidar xistin. Di v\u00ea \u00e7ar\u00e7ovey\u00ea de;Li roja 7\u00ea \u00celon\u00ea, h\u00eaz\u00ean me li nav\u00e7eya \u015eera, li hember baregehek art\u00ea\u015fa dagirker \u00e7alakiyek &hellip;<\/p>\n","protected":false},"author":1,"featured_media":2301,"comment_status":"open","ping_status":"open","sticky":false,"template":"","format":"standard","meta":{"_jetpack_memberships_contains_paid_content":false,"footnotes":""},"categories":[24,25],"tags":[],"class_list":["post-2302","post","type-post","status-publish","format-standard","has-post-thumbnail","hentry","category-24","category-25"],"jetpack_featured_media_url":"https:\/\/hre-official.com\/wp-content\/uploads\/2023\/05\/IMG_20230528_205554_404.jpg","jetpack_sharing_enabled":true,"_links":{"self":[{"href":"https:\/\/hre-official.com\/index.php?rest_route=\/wp\/v2\/posts\/2302","targetHints":{"allow":["GET"]}}],"collection":[{"href":"https:\/\/hre-official.com\/index.php?rest_route=\/wp\/v2\/posts"}],"about":[{"href":"https:\/\/hre-official.com\/index.php?rest_route=\/wp\/v2\/types\/post"}],"author":[{"embeddable":true,"href":"https:\/\/hre-official.com\/index.php?rest_route=\/wp\/v2\/users\/1"}],"replies":[{"embeddable":true,"href":"https:\/\/hre-official.com\/index.php?rest_route=%2Fwp%2Fv2%2Fcomments&post=2302"}],"version-history":[{"count":0,"href":"https:\/\/hre-official.com\/index.php?rest_route=\/wp\/v2\/posts\/2302\/revisions"}],"wp:featuredmedia":[{"embeddable":true,"href":"https:\/\/hre-official.com\/index.php?rest_route=\/wp\/v2\/media\/2301"}],"wp:attachment":[{"href":"https:\/\/hre-official.com\/index.php?rest_route=%2Fwp%2Fv2%2Fmedia&parent=2302"}],"wp:term":[{"taxonomy":"category","embeddable":true,"href":"https:\/\/hre-official.com\/index.php?rest_route=%2Fwp%2Fv2%2Fcategories&post=2302"},{"taxonomy":"post_tag","embeddable":true,"href":"https:\/\/hre-official.com\/index.php?rest_route=%2Fwp%2Fv2%2Ftags&post=2302"}],"curies":[{"name":"wp","href":"https:\/\/api.w.org\/{rel}","templated":true}]}}