{"id":2296,"date":"2021-09-02T14:48:25","date_gmt":"2021-09-02T14:48:25","guid":{"rendered":"https:\/\/hre-official.com\/?p=2296"},"modified":"2023-05-29T15:43:05","modified_gmt":"2023-05-29T15:43:05","slug":"%d9%85%d9%82%d8%aa%d9%84-%d9%a3-%d8%ac%d9%86%d9%88%d8%af-%d9%88-%d8%a5%d8%b5%d8%a7%d8%a8%d8%a9-%d9%a5-%d8%a2%d8%ae%d8%b1%d9%8a%d9%86-%d8%a8%d8%ac%d8%b1%d9%88%d8%ad-%d9%84%d9%82%d9%88%d8%a7%d8%aa","status":"publish","type":"post","link":"https:\/\/hre-official.com\/?p=2296","title":{"rendered":"\u0645\u0642\u062a\u0644 \u0663 \u062c\u0646\u0648\u062f \u0648 \u0625\u0635\u0627\u0628\u0629 \u0665 \u0622\u062e\u0631\u064a\u0646 \u0628\u062c\u0631\u0648\u062d \u0644\u0642\u0648\u0627\u062a \u0627\u0644\u0627\u062d\u062a\u0644\u0627\u0644 \u0627\u0644\u062a\u0631\u0643\u064a \u0628\u0639\u062f \u062a\u062f\u0645\u064a\u0631 \u0642\u0627\u0639\u062f\u0629 \u062d\u0632\u0648\u0627\u0646 \u0627\u0644\u0639\u0633\u0643\u0631\u064a\u0629 \u0645\u0646 \u0642\u0628\u0644 \u0642\u0648\u0627\u062a\u0646\u0627"},"content":{"rendered":"\r\n<p dir=\"ltr\">Ji \u00e7apemen\u00ee \u00fb raya gi\u015ft\u00ee re<br \/>Li hember \u00eari\u015f\u00ean art\u00ea\u015fa Tirk a dagirker \u00fb \u00e7etey\u00ean w\u00ea, h\u00eaz\u00ean me di navbera roj\u00ean 27 \u00fb 31\u00ea Tebax\u00ea de, \u00e7alakiy\u00ean bibandor lidar xistin. Di v\u00ea \u00e7ar\u00e7ovey\u00ea de;<br \/>Li roja 27\u00ea Tebax\u00ea, li derdora gund\u00ea Dagl\u00eeba\u015f\u00ea ya bajaroka Bab\u00ea, li hember baregehek \u00e7etey\u00ean dagirker \u00e7alakiyek serdagirtin\u00ea hat lidar xistin. Di encama v\u00ea \u00e7alakiy\u00ea de 5 dagirker hatin ku\u015ftin, 3 dagirker j\u00ee br\u00eendar b\u00fbn. <br \/>Li roja 29\u00ea Tebax\u00ea, li Efr\u00een\u00ea di encama \u00e7alakiyek de 2 \u00e7ete bir\u00eendar b\u00fbn. Li heman roj\u00ea, li Ezaz\u00ea, li hember ser\u00e7eteyek Cephe El \u015eamiy\u00ea, \u00e7alakiyek sabotaj\u00ea hat lidar xistin. Di encama v\u00ea \u00e7alakiy\u00ea de ser\u00e7ete \u00fb \u00e7eteyek din hatin ku\u015ftin, 2 \u00e7ete j\u00ee bir\u00eendar b\u00fbn. Di v\u00ea \u00e7alakiy\u00ea de herwiha seyareyek hat ruxandin.<br \/>Li roja 30\u00ea Tebax\u00ea, li Efrin\u00ea, li taxa E\u015frefiy\u00ea, di encama \u00e7alakiyek de 2 \u00e7ete hatin ku\u015ftin, 4 \u00e7ete j\u00ee bir\u00eendar b\u00fbn. <br \/>Li roja 31\u00ea Tebax\u00ea, li gund\u00ea Hizwan\u00ea ya bajaroka Bab\u00ea, li hember baregehek art\u00ea\u015fa Tirk a dagirker \u00e7alakiyek hat lidar xistin. Di encama v\u00ea \u00e7alakiy\u00ea de 3 le\u015fker hatin ku\u015ftin, 5 le\u015fker j\u00ee br\u00eendar b\u00fbn. <br \/>Di van \u00e7alakiyan de bi gi\u015ft\u00ee, her\u00ee k\u00eam 3 j\u00ea le\u015fker\u00ean Tirk 12 dagirker hatin ku\u015ftin, 16 dagirker j\u00ee hatin bir\u00eendar kirin. <br \/>H\u00eaz\u00ean Rizgariya Efr\u00een\u00ea<br \/>02 \u00celon 2021<\/p>\r\n","protected":false},"excerpt":{"rendered":"<p>Ji \u00e7apemen\u00ee \u00fb raya gi\u015ft\u00ee reLi hember \u00eari\u015f\u00ean art\u00ea\u015fa Tirk a dagirker \u00fb \u00e7etey\u00ean w\u00ea, h\u00eaz\u00ean me di navbera roj\u00ean 27 \u00fb 31\u00ea Tebax\u00ea de, \u00e7alakiy\u00ean bibandor lidar xistin. Di v\u00ea \u00e7ar\u00e7ovey\u00ea de;Li roja 27\u00ea Tebax\u00ea, li derdora gund\u00ea Dagl\u00eeba\u015f\u00ea ya bajaroka Bab\u00ea, li hember baregehek \u00e7etey\u00ean dagirker \u00e7alakiyek serdagirtin\u00ea hat lidar xistin. Di encama &hellip;<\/p>\n","protected":false},"author":1,"featured_media":2295,"comment_status":"open","ping_status":"open","sticky":false,"template":"","format":"standard","meta":{"_jetpack_memberships_contains_paid_content":false,"footnotes":""},"categories":[24],"tags":[],"class_list":["post-2296","post","type-post","status-publish","format-standard","has-post-thumbnail","hentry","category-24"],"jetpack_featured_media_url":"https:\/\/hre-official.com\/wp-content\/uploads\/2023\/05\/IMG_20230528_204959_011.jpg","jetpack_sharing_enabled":true,"_links":{"self":[{"href":"https:\/\/hre-official.com\/index.php?rest_route=\/wp\/v2\/posts\/2296","targetHints":{"allow":["GET"]}}],"collection":[{"href":"https:\/\/hre-official.com\/index.php?rest_route=\/wp\/v2\/posts"}],"about":[{"href":"https:\/\/hre-official.com\/index.php?rest_route=\/wp\/v2\/types\/post"}],"author":[{"embeddable":true,"href":"https:\/\/hre-official.com\/index.php?rest_route=\/wp\/v2\/users\/1"}],"replies":[{"embeddable":true,"href":"https:\/\/hre-official.com\/index.php?rest_route=%2Fwp%2Fv2%2Fcomments&post=2296"}],"version-history":[{"count":0,"href":"https:\/\/hre-official.com\/index.php?rest_route=\/wp\/v2\/posts\/2296\/revisions"}],"wp:featuredmedia":[{"embeddable":true,"href":"https:\/\/hre-official.com\/index.php?rest_route=\/wp\/v2\/media\/2295"}],"wp:attachment":[{"href":"https:\/\/hre-official.com\/index.php?rest_route=%2Fwp%2Fv2%2Fmedia&parent=2296"}],"wp:term":[{"taxonomy":"category","embeddable":true,"href":"https:\/\/hre-official.com\/index.php?rest_route=%2Fwp%2Fv2%2Fcategories&post=2296"},{"taxonomy":"post_tag","embeddable":true,"href":"https:\/\/hre-official.com\/index.php?rest_route=%2Fwp%2Fv2%2Ftags&post=2296"}],"curies":[{"name":"wp","href":"https:\/\/api.w.org\/{rel}","templated":true}]}}