{"id":2293,"date":"2021-08-27T14:45:32","date_gmt":"2021-08-27T14:45:32","guid":{"rendered":"https:\/\/hre-official.com\/?p=2293"},"modified":"2023-05-29T15:25:39","modified_gmt":"2023-05-29T15:25:39","slug":"%d8%a7%d8%b3%d8%aa%d8%b4%d9%87%d8%a7%d8%af-%d8%a7%d8%ad%d8%af-%d8%b1%d9%81%d8%a7%d9%82%d9%86%d8%a7-%d8%a7%d9%84%d8%b4%d9%87%d9%8a%d8%af-%d8%b4%d9%8a%d8%a7%d8%b1-%d8%af%d9%8a%d9%86%d9%8a%d8%b2","status":"publish","type":"post","link":"https:\/\/hre-official.com\/?p=2293","title":{"rendered":"\u0627\u0633\u062a\u0634\u0647\u0627\u062f \u0627\u062d\u062f \u0631\u0641\u0627\u0642\u0646\u0627 \u0627\u0644\u0634\u0647\u064a\u062f \u0634\u064a\u0627\u0631 \u062f\u064a\u0646\u064a\u0632"},"content":{"rendered":"\r\n<p dir=\"ltr\">Em r\u00eaheval\u00ea xwe \u015eiyar Den\u00eez bi r\u00eazdar\u00ee bib\u00eer t\u00eenin<br \/>Ji \u00e7apemen\u00ee \u00fb raya gi\u015ft\u00ee re<br \/>R\u00eaheval\u00ea me \u015eiyar Den\u00eez di d\u00eeroka 25\u00ea Tebax\u00ea 2021 an de,\u00a0 li her\u00eama Efr\u00een\u00ea, dema li ser erka xwe b\u00fb gihi\u015ft \u015fehadet\u00ea.<br \/>Heval \u015eiyar, li Efr\u00een\u00ea di nav malbatek welatpar\u00eaz de ji dayik b\u00fb. Bi \u00e7anda welatpar\u00eaz\u00ee mezin b\u00fb \u00fb v\u00ea \u00e7and\u00ea di kesayeta xwe de zivirand h\u00eaza \u015fore\u015fgeriy\u00ea. R\u00eaheval \u015eiyar, dagirker\u00ee \u00fb qirkirina ku li ser welat\u00ea me \u00fb gel\u00ea me t\u00ea me\u015fandin ti car qebul nekir \u00fb di nav t\u00eako\u015f\u00eena me ya li hember dagirkeriy\u00ea de cih\u00ea xwe girt. Heta k\u00ealiya daw\u00ee erk\u00ean xwe bi berpirsiyartiyek mezin bi c\u00eeh an\u00ee \u00fb her tim ji bo r\u00eaheval\u00ean xwe b\u00fb \u00e7avkaniya h\u00eaz \u00fb baweriy\u00ea.<br \/>Nasnameya r\u00eaheval\u00ea me y\u00ea \u015feh\u00eed wiha ye;<br \/>Nasnav: \u015eiyar Den\u00eez<br \/>Nav \u00fb Pa\u015fnav: Xelil Hiso<br \/>Nav\u00ea dayik: Fer\u00eeda<br \/>Nav\u00ea bav: Murad<br \/>Cih \u00fb d\u00eeroka \u015fehadet\u00ea: Her\u00eama Efr\u00een | 25 Tebax 2021<br \/>Em di \u015fexs\u00ea heval \u015eiyar de tevah\u00ee \u015feh\u00eed\u00ean xwe y\u00ean leheng bi r\u00eazdar\u00ee bib\u00eer t\u00eenin. Ji malbata \u015feh\u00eed\u00ea xwe \u00fb ji gel\u00ea xwe re sersaxiy\u00ea dixwazin.<br \/>H\u00eaz\u00ean Rizgariya Efr\u00een\u00ea<br \/>27 Tebax 2021<\/p>\r\n","protected":false},"excerpt":{"rendered":"<p>Em r\u00eaheval\u00ea xwe \u015eiyar Den\u00eez bi r\u00eazdar\u00ee bib\u00eer t\u00eeninJi \u00e7apemen\u00ee \u00fb raya gi\u015ft\u00ee reR\u00eaheval\u00ea me \u015eiyar Den\u00eez di d\u00eeroka 25\u00ea Tebax\u00ea 2021 an de,\u00a0 li her\u00eama Efr\u00een\u00ea, dema li ser erka xwe b\u00fb gihi\u015ft \u015fehadet\u00ea.Heval \u015eiyar, li Efr\u00een\u00ea di nav malbatek welatpar\u00eaz de ji dayik b\u00fb. Bi \u00e7anda welatpar\u00eaz\u00ee mezin b\u00fb \u00fb v\u00ea \u00e7and\u00ea di &hellip;<\/p>\n","protected":false},"author":1,"featured_media":2292,"comment_status":"open","ping_status":"open","sticky":false,"template":"","format":"standard","meta":{"_jetpack_memberships_contains_paid_content":false,"footnotes":""},"categories":[26],"tags":[],"class_list":["post-2293","post","type-post","status-publish","format-standard","has-post-thumbnail","hentry","category-26"],"jetpack_featured_media_url":"https:\/\/hre-official.com\/wp-content\/uploads\/2023\/05\/IMG_20230528_204902_879.jpg","jetpack_sharing_enabled":true,"_links":{"self":[{"href":"https:\/\/hre-official.com\/index.php?rest_route=\/wp\/v2\/posts\/2293","targetHints":{"allow":["GET"]}}],"collection":[{"href":"https:\/\/hre-official.com\/index.php?rest_route=\/wp\/v2\/posts"}],"about":[{"href":"https:\/\/hre-official.com\/index.php?rest_route=\/wp\/v2\/types\/post"}],"author":[{"embeddable":true,"href":"https:\/\/hre-official.com\/index.php?rest_route=\/wp\/v2\/users\/1"}],"replies":[{"embeddable":true,"href":"https:\/\/hre-official.com\/index.php?rest_route=%2Fwp%2Fv2%2Fcomments&post=2293"}],"version-history":[{"count":0,"href":"https:\/\/hre-official.com\/index.php?rest_route=\/wp\/v2\/posts\/2293\/revisions"}],"wp:featuredmedia":[{"embeddable":true,"href":"https:\/\/hre-official.com\/index.php?rest_route=\/wp\/v2\/media\/2292"}],"wp:attachment":[{"href":"https:\/\/hre-official.com\/index.php?rest_route=%2Fwp%2Fv2%2Fmedia&parent=2293"}],"wp:term":[{"taxonomy":"category","embeddable":true,"href":"https:\/\/hre-official.com\/index.php?rest_route=%2Fwp%2Fv2%2Fcategories&post=2293"},{"taxonomy":"post_tag","embeddable":true,"href":"https:\/\/hre-official.com\/index.php?rest_route=%2Fwp%2Fv2%2Ftags&post=2293"}],"curies":[{"name":"wp","href":"https:\/\/api.w.org\/{rel}","templated":true}]}}